{"id":2580,"date":"2025-12-01T19:31:15","date_gmt":"2025-12-01T22:31:15","guid":{"rendered":"https:\/\/esquerra.com.ar\/voleibol\/?p=2580"},"modified":"2025-12-01T20:57:12","modified_gmt":"2025-12-01T23:57:12","slug":"mundialito-voley-esquerra-equipos-peru-paraguay-chile-argentina-ecuador","status":"publish","type":"post","link":"https:\/\/esquerra.com.ar\/voleibol\/mundialito-voley-esquerra-equipos-peru-paraguay-chile-argentina-ecuador\/","title":{"rendered":"El Mundialito de v\u00f3ley Esquerra se cerr\u00f3 con coronaciones de equipos de Per\u00fa, Paraguay, Chile y Argentina"},"content":{"rendered":"\n<p>Con las consagraciones de equipos de Per\u00fa, Paraguay y Chile, el doblete de Centro Asturiano de Vicente L\u00f3pez, una corona que viaj\u00f3 a Santa Cruz y dos t\u00edtulos de equipos cordobeses, este domingo 30 de noviembre se cerr\u00f3 una inolvidable edici\u00f3n del Mundialito de v\u00f3ley Esquerra de categor\u00edas formativas, realizado en la ciudad de C\u00f3rdoba.<\/p>\n\n\n\n<blockquote class=\"wp-block-quote is-layout-flow wp-block-quote-is-layout-flow\">\n<p>La edici\u00f3n 2025, organizada por la agencia Esquerra, moviliz\u00f3 a unas 1.500 personas entre jugadoras, jugadores, entrenadores, cuerpos t\u00e9cnicos, delegados, familias y el numeroso staff afectado al operativo.<\/p>\n<\/blockquote>\n\n\n\n<figure class=\"wp-block-image size-large\"><img fetchpriority=\"high\" decoding=\"async\" width=\"1024\" height=\"682\" src=\"https:\/\/esquerra.com.ar\/voleibol\/wp-content\/uploads\/2025\/12\/Rebaza-Azul-vs-Independencia-Star-FINAL-U12F-Oro-62-1024x682.jpeg\" alt=\"\" class=\"wp-image-2592\" srcset=\"https:\/\/esquerra.com.ar\/voleibol\/wp-content\/uploads\/2025\/12\/Rebaza-Azul-vs-Independencia-Star-FINAL-U12F-Oro-62-1024x682.jpeg 1024w, https:\/\/esquerra.com.ar\/voleibol\/wp-content\/uploads\/2025\/12\/Rebaza-Azul-vs-Independencia-Star-FINAL-U12F-Oro-62-300x200.jpeg 300w, https:\/\/esquerra.com.ar\/voleibol\/wp-content\/uploads\/2025\/12\/Rebaza-Azul-vs-Independencia-Star-FINAL-U12F-Oro-62-768x512.jpeg 768w, https:\/\/esquerra.com.ar\/voleibol\/wp-content\/uploads\/2025\/12\/Rebaza-Azul-vs-Independencia-Star-FINAL-U12F-Oro-62-128x85.jpeg 128w, https:\/\/esquerra.com.ar\/voleibol\/wp-content\/uploads\/2025\/12\/Rebaza-Azul-vs-Independencia-Star-FINAL-U12F-Oro-62-32x21.jpeg 32w, https:\/\/esquerra.com.ar\/voleibol\/wp-content\/uploads\/2025\/12\/Rebaza-Azul-vs-Independencia-Star-FINAL-U12F-Oro-62-930x620.jpeg 930w, https:\/\/esquerra.com.ar\/voleibol\/wp-content\/uploads\/2025\/12\/Rebaza-Azul-vs-Independencia-Star-FINAL-U12F-Oro-62.jpeg 1280w\" sizes=\"(max-width: 1024px) 100vw, 1024px\" \/><\/figure>\n\n\n\n<blockquote class=\"wp-block-quote is-layout-flow wp-block-quote-is-layout-flow\">\n<p>Durante el Mundialito se programaron 170 partidos de 8 categor\u00edas en 11 canchas de 6 clubes, lo que gener\u00f3 un espectacular movimiento en toda la ciudad de C\u00f3rdoba y dej\u00f3 una huella imborrable para todas y todos los participantes.<\/p>\n<\/blockquote>\n\n\n\n<p><\/p>\n\n\n\n<p style=\"font-size:20px\"><strong>LOS CAMPEONES INTERNACIONALES<\/strong><\/p>\n\n\n\n<p>Rebaza Acosta Azul, proveniente de Callao, Per\u00fa, se coron\u00f3 campe\u00f3n de la categor\u00eda U12 femenina. Las peruanas superaron en la fase de grupos a Independencia Star (Formosa, Argentina), Lihuen (Caleta Olivia, Argentina) y Banco Naci\u00f3n (C\u00f3rdoba, Argentina), en todos los casos por 2-0.<\/p>\n\n\n\n<figure class=\"wp-block-image size-large\"><img decoding=\"async\" width=\"1024\" height=\"682\" data-src=\"https:\/\/esquerra.com.ar\/voleibol\/wp-content\/uploads\/2025\/12\/Rebaza-Azul-vs-Independencia-Star-FINAL-U12F-Oro-72-1024x682.jpeg\" alt=\"\" class=\"wp-image-2590 lazyload\" data-srcset=\"https:\/\/esquerra.com.ar\/voleibol\/wp-content\/uploads\/2025\/12\/Rebaza-Azul-vs-Independencia-Star-FINAL-U12F-Oro-72-1024x682.jpeg 1024w, https:\/\/esquerra.com.ar\/voleibol\/wp-content\/uploads\/2025\/12\/Rebaza-Azul-vs-Independencia-Star-FINAL-U12F-Oro-72-300x200.jpeg 300w, https:\/\/esquerra.com.ar\/voleibol\/wp-content\/uploads\/2025\/12\/Rebaza-Azul-vs-Independencia-Star-FINAL-U12F-Oro-72-768x512.jpeg 768w, https:\/\/esquerra.com.ar\/voleibol\/wp-content\/uploads\/2025\/12\/Rebaza-Azul-vs-Independencia-Star-FINAL-U12F-Oro-72-128x85.jpeg 128w, https:\/\/esquerra.com.ar\/voleibol\/wp-content\/uploads\/2025\/12\/Rebaza-Azul-vs-Independencia-Star-FINAL-U12F-Oro-72-32x21.jpeg 32w, https:\/\/esquerra.com.ar\/voleibol\/wp-content\/uploads\/2025\/12\/Rebaza-Azul-vs-Independencia-Star-FINAL-U12F-Oro-72-930x620.jpeg 930w, https:\/\/esquerra.com.ar\/voleibol\/wp-content\/uploads\/2025\/12\/Rebaza-Azul-vs-Independencia-Star-FINAL-U12F-Oro-72.jpeg 1280w\" data-sizes=\"(max-width: 1024px) 100vw, 1024px\" src=\"data:image\/gif;base64,R0lGODlhAQABAAAAACH5BAEKAAEALAAAAAABAAEAAAICTAEAOw==\" style=\"--smush-placeholder-width: 1024px; --smush-placeholder-aspect-ratio: 1024\/682;\" \/><noscript><img decoding=\"async\" width=\"1024\" height=\"682\" src=\"https:\/\/esquerra.com.ar\/voleibol\/wp-content\/uploads\/2025\/12\/Rebaza-Azul-vs-Independencia-Star-FINAL-U12F-Oro-72-1024x682.jpeg\" alt=\"\" class=\"wp-image-2590\" srcset=\"https:\/\/esquerra.com.ar\/voleibol\/wp-content\/uploads\/2025\/12\/Rebaza-Azul-vs-Independencia-Star-FINAL-U12F-Oro-72-1024x682.jpeg 1024w, https:\/\/esquerra.com.ar\/voleibol\/wp-content\/uploads\/2025\/12\/Rebaza-Azul-vs-Independencia-Star-FINAL-U12F-Oro-72-300x200.jpeg 300w, https:\/\/esquerra.com.ar\/voleibol\/wp-content\/uploads\/2025\/12\/Rebaza-Azul-vs-Independencia-Star-FINAL-U12F-Oro-72-768x512.jpeg 768w, https:\/\/esquerra.com.ar\/voleibol\/wp-content\/uploads\/2025\/12\/Rebaza-Azul-vs-Independencia-Star-FINAL-U12F-Oro-72-128x85.jpeg 128w, https:\/\/esquerra.com.ar\/voleibol\/wp-content\/uploads\/2025\/12\/Rebaza-Azul-vs-Independencia-Star-FINAL-U12F-Oro-72-32x21.jpeg 32w, https:\/\/esquerra.com.ar\/voleibol\/wp-content\/uploads\/2025\/12\/Rebaza-Azul-vs-Independencia-Star-FINAL-U12F-Oro-72-930x620.jpeg 930w, https:\/\/esquerra.com.ar\/voleibol\/wp-content\/uploads\/2025\/12\/Rebaza-Azul-vs-Independencia-Star-FINAL-U12F-Oro-72.jpeg 1280w\" sizes=\"(max-width: 1024px) 100vw, 1024px\" \/><\/noscript><\/figure>\n\n\n\n<p>En semifinales, el equipo azul de Rebaza Acosta \u2013tambi\u00e9n compiti\u00f3 su equipo amarillo- le gan\u00f3 a Colegio Americano (Guayaquil, Ecuador) en sets corridos y en la final volvi\u00f3 a cruzarse con Independencia Star (Formosa, Argentina), para conseguir la victoria que le dio el t\u00edtulo con un claro 2 a 0: 25-10 y 25-14.<\/p>\n\n\n\n<p>Por su parte, Murano, de Santiago, Chile, domin\u00f3 la categor\u00eda U14 masculina y fue campe\u00f3n invicto. En la fase de grupos venci\u00f3 de manera sucesiva, siempre 2-0, a Juniors (C\u00f3rdoba, Argentina), Nuestra Se\u00f1ora del Huerto (Quillota, Chile) Polideportivo Carlos Paz (Carlos Paz, Argentina).<\/p>\n\n\n\n<figure class=\"wp-block-image size-large\"><img decoding=\"async\" width=\"1024\" height=\"684\" data-src=\"https:\/\/esquerra.com.ar\/voleibol\/wp-content\/uploads\/2025\/12\/Murano-vs-CEBNAC-U14M-Triangular-ORO-29-1024x684.jpeg\" alt=\"\" class=\"wp-image-2589 lazyload\" data-srcset=\"https:\/\/esquerra.com.ar\/voleibol\/wp-content\/uploads\/2025\/12\/Murano-vs-CEBNAC-U14M-Triangular-ORO-29-1024x684.jpeg 1024w, https:\/\/esquerra.com.ar\/voleibol\/wp-content\/uploads\/2025\/12\/Murano-vs-CEBNAC-U14M-Triangular-ORO-29-300x200.jpeg 300w, https:\/\/esquerra.com.ar\/voleibol\/wp-content\/uploads\/2025\/12\/Murano-vs-CEBNAC-U14M-Triangular-ORO-29-768x513.jpeg 768w, https:\/\/esquerra.com.ar\/voleibol\/wp-content\/uploads\/2025\/12\/Murano-vs-CEBNAC-U14M-Triangular-ORO-29-128x86.jpeg 128w, https:\/\/esquerra.com.ar\/voleibol\/wp-content\/uploads\/2025\/12\/Murano-vs-CEBNAC-U14M-Triangular-ORO-29-32x21.jpeg 32w, https:\/\/esquerra.com.ar\/voleibol\/wp-content\/uploads\/2025\/12\/Murano-vs-CEBNAC-U14M-Triangular-ORO-29-930x620.jpeg 930w, https:\/\/esquerra.com.ar\/voleibol\/wp-content\/uploads\/2025\/12\/Murano-vs-CEBNAC-U14M-Triangular-ORO-29.jpeg 1280w\" data-sizes=\"(max-width: 1024px) 100vw, 1024px\" src=\"data:image\/gif;base64,R0lGODlhAQABAAAAACH5BAEKAAEALAAAAAABAAEAAAICTAEAOw==\" style=\"--smush-placeholder-width: 1024px; --smush-placeholder-aspect-ratio: 1024\/684;\" \/><noscript><img decoding=\"async\" width=\"1024\" height=\"684\" src=\"https:\/\/esquerra.com.ar\/voleibol\/wp-content\/uploads\/2025\/12\/Murano-vs-CEBNAC-U14M-Triangular-ORO-29-1024x684.jpeg\" alt=\"\" class=\"wp-image-2589\" srcset=\"https:\/\/esquerra.com.ar\/voleibol\/wp-content\/uploads\/2025\/12\/Murano-vs-CEBNAC-U14M-Triangular-ORO-29-1024x684.jpeg 1024w, https:\/\/esquerra.com.ar\/voleibol\/wp-content\/uploads\/2025\/12\/Murano-vs-CEBNAC-U14M-Triangular-ORO-29-300x200.jpeg 300w, https:\/\/esquerra.com.ar\/voleibol\/wp-content\/uploads\/2025\/12\/Murano-vs-CEBNAC-U14M-Triangular-ORO-29-768x513.jpeg 768w, https:\/\/esquerra.com.ar\/voleibol\/wp-content\/uploads\/2025\/12\/Murano-vs-CEBNAC-U14M-Triangular-ORO-29-128x86.jpeg 128w, https:\/\/esquerra.com.ar\/voleibol\/wp-content\/uploads\/2025\/12\/Murano-vs-CEBNAC-U14M-Triangular-ORO-29-32x21.jpeg 32w, https:\/\/esquerra.com.ar\/voleibol\/wp-content\/uploads\/2025\/12\/Murano-vs-CEBNAC-U14M-Triangular-ORO-29-930x620.jpeg 930w, https:\/\/esquerra.com.ar\/voleibol\/wp-content\/uploads\/2025\/12\/Murano-vs-CEBNAC-U14M-Triangular-ORO-29.jpeg 1280w\" sizes=\"(max-width: 1024px) 100vw, 1024px\" \/><\/noscript><\/figure>\n\n\n\n<p>De ese modo, el equipo trasandino se qued\u00f3 s\u00f3lidamente con el n\u00famero uno de la tabla general de seis equipos y se clasific\u00f3 para el triangular de la Copa de Oro.<\/p>\n\n\n\n<p>En el triangular volvi\u00f3 a brillar, con victorias 2-0 sobre Polideportivo Carlos Paz (Carlos Paz, Argentina) y Banco Naci\u00f3n (C\u00f3rdoba, Argentina), para adue\u00f1arse merecidamente del t\u00edtulo.<\/p>\n\n\n\n<p>Por \u00faltimo, Alfebracross, de Asunci\u00f3n, Paraguay, se llev\u00f3 el t\u00edtulo de la categor\u00eda U18 femenina con un esforzado camino, ya que super\u00f3 el tropiezo en el debut frente a Poeta Lugones (C\u00f3rdoba, Argentina), con el que cay\u00f3 0-2, para luego vencer a Parque Central (Neuqu\u00e9n, Argentina) y Petroleros (Caleta Olivia, Argentina) en sets corridos y, de ese modo, pasar a jugar la Copa de Oro.<\/p>\n\n\n\n<figure class=\"wp-block-image size-large\"><img loading=\"lazy\" decoding=\"async\" width=\"1024\" height=\"682\" data-src=\"https:\/\/esquerra.com.ar\/voleibol\/wp-content\/uploads\/2025\/12\/Alfebracross-vs-Poeta-FINAL-U18F-Oro-7-1024x682.jpeg\" alt=\"\" class=\"wp-image-2588 lazyload\" data-srcset=\"https:\/\/esquerra.com.ar\/voleibol\/wp-content\/uploads\/2025\/12\/Alfebracross-vs-Poeta-FINAL-U18F-Oro-7-1024x682.jpeg 1024w, https:\/\/esquerra.com.ar\/voleibol\/wp-content\/uploads\/2025\/12\/Alfebracross-vs-Poeta-FINAL-U18F-Oro-7-300x200.jpeg 300w, https:\/\/esquerra.com.ar\/voleibol\/wp-content\/uploads\/2025\/12\/Alfebracross-vs-Poeta-FINAL-U18F-Oro-7-768x512.jpeg 768w, https:\/\/esquerra.com.ar\/voleibol\/wp-content\/uploads\/2025\/12\/Alfebracross-vs-Poeta-FINAL-U18F-Oro-7-128x85.jpeg 128w, https:\/\/esquerra.com.ar\/voleibol\/wp-content\/uploads\/2025\/12\/Alfebracross-vs-Poeta-FINAL-U18F-Oro-7-32x21.jpeg 32w, https:\/\/esquerra.com.ar\/voleibol\/wp-content\/uploads\/2025\/12\/Alfebracross-vs-Poeta-FINAL-U18F-Oro-7-930x620.jpeg 930w, https:\/\/esquerra.com.ar\/voleibol\/wp-content\/uploads\/2025\/12\/Alfebracross-vs-Poeta-FINAL-U18F-Oro-7.jpeg 1280w\" data-sizes=\"(max-width: 1024px) 100vw, 1024px\" src=\"data:image\/gif;base64,R0lGODlhAQABAAAAACH5BAEKAAEALAAAAAABAAEAAAICTAEAOw==\" style=\"--smush-placeholder-width: 1024px; --smush-placeholder-aspect-ratio: 1024\/682;\" \/><noscript><img loading=\"lazy\" decoding=\"async\" width=\"1024\" height=\"682\" src=\"https:\/\/esquerra.com.ar\/voleibol\/wp-content\/uploads\/2025\/12\/Alfebracross-vs-Poeta-FINAL-U18F-Oro-7-1024x682.jpeg\" alt=\"\" class=\"wp-image-2588\" srcset=\"https:\/\/esquerra.com.ar\/voleibol\/wp-content\/uploads\/2025\/12\/Alfebracross-vs-Poeta-FINAL-U18F-Oro-7-1024x682.jpeg 1024w, https:\/\/esquerra.com.ar\/voleibol\/wp-content\/uploads\/2025\/12\/Alfebracross-vs-Poeta-FINAL-U18F-Oro-7-300x200.jpeg 300w, https:\/\/esquerra.com.ar\/voleibol\/wp-content\/uploads\/2025\/12\/Alfebracross-vs-Poeta-FINAL-U18F-Oro-7-768x512.jpeg 768w, https:\/\/esquerra.com.ar\/voleibol\/wp-content\/uploads\/2025\/12\/Alfebracross-vs-Poeta-FINAL-U18F-Oro-7-128x85.jpeg 128w, https:\/\/esquerra.com.ar\/voleibol\/wp-content\/uploads\/2025\/12\/Alfebracross-vs-Poeta-FINAL-U18F-Oro-7-32x21.jpeg 32w, https:\/\/esquerra.com.ar\/voleibol\/wp-content\/uploads\/2025\/12\/Alfebracross-vs-Poeta-FINAL-U18F-Oro-7-930x620.jpeg 930w, https:\/\/esquerra.com.ar\/voleibol\/wp-content\/uploads\/2025\/12\/Alfebracross-vs-Poeta-FINAL-U18F-Oro-7.jpeg 1280w\" sizes=\"(max-width: 1024px) 100vw, 1024px\" \/><\/noscript><\/figure>\n\n\n\n<p>Como segundo de su grupo, el equipo guaran\u00ed se cruz\u00f3 con Racing (C\u00f3rdoba, Argentina) en semifinales y dio vuelta un primer set adverso, para finalmente ganar 2 a 1, con parciales 14-25, 25-19 y 15-11.<\/p>\n\n\n\n<p>En la final, las paraguayas se tomaron revancha de lo sucedido en la apertura del torneo y le ganaron a Poeta Lugones (C\u00f3rdoba, Argentina) con un apretad\u00edsimo 2 a 1, con parciales 25-18, 16-25 y 15-13.<\/p>\n\n\n\n<p><\/p>\n\n\n\n<p style=\"font-size:20px\"><strong>ASTURIANO, EL \u00daNICO CON DOS CORONAS<\/strong><\/p>\n\n\n\n<p>En la U16 femenina, la categor\u00eda m\u00e1s numerosa, con 16 equipos, Centro Asturiano \u201cA\u201d se coron\u00f3 campe\u00f3n invicto. El equipo de Vicente L\u00f3pez, en provincia de Buenos Aires, venci\u00f3 en fase regular sucesivamente a Denham School (San Bernardo, Chile), Mamba \u201cA\u201d (Lima, Per\u00fa) y San Mart\u00edn (Marcos Ju\u00e1rez, Argentina), en todos los casos 2-0.<\/p>\n\n\n\n<figure class=\"wp-block-image size-large\"><img loading=\"lazy\" decoding=\"async\" width=\"1024\" height=\"682\" data-src=\"https:\/\/esquerra.com.ar\/voleibol\/wp-content\/uploads\/2025\/12\/Asturiano-vs-Poeta-FINAL-U16F-Oro-37-1024x682.jpeg\" alt=\"\" class=\"wp-image-2587 lazyload\" data-srcset=\"https:\/\/esquerra.com.ar\/voleibol\/wp-content\/uploads\/2025\/12\/Asturiano-vs-Poeta-FINAL-U16F-Oro-37-1024x682.jpeg 1024w, https:\/\/esquerra.com.ar\/voleibol\/wp-content\/uploads\/2025\/12\/Asturiano-vs-Poeta-FINAL-U16F-Oro-37-300x200.jpeg 300w, https:\/\/esquerra.com.ar\/voleibol\/wp-content\/uploads\/2025\/12\/Asturiano-vs-Poeta-FINAL-U16F-Oro-37-768x512.jpeg 768w, https:\/\/esquerra.com.ar\/voleibol\/wp-content\/uploads\/2025\/12\/Asturiano-vs-Poeta-FINAL-U16F-Oro-37-128x85.jpeg 128w, https:\/\/esquerra.com.ar\/voleibol\/wp-content\/uploads\/2025\/12\/Asturiano-vs-Poeta-FINAL-U16F-Oro-37-32x21.jpeg 32w, https:\/\/esquerra.com.ar\/voleibol\/wp-content\/uploads\/2025\/12\/Asturiano-vs-Poeta-FINAL-U16F-Oro-37-930x620.jpeg 930w, https:\/\/esquerra.com.ar\/voleibol\/wp-content\/uploads\/2025\/12\/Asturiano-vs-Poeta-FINAL-U16F-Oro-37.jpeg 1280w\" data-sizes=\"(max-width: 1024px) 100vw, 1024px\" src=\"data:image\/gif;base64,R0lGODlhAQABAAAAACH5BAEKAAEALAAAAAABAAEAAAICTAEAOw==\" style=\"--smush-placeholder-width: 1024px; --smush-placeholder-aspect-ratio: 1024\/682;\" \/><noscript><img loading=\"lazy\" decoding=\"async\" width=\"1024\" height=\"682\" src=\"https:\/\/esquerra.com.ar\/voleibol\/wp-content\/uploads\/2025\/12\/Asturiano-vs-Poeta-FINAL-U16F-Oro-37-1024x682.jpeg\" alt=\"\" class=\"wp-image-2587\" srcset=\"https:\/\/esquerra.com.ar\/voleibol\/wp-content\/uploads\/2025\/12\/Asturiano-vs-Poeta-FINAL-U16F-Oro-37-1024x682.jpeg 1024w, https:\/\/esquerra.com.ar\/voleibol\/wp-content\/uploads\/2025\/12\/Asturiano-vs-Poeta-FINAL-U16F-Oro-37-300x200.jpeg 300w, https:\/\/esquerra.com.ar\/voleibol\/wp-content\/uploads\/2025\/12\/Asturiano-vs-Poeta-FINAL-U16F-Oro-37-768x512.jpeg 768w, https:\/\/esquerra.com.ar\/voleibol\/wp-content\/uploads\/2025\/12\/Asturiano-vs-Poeta-FINAL-U16F-Oro-37-128x85.jpeg 128w, https:\/\/esquerra.com.ar\/voleibol\/wp-content\/uploads\/2025\/12\/Asturiano-vs-Poeta-FINAL-U16F-Oro-37-32x21.jpeg 32w, https:\/\/esquerra.com.ar\/voleibol\/wp-content\/uploads\/2025\/12\/Asturiano-vs-Poeta-FINAL-U16F-Oro-37-930x620.jpeg 930w, https:\/\/esquerra.com.ar\/voleibol\/wp-content\/uploads\/2025\/12\/Asturiano-vs-Poeta-FINAL-U16F-Oro-37.jpeg 1280w\" sizes=\"(max-width: 1024px) 100vw, 1024px\" \/><\/noscript><\/figure>\n\n\n\n<p>En su ruta ganadora, en la que no cedi\u00f3 ni un set, las bonaerenses le ganaron su cruce de semifinales a Juniors (C\u00f3rdoba, Argentina) y se coronaron campeonas al derrotar en la final\u00edsima a Poeta Lugones (C\u00f3rdoba, Argentina) con un amplio 25-7 y 25-19.<\/p>\n\n\n\n<p>Por su parte, en la categor\u00eda U18 masculina los bonaerenses tambi\u00e9n marcaron un dominio absoluto. En la fase regular vencieron con gran amplitud a San Mart\u00edn (Marcos Ju\u00e1rez, Argentina) y Agraria (Colonia Caroya, Argentina), en tanto que le ganaron los puntos a Defensores (Fr\u00edas, Argentina) por no presentaci\u00f3n.<\/p>\n\n\n\n<figure class=\"wp-block-image size-large\"><img loading=\"lazy\" decoding=\"async\" width=\"1024\" height=\"683\" data-src=\"https:\/\/esquerra.com.ar\/voleibol\/wp-content\/uploads\/2025\/12\/Asturiano-vs-CEBNAC-FINAL-U18M-Oro-37-1024x683.jpeg\" alt=\"\" class=\"wp-image-2586 lazyload\" data-srcset=\"https:\/\/esquerra.com.ar\/voleibol\/wp-content\/uploads\/2025\/12\/Asturiano-vs-CEBNAC-FINAL-U18M-Oro-37-1024x683.jpeg 1024w, https:\/\/esquerra.com.ar\/voleibol\/wp-content\/uploads\/2025\/12\/Asturiano-vs-CEBNAC-FINAL-U18M-Oro-37-300x200.jpeg 300w, https:\/\/esquerra.com.ar\/voleibol\/wp-content\/uploads\/2025\/12\/Asturiano-vs-CEBNAC-FINAL-U18M-Oro-37-768x512.jpeg 768w, https:\/\/esquerra.com.ar\/voleibol\/wp-content\/uploads\/2025\/12\/Asturiano-vs-CEBNAC-FINAL-U18M-Oro-37-1536x1024.jpeg 1536w, https:\/\/esquerra.com.ar\/voleibol\/wp-content\/uploads\/2025\/12\/Asturiano-vs-CEBNAC-FINAL-U18M-Oro-37-128x85.jpeg 128w, https:\/\/esquerra.com.ar\/voleibol\/wp-content\/uploads\/2025\/12\/Asturiano-vs-CEBNAC-FINAL-U18M-Oro-37-32x21.jpeg 32w, https:\/\/esquerra.com.ar\/voleibol\/wp-content\/uploads\/2025\/12\/Asturiano-vs-CEBNAC-FINAL-U18M-Oro-37-930x620.jpeg 930w, https:\/\/esquerra.com.ar\/voleibol\/wp-content\/uploads\/2025\/12\/Asturiano-vs-CEBNAC-FINAL-U18M-Oro-37.jpeg 1599w\" data-sizes=\"(max-width: 1024px) 100vw, 1024px\" src=\"data:image\/gif;base64,R0lGODlhAQABAAAAACH5BAEKAAEALAAAAAABAAEAAAICTAEAOw==\" style=\"--smush-placeholder-width: 1024px; --smush-placeholder-aspect-ratio: 1024\/683;\" \/><noscript><img loading=\"lazy\" decoding=\"async\" width=\"1024\" height=\"683\" src=\"https:\/\/esquerra.com.ar\/voleibol\/wp-content\/uploads\/2025\/12\/Asturiano-vs-CEBNAC-FINAL-U18M-Oro-37-1024x683.jpeg\" alt=\"\" class=\"wp-image-2586\" srcset=\"https:\/\/esquerra.com.ar\/voleibol\/wp-content\/uploads\/2025\/12\/Asturiano-vs-CEBNAC-FINAL-U18M-Oro-37-1024x683.jpeg 1024w, https:\/\/esquerra.com.ar\/voleibol\/wp-content\/uploads\/2025\/12\/Asturiano-vs-CEBNAC-FINAL-U18M-Oro-37-300x200.jpeg 300w, https:\/\/esquerra.com.ar\/voleibol\/wp-content\/uploads\/2025\/12\/Asturiano-vs-CEBNAC-FINAL-U18M-Oro-37-768x512.jpeg 768w, https:\/\/esquerra.com.ar\/voleibol\/wp-content\/uploads\/2025\/12\/Asturiano-vs-CEBNAC-FINAL-U18M-Oro-37-1536x1024.jpeg 1536w, https:\/\/esquerra.com.ar\/voleibol\/wp-content\/uploads\/2025\/12\/Asturiano-vs-CEBNAC-FINAL-U18M-Oro-37-128x85.jpeg 128w, https:\/\/esquerra.com.ar\/voleibol\/wp-content\/uploads\/2025\/12\/Asturiano-vs-CEBNAC-FINAL-U18M-Oro-37-32x21.jpeg 32w, https:\/\/esquerra.com.ar\/voleibol\/wp-content\/uploads\/2025\/12\/Asturiano-vs-CEBNAC-FINAL-U18M-Oro-37-930x620.jpeg 930w, https:\/\/esquerra.com.ar\/voleibol\/wp-content\/uploads\/2025\/12\/Asturiano-vs-CEBNAC-FINAL-U18M-Oro-37.jpeg 1599w\" sizes=\"(max-width: 1024px) 100vw, 1024px\" \/><\/noscript><\/figure>\n\n\n\n<p>Como primeros e invictos de su grupo, se cruzaron en semifinales con Las Flores (C\u00f3rdoba, Argentina), al que derrotaron 2 a 0 con parciales 25-22 y 25-14, y en la final se impusieron sobre Banco Naci\u00f3n (C\u00f3rdoba, Argentina), tambi\u00e9n 2 a 0, con parciales 25-19 y 25-21.<\/p>\n\n\n\n<p><\/p>\n\n\n\n<p style=\"font-size:20px\"><strong>LIHUEN, LA CALERA Y BANCO NACI\u00d3N, LOS OTROS CAMPEONES<\/strong><\/p>\n\n\n\n<figure class=\"wp-block-image size-large\"><img loading=\"lazy\" decoding=\"async\" width=\"1024\" height=\"683\" data-src=\"https:\/\/esquerra.com.ar\/voleibol\/wp-content\/uploads\/2025\/12\/Lihuen-vs-PCP-FINAL-U12M-Oro-38-1024x683.jpeg\" alt=\"\" class=\"wp-image-2584 lazyload\" data-srcset=\"https:\/\/esquerra.com.ar\/voleibol\/wp-content\/uploads\/2025\/12\/Lihuen-vs-PCP-FINAL-U12M-Oro-38-1024x683.jpeg 1024w, https:\/\/esquerra.com.ar\/voleibol\/wp-content\/uploads\/2025\/12\/Lihuen-vs-PCP-FINAL-U12M-Oro-38-300x200.jpeg 300w, https:\/\/esquerra.com.ar\/voleibol\/wp-content\/uploads\/2025\/12\/Lihuen-vs-PCP-FINAL-U12M-Oro-38-768x512.jpeg 768w, https:\/\/esquerra.com.ar\/voleibol\/wp-content\/uploads\/2025\/12\/Lihuen-vs-PCP-FINAL-U12M-Oro-38-128x85.jpeg 128w, https:\/\/esquerra.com.ar\/voleibol\/wp-content\/uploads\/2025\/12\/Lihuen-vs-PCP-FINAL-U12M-Oro-38-32x21.jpeg 32w, https:\/\/esquerra.com.ar\/voleibol\/wp-content\/uploads\/2025\/12\/Lihuen-vs-PCP-FINAL-U12M-Oro-38-930x620.jpeg 930w, https:\/\/esquerra.com.ar\/voleibol\/wp-content\/uploads\/2025\/12\/Lihuen-vs-PCP-FINAL-U12M-Oro-38.jpeg 1280w\" data-sizes=\"(max-width: 1024px) 100vw, 1024px\" src=\"data:image\/gif;base64,R0lGODlhAQABAAAAACH5BAEKAAEALAAAAAABAAEAAAICTAEAOw==\" style=\"--smush-placeholder-width: 1024px; --smush-placeholder-aspect-ratio: 1024\/683;\" \/><noscript><img loading=\"lazy\" decoding=\"async\" width=\"1024\" height=\"683\" src=\"https:\/\/esquerra.com.ar\/voleibol\/wp-content\/uploads\/2025\/12\/Lihuen-vs-PCP-FINAL-U12M-Oro-38-1024x683.jpeg\" alt=\"\" class=\"wp-image-2584\" srcset=\"https:\/\/esquerra.com.ar\/voleibol\/wp-content\/uploads\/2025\/12\/Lihuen-vs-PCP-FINAL-U12M-Oro-38-1024x683.jpeg 1024w, https:\/\/esquerra.com.ar\/voleibol\/wp-content\/uploads\/2025\/12\/Lihuen-vs-PCP-FINAL-U12M-Oro-38-300x200.jpeg 300w, https:\/\/esquerra.com.ar\/voleibol\/wp-content\/uploads\/2025\/12\/Lihuen-vs-PCP-FINAL-U12M-Oro-38-768x512.jpeg 768w, https:\/\/esquerra.com.ar\/voleibol\/wp-content\/uploads\/2025\/12\/Lihuen-vs-PCP-FINAL-U12M-Oro-38-128x85.jpeg 128w, https:\/\/esquerra.com.ar\/voleibol\/wp-content\/uploads\/2025\/12\/Lihuen-vs-PCP-FINAL-U12M-Oro-38-32x21.jpeg 32w, https:\/\/esquerra.com.ar\/voleibol\/wp-content\/uploads\/2025\/12\/Lihuen-vs-PCP-FINAL-U12M-Oro-38-930x620.jpeg 930w, https:\/\/esquerra.com.ar\/voleibol\/wp-content\/uploads\/2025\/12\/Lihuen-vs-PCP-FINAL-U12M-Oro-38.jpeg 1280w\" sizes=\"(max-width: 1024px) 100vw, 1024px\" \/><\/noscript><\/figure>\n\n\n\n<p>Municipal Lihuen, de Caleta Olivia, fue el campe\u00f3n m\u00e1s austral, ya que la Copa de Oro de la categor\u00eda U12 masculina viaj\u00f3 hacia Santa Cruz.<\/p>\n\n\n\n<p>El equipo santacruce\u00f1o gan\u00f3 la fase regular, luego de imponerse sucesivamente sobre equipos de la provincia de C\u00f3rdoba: Banco Naci\u00f3n (2-0), Polideportivo Carlos Paz (2-1) y Las Flores (2-0).<\/p>\n\n\n\n<figure class=\"wp-block-image size-large\"><img loading=\"lazy\" decoding=\"async\" width=\"1024\" height=\"683\" data-src=\"https:\/\/esquerra.com.ar\/voleibol\/wp-content\/uploads\/2025\/12\/Lihuen-vs-PCP-FINAL-U12M-Oro-46-1024x683.jpeg\" alt=\"\" class=\"wp-image-2585 lazyload\" data-srcset=\"https:\/\/esquerra.com.ar\/voleibol\/wp-content\/uploads\/2025\/12\/Lihuen-vs-PCP-FINAL-U12M-Oro-46-1024x683.jpeg 1024w, https:\/\/esquerra.com.ar\/voleibol\/wp-content\/uploads\/2025\/12\/Lihuen-vs-PCP-FINAL-U12M-Oro-46-300x200.jpeg 300w, https:\/\/esquerra.com.ar\/voleibol\/wp-content\/uploads\/2025\/12\/Lihuen-vs-PCP-FINAL-U12M-Oro-46-768x512.jpeg 768w, https:\/\/esquerra.com.ar\/voleibol\/wp-content\/uploads\/2025\/12\/Lihuen-vs-PCP-FINAL-U12M-Oro-46-128x85.jpeg 128w, https:\/\/esquerra.com.ar\/voleibol\/wp-content\/uploads\/2025\/12\/Lihuen-vs-PCP-FINAL-U12M-Oro-46-32x21.jpeg 32w, https:\/\/esquerra.com.ar\/voleibol\/wp-content\/uploads\/2025\/12\/Lihuen-vs-PCP-FINAL-U12M-Oro-46-930x620.jpeg 930w, https:\/\/esquerra.com.ar\/voleibol\/wp-content\/uploads\/2025\/12\/Lihuen-vs-PCP-FINAL-U12M-Oro-46.jpeg 1280w\" data-sizes=\"(max-width: 1024px) 100vw, 1024px\" src=\"data:image\/gif;base64,R0lGODlhAQABAAAAACH5BAEKAAEALAAAAAABAAEAAAICTAEAOw==\" style=\"--smush-placeholder-width: 1024px; --smush-placeholder-aspect-ratio: 1024\/683;\" \/><noscript><img loading=\"lazy\" decoding=\"async\" width=\"1024\" height=\"683\" src=\"https:\/\/esquerra.com.ar\/voleibol\/wp-content\/uploads\/2025\/12\/Lihuen-vs-PCP-FINAL-U12M-Oro-46-1024x683.jpeg\" alt=\"\" class=\"wp-image-2585\" srcset=\"https:\/\/esquerra.com.ar\/voleibol\/wp-content\/uploads\/2025\/12\/Lihuen-vs-PCP-FINAL-U12M-Oro-46-1024x683.jpeg 1024w, https:\/\/esquerra.com.ar\/voleibol\/wp-content\/uploads\/2025\/12\/Lihuen-vs-PCP-FINAL-U12M-Oro-46-300x200.jpeg 300w, https:\/\/esquerra.com.ar\/voleibol\/wp-content\/uploads\/2025\/12\/Lihuen-vs-PCP-FINAL-U12M-Oro-46-768x512.jpeg 768w, https:\/\/esquerra.com.ar\/voleibol\/wp-content\/uploads\/2025\/12\/Lihuen-vs-PCP-FINAL-U12M-Oro-46-128x85.jpeg 128w, https:\/\/esquerra.com.ar\/voleibol\/wp-content\/uploads\/2025\/12\/Lihuen-vs-PCP-FINAL-U12M-Oro-46-32x21.jpeg 32w, https:\/\/esquerra.com.ar\/voleibol\/wp-content\/uploads\/2025\/12\/Lihuen-vs-PCP-FINAL-U12M-Oro-46-930x620.jpeg 930w, https:\/\/esquerra.com.ar\/voleibol\/wp-content\/uploads\/2025\/12\/Lihuen-vs-PCP-FINAL-U12M-Oro-46.jpeg 1280w\" sizes=\"(max-width: 1024px) 100vw, 1024px\" \/><\/noscript><\/figure>\n\n\n\n<p>Al ser un torneo con cuatro participantes, los sure\u00f1os enfrentaron al cuarto de la fase regular, Las Flores, y se impusieron 2-0. <\/p>\n\n\n\n<p>En la final, Lihuen le gan\u00f3 2 a 0 al \u00fanico equipo que le hab\u00eda arrebatado un set en la fase previa: esta vez lo liquid\u00f3 con parciales 25-17 y 25-14 y, de ese modo, se coron\u00f3 campe\u00f3n invicto.<\/p>\n\n\n\n<p>Banco Naci\u00f3n, de C\u00f3rdoba, dio la vuelta ol\u00edmpica en la categor\u00eda U14 femenina con una gran campa\u00f1a. En la fase regular jug\u00f3 en la Zona C, en la que super\u00f3 a British Royal School (Santiago, Chile) y Lihuen \u201cA\u201d (Caleta Olivia, Argentina), en ambos casos 2-1, y Ceibo \u201cB\u201d (C\u00f3rdoba, Argentina), por un claro 2-0.<\/p>\n\n\n\n<figure class=\"wp-block-image size-large\"><img loading=\"lazy\" decoding=\"async\" width=\"1024\" height=\"682\" data-src=\"https:\/\/esquerra.com.ar\/voleibol\/wp-content\/uploads\/2025\/12\/CEBNAC-vs-Americano-FINAL-U14F-Oro-14-1024x682.jpeg\" alt=\"\" class=\"wp-image-2583 lazyload\" data-srcset=\"https:\/\/esquerra.com.ar\/voleibol\/wp-content\/uploads\/2025\/12\/CEBNAC-vs-Americano-FINAL-U14F-Oro-14-1024x682.jpeg 1024w, https:\/\/esquerra.com.ar\/voleibol\/wp-content\/uploads\/2025\/12\/CEBNAC-vs-Americano-FINAL-U14F-Oro-14-300x200.jpeg 300w, https:\/\/esquerra.com.ar\/voleibol\/wp-content\/uploads\/2025\/12\/CEBNAC-vs-Americano-FINAL-U14F-Oro-14-768x512.jpeg 768w, https:\/\/esquerra.com.ar\/voleibol\/wp-content\/uploads\/2025\/12\/CEBNAC-vs-Americano-FINAL-U14F-Oro-14-128x85.jpeg 128w, https:\/\/esquerra.com.ar\/voleibol\/wp-content\/uploads\/2025\/12\/CEBNAC-vs-Americano-FINAL-U14F-Oro-14-32x21.jpeg 32w, https:\/\/esquerra.com.ar\/voleibol\/wp-content\/uploads\/2025\/12\/CEBNAC-vs-Americano-FINAL-U14F-Oro-14-930x620.jpeg 930w, https:\/\/esquerra.com.ar\/voleibol\/wp-content\/uploads\/2025\/12\/CEBNAC-vs-Americano-FINAL-U14F-Oro-14.jpeg 1280w\" data-sizes=\"(max-width: 1024px) 100vw, 1024px\" src=\"data:image\/gif;base64,R0lGODlhAQABAAAAACH5BAEKAAEALAAAAAABAAEAAAICTAEAOw==\" style=\"--smush-placeholder-width: 1024px; --smush-placeholder-aspect-ratio: 1024\/682;\" \/><noscript><img loading=\"lazy\" decoding=\"async\" width=\"1024\" height=\"682\" src=\"https:\/\/esquerra.com.ar\/voleibol\/wp-content\/uploads\/2025\/12\/CEBNAC-vs-Americano-FINAL-U14F-Oro-14-1024x682.jpeg\" alt=\"\" class=\"wp-image-2583\" srcset=\"https:\/\/esquerra.com.ar\/voleibol\/wp-content\/uploads\/2025\/12\/CEBNAC-vs-Americano-FINAL-U14F-Oro-14-1024x682.jpeg 1024w, https:\/\/esquerra.com.ar\/voleibol\/wp-content\/uploads\/2025\/12\/CEBNAC-vs-Americano-FINAL-U14F-Oro-14-300x200.jpeg 300w, https:\/\/esquerra.com.ar\/voleibol\/wp-content\/uploads\/2025\/12\/CEBNAC-vs-Americano-FINAL-U14F-Oro-14-768x512.jpeg 768w, https:\/\/esquerra.com.ar\/voleibol\/wp-content\/uploads\/2025\/12\/CEBNAC-vs-Americano-FINAL-U14F-Oro-14-128x85.jpeg 128w, https:\/\/esquerra.com.ar\/voleibol\/wp-content\/uploads\/2025\/12\/CEBNAC-vs-Americano-FINAL-U14F-Oro-14-32x21.jpeg 32w, https:\/\/esquerra.com.ar\/voleibol\/wp-content\/uploads\/2025\/12\/CEBNAC-vs-Americano-FINAL-U14F-Oro-14-930x620.jpeg 930w, https:\/\/esquerra.com.ar\/voleibol\/wp-content\/uploads\/2025\/12\/CEBNAC-vs-Americano-FINAL-U14F-Oro-14.jpeg 1280w\" sizes=\"(max-width: 1024px) 100vw, 1024px\" \/><\/noscript><\/figure>\n\n\n\n<p>Con esos resultados, Banco Naci\u00f3n fue tercero en la tabla de 12 equipos y se cruz\u00f3 con el segundo, Alfebracross (Asunci\u00f3n, Paraguay), al que venci\u00f3 2-1 con un gran remontada: 17-25, 25-11 y 15-13<\/p>\n\n\n\n<p>En la final\u00edsima, las cordobesas se sobrepusieron a un primer set adverso y lograron un ajustad\u00edsimo triunfo sobre Colegio Americano (Guayaquil, Ecuador) por 2 a 1, con parciales 25-27, 25-23 y 15-13.<\/p>\n\n\n\n<figure class=\"wp-block-image size-large\"><img loading=\"lazy\" decoding=\"async\" width=\"1024\" height=\"684\" data-src=\"https:\/\/esquerra.com.ar\/voleibol\/wp-content\/uploads\/2025\/12\/Calera-vs-CEV-U16M-Triangular-Oro-18-1024x684.jpeg\" alt=\"\" class=\"wp-image-2582 lazyload\" data-srcset=\"https:\/\/esquerra.com.ar\/voleibol\/wp-content\/uploads\/2025\/12\/Calera-vs-CEV-U16M-Triangular-Oro-18-1024x684.jpeg 1024w, https:\/\/esquerra.com.ar\/voleibol\/wp-content\/uploads\/2025\/12\/Calera-vs-CEV-U16M-Triangular-Oro-18-300x200.jpeg 300w, https:\/\/esquerra.com.ar\/voleibol\/wp-content\/uploads\/2025\/12\/Calera-vs-CEV-U16M-Triangular-Oro-18-768x513.jpeg 768w, https:\/\/esquerra.com.ar\/voleibol\/wp-content\/uploads\/2025\/12\/Calera-vs-CEV-U16M-Triangular-Oro-18-128x86.jpeg 128w, https:\/\/esquerra.com.ar\/voleibol\/wp-content\/uploads\/2025\/12\/Calera-vs-CEV-U16M-Triangular-Oro-18-32x21.jpeg 32w, https:\/\/esquerra.com.ar\/voleibol\/wp-content\/uploads\/2025\/12\/Calera-vs-CEV-U16M-Triangular-Oro-18-930x620.jpeg 930w, https:\/\/esquerra.com.ar\/voleibol\/wp-content\/uploads\/2025\/12\/Calera-vs-CEV-U16M-Triangular-Oro-18.jpeg 1280w\" data-sizes=\"(max-width: 1024px) 100vw, 1024px\" src=\"data:image\/gif;base64,R0lGODlhAQABAAAAACH5BAEKAAEALAAAAAABAAEAAAICTAEAOw==\" style=\"--smush-placeholder-width: 1024px; --smush-placeholder-aspect-ratio: 1024\/684;\" \/><noscript><img loading=\"lazy\" decoding=\"async\" width=\"1024\" height=\"684\" src=\"https:\/\/esquerra.com.ar\/voleibol\/wp-content\/uploads\/2025\/12\/Calera-vs-CEV-U16M-Triangular-Oro-18-1024x684.jpeg\" alt=\"\" class=\"wp-image-2582\" srcset=\"https:\/\/esquerra.com.ar\/voleibol\/wp-content\/uploads\/2025\/12\/Calera-vs-CEV-U16M-Triangular-Oro-18-1024x684.jpeg 1024w, https:\/\/esquerra.com.ar\/voleibol\/wp-content\/uploads\/2025\/12\/Calera-vs-CEV-U16M-Triangular-Oro-18-300x200.jpeg 300w, https:\/\/esquerra.com.ar\/voleibol\/wp-content\/uploads\/2025\/12\/Calera-vs-CEV-U16M-Triangular-Oro-18-768x513.jpeg 768w, https:\/\/esquerra.com.ar\/voleibol\/wp-content\/uploads\/2025\/12\/Calera-vs-CEV-U16M-Triangular-Oro-18-128x86.jpeg 128w, https:\/\/esquerra.com.ar\/voleibol\/wp-content\/uploads\/2025\/12\/Calera-vs-CEV-U16M-Triangular-Oro-18-32x21.jpeg 32w, https:\/\/esquerra.com.ar\/voleibol\/wp-content\/uploads\/2025\/12\/Calera-vs-CEV-U16M-Triangular-Oro-18-930x620.jpeg 930w, https:\/\/esquerra.com.ar\/voleibol\/wp-content\/uploads\/2025\/12\/Calera-vs-CEV-U16M-Triangular-Oro-18.jpeg 1280w\" sizes=\"(max-width: 1024px) 100vw, 1024px\" \/><\/noscript><\/figure>\n\n\n\n<p>La Calera fue el otro campe\u00f3n cordob\u00e9s, al obtener la Copa de Oro en la categor\u00eda U16 masculina. En la Zona A venci\u00f3 de manera sucesiva a Uni\u00f3n El\u00e9ctrica (C\u00f3rdoba, Argentina), Murano (Santiago, Chile) y Juniors (C\u00f3rdoba, Argentina), en todos los casos 2-0. <\/p>\n\n\n\n<p>Con el n\u00famero uno en la tabla de seis equipos, La Calera pas\u00f3 a jugar el triangular por la Copa de Oro. En esa instancia, el equipo cordob\u00e9s derrot\u00f3 a Parque Capital (C\u00f3rdoba, Argentina) y CEV (Chicureo, Chile) tambi\u00e9n 2-0, por lo que se coron\u00f3 sin haber cedido un set a lo largo de todo el torneo.<\/p>\n\n\n\n<figure class=\"wp-block-image size-large\"><img loading=\"lazy\" decoding=\"async\" width=\"1024\" height=\"684\" data-src=\"https:\/\/esquerra.com.ar\/voleibol\/wp-content\/uploads\/2025\/12\/Calera-vs-CEV-U16M-Triangular-Oro-30-1024x684.jpeg\" alt=\"\" class=\"wp-image-2581 lazyload\" data-srcset=\"https:\/\/esquerra.com.ar\/voleibol\/wp-content\/uploads\/2025\/12\/Calera-vs-CEV-U16M-Triangular-Oro-30-1024x684.jpeg 1024w, https:\/\/esquerra.com.ar\/voleibol\/wp-content\/uploads\/2025\/12\/Calera-vs-CEV-U16M-Triangular-Oro-30-300x200.jpeg 300w, https:\/\/esquerra.com.ar\/voleibol\/wp-content\/uploads\/2025\/12\/Calera-vs-CEV-U16M-Triangular-Oro-30-768x513.jpeg 768w, https:\/\/esquerra.com.ar\/voleibol\/wp-content\/uploads\/2025\/12\/Calera-vs-CEV-U16M-Triangular-Oro-30-128x86.jpeg 128w, https:\/\/esquerra.com.ar\/voleibol\/wp-content\/uploads\/2025\/12\/Calera-vs-CEV-U16M-Triangular-Oro-30-32x21.jpeg 32w, https:\/\/esquerra.com.ar\/voleibol\/wp-content\/uploads\/2025\/12\/Calera-vs-CEV-U16M-Triangular-Oro-30-930x620.jpeg 930w, https:\/\/esquerra.com.ar\/voleibol\/wp-content\/uploads\/2025\/12\/Calera-vs-CEV-U16M-Triangular-Oro-30.jpeg 1280w\" data-sizes=\"(max-width: 1024px) 100vw, 1024px\" src=\"data:image\/gif;base64,R0lGODlhAQABAAAAACH5BAEKAAEALAAAAAABAAEAAAICTAEAOw==\" style=\"--smush-placeholder-width: 1024px; --smush-placeholder-aspect-ratio: 1024\/684;\" \/><noscript><img loading=\"lazy\" decoding=\"async\" width=\"1024\" height=\"684\" src=\"https:\/\/esquerra.com.ar\/voleibol\/wp-content\/uploads\/2025\/12\/Calera-vs-CEV-U16M-Triangular-Oro-30-1024x684.jpeg\" alt=\"\" class=\"wp-image-2581\" srcset=\"https:\/\/esquerra.com.ar\/voleibol\/wp-content\/uploads\/2025\/12\/Calera-vs-CEV-U16M-Triangular-Oro-30-1024x684.jpeg 1024w, https:\/\/esquerra.com.ar\/voleibol\/wp-content\/uploads\/2025\/12\/Calera-vs-CEV-U16M-Triangular-Oro-30-300x200.jpeg 300w, https:\/\/esquerra.com.ar\/voleibol\/wp-content\/uploads\/2025\/12\/Calera-vs-CEV-U16M-Triangular-Oro-30-768x513.jpeg 768w, https:\/\/esquerra.com.ar\/voleibol\/wp-content\/uploads\/2025\/12\/Calera-vs-CEV-U16M-Triangular-Oro-30-128x86.jpeg 128w, https:\/\/esquerra.com.ar\/voleibol\/wp-content\/uploads\/2025\/12\/Calera-vs-CEV-U16M-Triangular-Oro-30-32x21.jpeg 32w, https:\/\/esquerra.com.ar\/voleibol\/wp-content\/uploads\/2025\/12\/Calera-vs-CEV-U16M-Triangular-Oro-30-930x620.jpeg 930w, https:\/\/esquerra.com.ar\/voleibol\/wp-content\/uploads\/2025\/12\/Calera-vs-CEV-U16M-Triangular-Oro-30.jpeg 1280w\" sizes=\"(max-width: 1024px) 100vw, 1024px\" \/><\/noscript><\/figure>\n\n\n\n<p><\/p>\n\n\n\n<figure class=\"wp-block-embed is-type-wp-embed is-provider-esquerra-deportes wp-block-embed-esquerra-deportes\"><div class=\"wp-block-embed__wrapper\">\n<blockquote class=\"wp-embedded-content\" data-secret=\"AiQctc8OzH\"><a href=\"https:\/\/esquerra.com.ar\/voleibol\/campeones-copas-oro-mundialito-voley-esquerra-cordoba-2025\/\">Todos los campeones de las Copas de Oro del Mundialito de v\u00f3ley Esquerra de noviembre de 2025<\/a><\/blockquote><iframe class=\"wp-embedded-content lazyload\" sandbox=\"allow-scripts\" security=\"restricted\" style=\"position: absolute; visibility: hidden;\" title=\"&#8220;Todos los campeones de las Copas de Oro del Mundialito de v\u00f3ley Esquerra de noviembre de 2025&#8221; &#8212; Esquerra Deportes\" data-src=\"https:\/\/esquerra.com.ar\/voleibol\/campeones-copas-oro-mundialito-voley-esquerra-cordoba-2025\/embed\/#?secret=mDGjg1QMQe#?secret=AiQctc8OzH\" data-secret=\"AiQctc8OzH\" width=\"600\" height=\"338\" frameborder=\"0\" marginwidth=\"0\" marginheight=\"0\" scrolling=\"no\" src=\"data:image\/gif;base64,R0lGODlhAQABAAAAACH5BAEKAAEALAAAAAABAAEAAAICTAEAOw==\" data-load-mode=\"1\"><\/iframe>\n<\/div><\/figure>\n","protected":false},"excerpt":{"rendered":"<p>Con las consagraciones de equipos de Per\u00fa, Paraguay y Chile, el doblete de Centro Asturiano de Vicente L\u00f3pez, una corona que viaj\u00f3 a Santa Cruz y dos t\u00edtulos de equipos cordobeses, este domingo 30 de noviembre se cerr\u00f3 una inolvidable edici\u00f3n del Mundialito de v\u00f3ley Esquerra de categor\u00edas formativas, realizado en la ciudad de C\u00f3rdoba.&hellip;&nbsp;<a href=\"https:\/\/esquerra.com.ar\/voleibol\/mundialito-voley-esquerra-equipos-peru-paraguay-chile-argentina-ecuador\/\" rel=\"bookmark\">Leer m\u00e1s &raquo;<span class=\"screen-reader-text\">El Mundialito de v\u00f3ley Esquerra se cerr\u00f3 con coronaciones de equipos de Per\u00fa, Paraguay, Chile y Argentina<\/span><\/a><\/p>\n","protected":false},"author":4,"featured_media":2591,"comment_status":"closed","ping_status":"closed","sticky":false,"template":"","format":"standard","meta":{"_coblocks_attr":"","_coblocks_dimensions":"","_coblocks_responsive_height":"","_coblocks_accordion_ie_support":"","neve_meta_sidebar":"","neve_meta_container":"","neve_meta_enable_content_width":"","neve_meta_content_width":0,"neve_meta_title_alignment":"","neve_meta_author_avatar":"","neve_post_elements_order":"","neve_meta_disable_header":"","neve_meta_disable_footer":"","neve_meta_disable_title":"","footnotes":""},"categories":[1],"tags":[],"class_list":["post-2580","post","type-post","status-publish","format-standard","has-post-thumbnail","hentry","category-sin-categoria"],"_links":{"self":[{"href":"https:\/\/esquerra.com.ar\/voleibol\/wp-json\/wp\/v2\/posts\/2580","targetHints":{"allow":["GET"]}}],"collection":[{"href":"https:\/\/esquerra.com.ar\/voleibol\/wp-json\/wp\/v2\/posts"}],"about":[{"href":"https:\/\/esquerra.com.ar\/voleibol\/wp-json\/wp\/v2\/types\/post"}],"author":[{"embeddable":true,"href":"https:\/\/esquerra.com.ar\/voleibol\/wp-json\/wp\/v2\/users\/4"}],"replies":[{"embeddable":true,"href":"https:\/\/esquerra.com.ar\/voleibol\/wp-json\/wp\/v2\/comments?post=2580"}],"version-history":[{"count":4,"href":"https:\/\/esquerra.com.ar\/voleibol\/wp-json\/wp\/v2\/posts\/2580\/revisions"}],"predecessor-version":[{"id":2598,"href":"https:\/\/esquerra.com.ar\/voleibol\/wp-json\/wp\/v2\/posts\/2580\/revisions\/2598"}],"wp:featuredmedia":[{"embeddable":true,"href":"https:\/\/esquerra.com.ar\/voleibol\/wp-json\/wp\/v2\/media\/2591"}],"wp:attachment":[{"href":"https:\/\/esquerra.com.ar\/voleibol\/wp-json\/wp\/v2\/media?parent=2580"}],"wp:term":[{"taxonomy":"category","embeddable":true,"href":"https:\/\/esquerra.com.ar\/voleibol\/wp-json\/wp\/v2\/categories?post=2580"},{"taxonomy":"post_tag","embeddable":true,"href":"https:\/\/esquerra.com.ar\/voleibol\/wp-json\/wp\/v2\/tags?post=2580"}],"curies":[{"name":"wp","href":"https:\/\/api.w.org\/{rel}","templated":true}]}}