{"id":2568,"date":"2025-12-01T18:33:46","date_gmt":"2025-12-01T21:33:46","guid":{"rendered":"https:\/\/esquerra.com.ar\/voleibol\/?p=2568"},"modified":"2025-12-01T20:59:04","modified_gmt":"2025-12-01T23:59:04","slug":"campeones-copas-oro-mundialito-voley-esquerra-cordoba-2025","status":"publish","type":"post","link":"https:\/\/esquerra.com.ar\/voleibol\/campeones-copas-oro-mundialito-voley-esquerra-cordoba-2025\/","title":{"rendered":"Todos los campeones de las Copas de Oro del Mundialito de v\u00f3ley Esquerra de noviembre de 2025"},"content":{"rendered":"\n<blockquote class=\"wp-block-quote is-layout-flow wp-block-quote-is-layout-flow\">\n<p>Con campeones procedentes de Per\u00fa, Chile y Paraguay, este domingo 30 de noviembre se cerr\u00f3 el Mundialito de v\u00f3ley Esquerra de categor\u00edas formativas, realizado en la ciudad de C\u00f3rdoba.<\/p>\n<\/blockquote>\n\n\n\n<p>Las peruanas de Rebaza Acosta (Callao) y las paraguayas de Alfebracross (Asunci\u00f3n), en la rama femenina, y los chilenos de (Santiago), en la rama masculina, fueron los campeones internacionales de las Copas de Oro, en un fin de semana imborrable de competencia, cordialidad y amistad entre equipos de cinco pa\u00edses de Sudam\u00e9rica.<\/p>\n\n\n\n<figure class=\"wp-block-image size-large\"><img fetchpriority=\"high\" decoding=\"async\" width=\"1024\" height=\"682\" src=\"https:\/\/esquerra.com.ar\/voleibol\/wp-content\/uploads\/2025\/12\/00-Rebaza-Azul-vs-Independencia-Star-FINAL-U12F-Oro-3-1024x682.jpeg\" alt=\"\" class=\"wp-image-2569\" srcset=\"https:\/\/esquerra.com.ar\/voleibol\/wp-content\/uploads\/2025\/12\/00-Rebaza-Azul-vs-Independencia-Star-FINAL-U12F-Oro-3-1024x682.jpeg 1024w, https:\/\/esquerra.com.ar\/voleibol\/wp-content\/uploads\/2025\/12\/00-Rebaza-Azul-vs-Independencia-Star-FINAL-U12F-Oro-3-300x200.jpeg 300w, https:\/\/esquerra.com.ar\/voleibol\/wp-content\/uploads\/2025\/12\/00-Rebaza-Azul-vs-Independencia-Star-FINAL-U12F-Oro-3-768x512.jpeg 768w, https:\/\/esquerra.com.ar\/voleibol\/wp-content\/uploads\/2025\/12\/00-Rebaza-Azul-vs-Independencia-Star-FINAL-U12F-Oro-3-128x85.jpeg 128w, https:\/\/esquerra.com.ar\/voleibol\/wp-content\/uploads\/2025\/12\/00-Rebaza-Azul-vs-Independencia-Star-FINAL-U12F-Oro-3-32x21.jpeg 32w, https:\/\/esquerra.com.ar\/voleibol\/wp-content\/uploads\/2025\/12\/00-Rebaza-Azul-vs-Independencia-Star-FINAL-U12F-Oro-3-930x620.jpeg 930w, https:\/\/esquerra.com.ar\/voleibol\/wp-content\/uploads\/2025\/12\/00-Rebaza-Azul-vs-Independencia-Star-FINAL-U12F-Oro-3.jpeg 1280w\" sizes=\"(max-width: 1024px) 100vw, 1024px\" \/><figcaption class=\"wp-element-caption\"><em>El campe\u00f3n Rebaza Acosta Azul, de Per\u00fa, e Independencia Star, de Formosa, luego de la coronaci\u00f3n en la categor\u00eda U12 femenina<\/em><\/figcaption><\/figure>\n\n\n\n<p>Los dem\u00e1s campeones de las Copas de Oro fueron argentinos, con una amplia distribuci\u00f3n geogr\u00e1fica respecto de sus procedencias.<\/p>\n\n\n\n<blockquote class=\"wp-block-quote is-layout-flow wp-block-quote-is-layout-flow\">\n<p>A continuaci\u00f3n, el listado de campeones de las Copas de Oro del Mundialito de v\u00f3ley 2025 organizado por Esquerra.<\/p>\n<\/blockquote>\n\n\n\n<figure class=\"wp-block-image size-large\"><img decoding=\"async\" width=\"1024\" height=\"682\" data-src=\"https:\/\/esquerra.com.ar\/voleibol\/wp-content\/uploads\/2025\/12\/01-Alfebracross-vs-Poeta-FINAL-U18F-Oro-25-1024x682.jpeg\" alt=\"\" class=\"wp-image-2570 lazyload\" data-srcset=\"https:\/\/esquerra.com.ar\/voleibol\/wp-content\/uploads\/2025\/12\/01-Alfebracross-vs-Poeta-FINAL-U18F-Oro-25-1024x682.jpeg 1024w, https:\/\/esquerra.com.ar\/voleibol\/wp-content\/uploads\/2025\/12\/01-Alfebracross-vs-Poeta-FINAL-U18F-Oro-25-300x200.jpeg 300w, https:\/\/esquerra.com.ar\/voleibol\/wp-content\/uploads\/2025\/12\/01-Alfebracross-vs-Poeta-FINAL-U18F-Oro-25-768x512.jpeg 768w, https:\/\/esquerra.com.ar\/voleibol\/wp-content\/uploads\/2025\/12\/01-Alfebracross-vs-Poeta-FINAL-U18F-Oro-25-128x85.jpeg 128w, https:\/\/esquerra.com.ar\/voleibol\/wp-content\/uploads\/2025\/12\/01-Alfebracross-vs-Poeta-FINAL-U18F-Oro-25-32x21.jpeg 32w, https:\/\/esquerra.com.ar\/voleibol\/wp-content\/uploads\/2025\/12\/01-Alfebracross-vs-Poeta-FINAL-U18F-Oro-25-930x620.jpeg 930w, https:\/\/esquerra.com.ar\/voleibol\/wp-content\/uploads\/2025\/12\/01-Alfebracross-vs-Poeta-FINAL-U18F-Oro-25.jpeg 1280w\" data-sizes=\"(max-width: 1024px) 100vw, 1024px\" src=\"data:image\/gif;base64,R0lGODlhAQABAAAAACH5BAEKAAEALAAAAAABAAEAAAICTAEAOw==\" style=\"--smush-placeholder-width: 1024px; --smush-placeholder-aspect-ratio: 1024\/682;\" \/><noscript><img decoding=\"async\" width=\"1024\" height=\"682\" src=\"https:\/\/esquerra.com.ar\/voleibol\/wp-content\/uploads\/2025\/12\/01-Alfebracross-vs-Poeta-FINAL-U18F-Oro-25-1024x682.jpeg\" alt=\"\" class=\"wp-image-2570\" srcset=\"https:\/\/esquerra.com.ar\/voleibol\/wp-content\/uploads\/2025\/12\/01-Alfebracross-vs-Poeta-FINAL-U18F-Oro-25-1024x682.jpeg 1024w, https:\/\/esquerra.com.ar\/voleibol\/wp-content\/uploads\/2025\/12\/01-Alfebracross-vs-Poeta-FINAL-U18F-Oro-25-300x200.jpeg 300w, https:\/\/esquerra.com.ar\/voleibol\/wp-content\/uploads\/2025\/12\/01-Alfebracross-vs-Poeta-FINAL-U18F-Oro-25-768x512.jpeg 768w, https:\/\/esquerra.com.ar\/voleibol\/wp-content\/uploads\/2025\/12\/01-Alfebracross-vs-Poeta-FINAL-U18F-Oro-25-128x85.jpeg 128w, https:\/\/esquerra.com.ar\/voleibol\/wp-content\/uploads\/2025\/12\/01-Alfebracross-vs-Poeta-FINAL-U18F-Oro-25-32x21.jpeg 32w, https:\/\/esquerra.com.ar\/voleibol\/wp-content\/uploads\/2025\/12\/01-Alfebracross-vs-Poeta-FINAL-U18F-Oro-25-930x620.jpeg 930w, https:\/\/esquerra.com.ar\/voleibol\/wp-content\/uploads\/2025\/12\/01-Alfebracross-vs-Poeta-FINAL-U18F-Oro-25.jpeg 1280w\" sizes=\"(max-width: 1024px) 100vw, 1024px\" \/><\/noscript><figcaption class=\"wp-element-caption\"><em>Alfebracross (Asunci\u00f3n) festej\u00f3 la coronaci\u00f3n en la categor\u00eda U18 femenina<\/em><\/figcaption><\/figure>\n\n\n\n<p style=\"font-size:18px\"><strong>U12 FEMENINA<\/strong><\/p>\n\n\n\n<ul class=\"wp-block-list\">\n<li>Rebaza Acosta \u2013 Azul (Callao) \ud83c\uddf5\ud83c\uddea<\/li>\n<\/ul>\n\n\n\n<p style=\"font-size:18px\"><strong>U14 FEMENINA<\/strong><\/p>\n\n\n\n<ul class=\"wp-block-list\">\n<li>Banco Naci\u00f3n (C\u00f3rdoba) \ud83c\udde6\ud83c\uddf7<\/li>\n<\/ul>\n\n\n\n<p style=\"font-size:18px\"><strong>U16 FEMENINA<\/strong><\/p>\n\n\n\n<ul class=\"wp-block-list\">\n<li>Centro Asturiano A (Vicente L\u00f3pez, provincia de Buenos Aires) \ud83c\udde6\ud83c\uddf7<\/li>\n<\/ul>\n\n\n\n<p style=\"font-size:18px\"><strong>U18 FEMENINA<\/strong><\/p>\n\n\n\n<ul class=\"wp-block-list\">\n<li>Alfebracross (Asunci\u00f3n) \ud83c\uddf5\ud83c\uddfe<\/li>\n<\/ul>\n\n\n\n<figure class=\"wp-block-image size-large\"><img decoding=\"async\" width=\"1024\" height=\"684\" data-src=\"https:\/\/esquerra.com.ar\/voleibol\/wp-content\/uploads\/2025\/12\/01-Murano-vs-CEBNAC-U14M-Triangular-ORO-3-1024x684.jpeg\" alt=\"\" class=\"wp-image-2571 lazyload\" data-srcset=\"https:\/\/esquerra.com.ar\/voleibol\/wp-content\/uploads\/2025\/12\/01-Murano-vs-CEBNAC-U14M-Triangular-ORO-3-1024x684.jpeg 1024w, https:\/\/esquerra.com.ar\/voleibol\/wp-content\/uploads\/2025\/12\/01-Murano-vs-CEBNAC-U14M-Triangular-ORO-3-300x200.jpeg 300w, https:\/\/esquerra.com.ar\/voleibol\/wp-content\/uploads\/2025\/12\/01-Murano-vs-CEBNAC-U14M-Triangular-ORO-3-768x513.jpeg 768w, https:\/\/esquerra.com.ar\/voleibol\/wp-content\/uploads\/2025\/12\/01-Murano-vs-CEBNAC-U14M-Triangular-ORO-3-128x86.jpeg 128w, https:\/\/esquerra.com.ar\/voleibol\/wp-content\/uploads\/2025\/12\/01-Murano-vs-CEBNAC-U14M-Triangular-ORO-3-32x21.jpeg 32w, https:\/\/esquerra.com.ar\/voleibol\/wp-content\/uploads\/2025\/12\/01-Murano-vs-CEBNAC-U14M-Triangular-ORO-3-930x620.jpeg 930w, https:\/\/esquerra.com.ar\/voleibol\/wp-content\/uploads\/2025\/12\/01-Murano-vs-CEBNAC-U14M-Triangular-ORO-3.jpeg 1280w\" data-sizes=\"(max-width: 1024px) 100vw, 1024px\" src=\"data:image\/gif;base64,R0lGODlhAQABAAAAACH5BAEKAAEALAAAAAABAAEAAAICTAEAOw==\" style=\"--smush-placeholder-width: 1024px; --smush-placeholder-aspect-ratio: 1024\/684;\" \/><noscript><img decoding=\"async\" width=\"1024\" height=\"684\" src=\"https:\/\/esquerra.com.ar\/voleibol\/wp-content\/uploads\/2025\/12\/01-Murano-vs-CEBNAC-U14M-Triangular-ORO-3-1024x684.jpeg\" alt=\"\" class=\"wp-image-2571\" srcset=\"https:\/\/esquerra.com.ar\/voleibol\/wp-content\/uploads\/2025\/12\/01-Murano-vs-CEBNAC-U14M-Triangular-ORO-3-1024x684.jpeg 1024w, https:\/\/esquerra.com.ar\/voleibol\/wp-content\/uploads\/2025\/12\/01-Murano-vs-CEBNAC-U14M-Triangular-ORO-3-300x200.jpeg 300w, https:\/\/esquerra.com.ar\/voleibol\/wp-content\/uploads\/2025\/12\/01-Murano-vs-CEBNAC-U14M-Triangular-ORO-3-768x513.jpeg 768w, https:\/\/esquerra.com.ar\/voleibol\/wp-content\/uploads\/2025\/12\/01-Murano-vs-CEBNAC-U14M-Triangular-ORO-3-128x86.jpeg 128w, https:\/\/esquerra.com.ar\/voleibol\/wp-content\/uploads\/2025\/12\/01-Murano-vs-CEBNAC-U14M-Triangular-ORO-3-32x21.jpeg 32w, https:\/\/esquerra.com.ar\/voleibol\/wp-content\/uploads\/2025\/12\/01-Murano-vs-CEBNAC-U14M-Triangular-ORO-3-930x620.jpeg 930w, https:\/\/esquerra.com.ar\/voleibol\/wp-content\/uploads\/2025\/12\/01-Murano-vs-CEBNAC-U14M-Triangular-ORO-3.jpeg 1280w\" sizes=\"(max-width: 1024px) 100vw, 1024px\" \/><\/noscript><figcaption class=\"wp-element-caption\"><em>Murano, de Chile, se coron\u00f3 campe\u00f3n en de la categor\u00eda U14 masculina<\/em><\/figcaption><\/figure>\n\n\n\n<p style=\"font-size:18px\"><strong>U12 MASCULINA<\/strong><\/p>\n\n\n\n<ul class=\"wp-block-list\">\n<li>Municipal Lihuen (Caleta Olivia, provincia de Santa Cruz) \ud83c\udde6\ud83c\uddf7<\/li>\n<\/ul>\n\n\n\n<p style=\"font-size:18px\"><strong>U14 MASCULINA<\/strong><\/p>\n\n\n\n<ul class=\"wp-block-list\">\n<li>Murano (Santiago) \ud83c\udde8\ud83c\uddf1<\/li>\n<\/ul>\n\n\n\n<p style=\"font-size:18px\"><strong>U16 MASCULINA<\/strong><\/p>\n\n\n\n<ul class=\"wp-block-list\">\n<li>La Calera (La Calera, provincia de C\u00f3rdoba) \ud83c\udde6\ud83c\uddf7<\/li>\n<\/ul>\n\n\n\n<p style=\"font-size:18px\"><strong>U18 MASCULINA<\/strong><\/p>\n\n\n\n<ul class=\"wp-block-list\">\n<li>Centro Asturiano (Vicente L\u00f3pez, provincia de Buenos Aires) \ud83c\udde6\ud83c\uddf7<\/li>\n<\/ul>\n\n\n\n<figure class=\"wp-block-image size-large\"><img loading=\"lazy\" decoding=\"async\" width=\"1024\" height=\"682\" data-src=\"https:\/\/esquerra.com.ar\/voleibol\/wp-content\/uploads\/2025\/12\/02-Pelota-1024x682.jpeg\" alt=\"\" class=\"wp-image-2572 lazyload\" data-srcset=\"https:\/\/esquerra.com.ar\/voleibol\/wp-content\/uploads\/2025\/12\/02-Pelota-1024x682.jpeg 1024w, https:\/\/esquerra.com.ar\/voleibol\/wp-content\/uploads\/2025\/12\/02-Pelota-300x200.jpeg 300w, https:\/\/esquerra.com.ar\/voleibol\/wp-content\/uploads\/2025\/12\/02-Pelota-768x512.jpeg 768w, https:\/\/esquerra.com.ar\/voleibol\/wp-content\/uploads\/2025\/12\/02-Pelota-128x85.jpeg 128w, https:\/\/esquerra.com.ar\/voleibol\/wp-content\/uploads\/2025\/12\/02-Pelota-32x21.jpeg 32w, https:\/\/esquerra.com.ar\/voleibol\/wp-content\/uploads\/2025\/12\/02-Pelota-930x620.jpeg 930w, https:\/\/esquerra.com.ar\/voleibol\/wp-content\/uploads\/2025\/12\/02-Pelota.jpeg 1280w\" data-sizes=\"(max-width: 1024px) 100vw, 1024px\" src=\"data:image\/gif;base64,R0lGODlhAQABAAAAACH5BAEKAAEALAAAAAABAAEAAAICTAEAOw==\" style=\"--smush-placeholder-width: 1024px; --smush-placeholder-aspect-ratio: 1024\/682;\" \/><noscript><img loading=\"lazy\" decoding=\"async\" width=\"1024\" height=\"682\" src=\"https:\/\/esquerra.com.ar\/voleibol\/wp-content\/uploads\/2025\/12\/02-Pelota-1024x682.jpeg\" alt=\"\" class=\"wp-image-2572\" srcset=\"https:\/\/esquerra.com.ar\/voleibol\/wp-content\/uploads\/2025\/12\/02-Pelota-1024x682.jpeg 1024w, https:\/\/esquerra.com.ar\/voleibol\/wp-content\/uploads\/2025\/12\/02-Pelota-300x200.jpeg 300w, https:\/\/esquerra.com.ar\/voleibol\/wp-content\/uploads\/2025\/12\/02-Pelota-768x512.jpeg 768w, https:\/\/esquerra.com.ar\/voleibol\/wp-content\/uploads\/2025\/12\/02-Pelota-128x85.jpeg 128w, https:\/\/esquerra.com.ar\/voleibol\/wp-content\/uploads\/2025\/12\/02-Pelota-32x21.jpeg 32w, https:\/\/esquerra.com.ar\/voleibol\/wp-content\/uploads\/2025\/12\/02-Pelota-930x620.jpeg 930w, https:\/\/esquerra.com.ar\/voleibol\/wp-content\/uploads\/2025\/12\/02-Pelota.jpeg 1280w\" sizes=\"(max-width: 1024px) 100vw, 1024px\" \/><\/noscript><\/figure>\n\n\n\n<p><strong>CONTENIDO RELACIONADO<\/strong><\/p>\n\n\n\n<figure class=\"wp-block-embed is-type-wp-embed is-provider-esquerra-deportes wp-block-embed-esquerra-deportes\"><div class=\"wp-block-embed__wrapper\">\n<blockquote class=\"wp-embedded-content\" data-secret=\"hcjUWEmQc7\"><a href=\"https:\/\/esquerra.com.ar\/voleibol\/mundialito-voley-esquerra-equipos-peru-paraguay-chile-argentina-ecuador\/\">El Mundialito de v\u00f3ley Esquerra se cerr\u00f3 con coronaciones de equipos de Per\u00fa, Paraguay, Chile y Argentina<\/a><\/blockquote><iframe class=\"wp-embedded-content lazyload\" sandbox=\"allow-scripts\" security=\"restricted\" style=\"position: absolute; visibility: hidden;\" title=\"&#8220;El Mundialito de v\u00f3ley Esquerra se cerr\u00f3 con coronaciones de equipos de Per\u00fa, Paraguay, Chile y Argentina&#8221; &#8212; Esquerra Deportes\" data-src=\"https:\/\/esquerra.com.ar\/voleibol\/mundialito-voley-esquerra-equipos-peru-paraguay-chile-argentina-ecuador\/embed\/#?secret=Y4gT2ILao8#?secret=hcjUWEmQc7\" data-secret=\"hcjUWEmQc7\" width=\"600\" height=\"338\" frameborder=\"0\" marginwidth=\"0\" marginheight=\"0\" scrolling=\"no\" src=\"data:image\/gif;base64,R0lGODlhAQABAAAAACH5BAEKAAEALAAAAAABAAEAAAICTAEAOw==\" data-load-mode=\"1\"><\/iframe>\n<\/div><\/figure>\n","protected":false},"excerpt":{"rendered":"<p>Con campeones procedentes de Per\u00fa, Chile y Paraguay, este domingo 30 de noviembre se cerr\u00f3 el Mundialito de v\u00f3ley Esquerra de categor\u00edas formativas, realizado en la ciudad de C\u00f3rdoba. Las peruanas de Rebaza Acosta (Callao) y las paraguayas de Alfebracross (Asunci\u00f3n), en la rama femenina, y los chilenos de (Santiago), en la rama masculina, fueron&hellip;&nbsp;<a href=\"https:\/\/esquerra.com.ar\/voleibol\/campeones-copas-oro-mundialito-voley-esquerra-cordoba-2025\/\" rel=\"bookmark\">Leer m\u00e1s &raquo;<span class=\"screen-reader-text\">Todos los campeones de las Copas de Oro del Mundialito de v\u00f3ley Esquerra de noviembre de 2025<\/span><\/a><\/p>\n","protected":false},"author":4,"featured_media":2570,"comment_status":"closed","ping_status":"closed","sticky":false,"template":"","format":"standard","meta":{"_coblocks_attr":"","_coblocks_dimensions":"","_coblocks_responsive_height":"","_coblocks_accordion_ie_support":"","neve_meta_sidebar":"","neve_meta_container":"","neve_meta_enable_content_width":"","neve_meta_content_width":0,"neve_meta_title_alignment":"","neve_meta_author_avatar":"","neve_post_elements_order":"","neve_meta_disable_header":"","neve_meta_disable_footer":"","neve_meta_disable_title":"","footnotes":""},"categories":[1],"tags":[],"class_list":["post-2568","post","type-post","status-publish","format-standard","has-post-thumbnail","hentry","category-sin-categoria"],"_links":{"self":[{"href":"https:\/\/esquerra.com.ar\/voleibol\/wp-json\/wp\/v2\/posts\/2568","targetHints":{"allow":["GET"]}}],"collection":[{"href":"https:\/\/esquerra.com.ar\/voleibol\/wp-json\/wp\/v2\/posts"}],"about":[{"href":"https:\/\/esquerra.com.ar\/voleibol\/wp-json\/wp\/v2\/types\/post"}],"author":[{"embeddable":true,"href":"https:\/\/esquerra.com.ar\/voleibol\/wp-json\/wp\/v2\/users\/4"}],"replies":[{"embeddable":true,"href":"https:\/\/esquerra.com.ar\/voleibol\/wp-json\/wp\/v2\/comments?post=2568"}],"version-history":[{"count":7,"href":"https:\/\/esquerra.com.ar\/voleibol\/wp-json\/wp\/v2\/posts\/2568\/revisions"}],"predecessor-version":[{"id":2600,"href":"https:\/\/esquerra.com.ar\/voleibol\/wp-json\/wp\/v2\/posts\/2568\/revisions\/2600"}],"wp:featuredmedia":[{"embeddable":true,"href":"https:\/\/esquerra.com.ar\/voleibol\/wp-json\/wp\/v2\/media\/2570"}],"wp:attachment":[{"href":"https:\/\/esquerra.com.ar\/voleibol\/wp-json\/wp\/v2\/media?parent=2568"}],"wp:term":[{"taxonomy":"category","embeddable":true,"href":"https:\/\/esquerra.com.ar\/voleibol\/wp-json\/wp\/v2\/categories?post=2568"},{"taxonomy":"post_tag","embeddable":true,"href":"https:\/\/esquerra.com.ar\/voleibol\/wp-json\/wp\/v2\/tags?post=2568"}],"curies":[{"name":"wp","href":"https:\/\/api.w.org\/{rel}","templated":true}]}}