{"id":2477,"date":"2025-11-27T11:38:39","date_gmt":"2025-11-27T14:38:39","guid":{"rendered":"https:\/\/esquerra.com.ar\/voleibol\/?p=2477"},"modified":"2025-12-01T14:11:16","modified_gmt":"2025-12-01T17:11:16","slug":"mundialito-voley-esquerra-diciembre-2025-esquerra-sudamerica-argentina","status":"publish","type":"post","link":"https:\/\/esquerra.com.ar\/voleibol\/mundialito-voley-esquerra-diciembre-2025-esquerra-sudamerica-argentina\/","title":{"rendered":"El Mundialito de v\u00f3ley de noviembre de 2025 re\u00fane en C\u00f3rdoba a 1.500 participantes de cinco pa\u00edses sudamericanos"},"content":{"rendered":"\n<p>El Mundialito de v\u00f3ley de categor\u00edas formativas convertir\u00e1 nuevamente a la ciudad de C\u00f3rdoba en un gran punto de encuentro internacional. Entre el viernes 28 y el domingo 30 de noviembre de 2025, delegaciones de Chile, Per\u00fa, Ecuador y Paraguay, junto con equipos de m\u00faltiples provincias argentinas, animar\u00e1n un fin de semana cargado de competencia, integraci\u00f3n y esp\u00edritu deportivo.<\/p>\n\n\n\n<figure class=\"wp-block-image size-large\"><img fetchpriority=\"high\" decoding=\"async\" width=\"1024\" height=\"1024\" src=\"https:\/\/esquerra.com.ar\/voleibol\/wp-content\/uploads\/2025\/11\/0-Mundialito-Principal-1024x1024.jpg\" alt=\"\" class=\"wp-image-2488\" srcset=\"https:\/\/esquerra.com.ar\/voleibol\/wp-content\/uploads\/2025\/11\/0-Mundialito-Principal-1024x1024.jpg 1024w, https:\/\/esquerra.com.ar\/voleibol\/wp-content\/uploads\/2025\/11\/0-Mundialito-Principal-300x300.jpg 300w, https:\/\/esquerra.com.ar\/voleibol\/wp-content\/uploads\/2025\/11\/0-Mundialito-Principal-150x150.jpg 150w, https:\/\/esquerra.com.ar\/voleibol\/wp-content\/uploads\/2025\/11\/0-Mundialito-Principal-768x768.jpg 768w, https:\/\/esquerra.com.ar\/voleibol\/wp-content\/uploads\/2025\/11\/0-Mundialito-Principal-128x128.jpg 128w, https:\/\/esquerra.com.ar\/voleibol\/wp-content\/uploads\/2025\/11\/0-Mundialito-Principal-32x32.jpg 32w, https:\/\/esquerra.com.ar\/voleibol\/wp-content\/uploads\/2025\/11\/0-Mundialito-Principal.jpg 1080w\" sizes=\"(max-width: 1024px) 100vw, 1024px\" \/><\/figure>\n\n\n\n<p>La edici\u00f3n 2025, organizada por la agencia Esquerra, movilizar\u00e1 a unas 1.500 personas entre jugadoras, jugadores, entrenadores, cuerpos t\u00e9cnicos, delegados, familias y el numeroso staff afectado al operativo.<\/p>\n\n\n\n<p>El movimiento del torneo impactar\u00e1 de lleno en la actividad hotelera, gastron\u00f3mica y tur\u00edstica de la ciudad, que una vez m\u00e1s se prepara para recibir un evento de escala regional.<\/p>\n\n\n\n<blockquote class=\"wp-block-quote is-layout-flow wp-block-quote-is-layout-flow\">\n<p><strong>Durante el Mundialito se disputar\u00e1n 170 partidos de 8 categor\u00edas en 11 canchas de 6 clubes, lo que generar\u00e1 un espectacular movimiento en toda la ciudad de C\u00f3rdoba<\/strong><\/p>\n<\/blockquote>\n\n\n\n<figure class=\"wp-block-image size-large\"><img decoding=\"async\" width=\"731\" height=\"1024\" data-src=\"https:\/\/esquerra.com.ar\/voleibol\/wp-content\/uploads\/2025\/11\/01-Mundialito-2025-731x1024.jpg\" alt=\"\" class=\"wp-image-2480 lazyload\" data-srcset=\"https:\/\/esquerra.com.ar\/voleibol\/wp-content\/uploads\/2025\/11\/01-Mundialito-2025-731x1024.jpg 731w, https:\/\/esquerra.com.ar\/voleibol\/wp-content\/uploads\/2025\/11\/01-Mundialito-2025-214x300.jpg 214w, https:\/\/esquerra.com.ar\/voleibol\/wp-content\/uploads\/2025\/11\/01-Mundialito-2025-768x1076.jpg 768w, https:\/\/esquerra.com.ar\/voleibol\/wp-content\/uploads\/2025\/11\/01-Mundialito-2025-91x128.jpg 91w, https:\/\/esquerra.com.ar\/voleibol\/wp-content\/uploads\/2025\/11\/01-Mundialito-2025-23x32.jpg 23w, https:\/\/esquerra.com.ar\/voleibol\/wp-content\/uploads\/2025\/11\/01-Mundialito-2025.jpg 934w\" data-sizes=\"(max-width: 731px) 100vw, 731px\" src=\"data:image\/gif;base64,R0lGODlhAQABAAAAACH5BAEKAAEALAAAAAABAAEAAAICTAEAOw==\" style=\"--smush-placeholder-width: 731px; --smush-placeholder-aspect-ratio: 731\/1024;\" \/><noscript><img decoding=\"async\" width=\"731\" height=\"1024\" src=\"https:\/\/esquerra.com.ar\/voleibol\/wp-content\/uploads\/2025\/11\/01-Mundialito-2025-731x1024.jpg\" alt=\"\" class=\"wp-image-2480\" srcset=\"https:\/\/esquerra.com.ar\/voleibol\/wp-content\/uploads\/2025\/11\/01-Mundialito-2025-731x1024.jpg 731w, https:\/\/esquerra.com.ar\/voleibol\/wp-content\/uploads\/2025\/11\/01-Mundialito-2025-214x300.jpg 214w, https:\/\/esquerra.com.ar\/voleibol\/wp-content\/uploads\/2025\/11\/01-Mundialito-2025-768x1076.jpg 768w, https:\/\/esquerra.com.ar\/voleibol\/wp-content\/uploads\/2025\/11\/01-Mundialito-2025-91x128.jpg 91w, https:\/\/esquerra.com.ar\/voleibol\/wp-content\/uploads\/2025\/11\/01-Mundialito-2025-23x32.jpg 23w, https:\/\/esquerra.com.ar\/voleibol\/wp-content\/uploads\/2025\/11\/01-Mundialito-2025.jpg 934w\" sizes=\"(max-width: 731px) 100vw, 731px\" \/><\/noscript><\/figure>\n\n\n\n<blockquote class=\"wp-block-quote is-layout-flow wp-block-quote-is-layout-flow\">\n<p><strong>Habr\u00e1 102 juegos corresponden a la fase de grupos, a disputarse en tres fechas entre el viernes y el s\u00e1bado, en tanto que otros 68 encuentros componen la grilla de la jornada final, a desarrollarse \u00edntegramente el domingo.<\/strong><\/p>\n<\/blockquote>\n\n\n\n<p>Como ya es tradici\u00f3n, el s\u00e1bado por la noche se realizar\u00e1 la fiesta central del evento en las instalaciones de Sociedad Uni\u00f3n El\u00e9ctrica. All\u00ed desfilar\u00e1n todas las delegaciones, se compartir\u00e1n momentos de recreaci\u00f3n y habr\u00e1 espacio para celebrar el esp\u00edritu que distingue a los torneos formativos.<\/p>\n\n\n\n<figure class=\"wp-block-image size-large\"><img decoding=\"async\" width=\"1024\" height=\"683\" data-src=\"https:\/\/esquerra.com.ar\/voleibol\/wp-content\/uploads\/2025\/11\/10-Mundilaito-1024x683.jpg\" alt=\"\" class=\"wp-image-2490 lazyload\" data-srcset=\"https:\/\/esquerra.com.ar\/voleibol\/wp-content\/uploads\/2025\/11\/10-Mundilaito-1024x683.jpg 1024w, https:\/\/esquerra.com.ar\/voleibol\/wp-content\/uploads\/2025\/11\/10-Mundilaito-300x200.jpg 300w, https:\/\/esquerra.com.ar\/voleibol\/wp-content\/uploads\/2025\/11\/10-Mundilaito-768x512.jpg 768w, https:\/\/esquerra.com.ar\/voleibol\/wp-content\/uploads\/2025\/11\/10-Mundilaito-1536x1024.jpg 1536w, https:\/\/esquerra.com.ar\/voleibol\/wp-content\/uploads\/2025\/11\/10-Mundilaito-128x85.jpg 128w, https:\/\/esquerra.com.ar\/voleibol\/wp-content\/uploads\/2025\/11\/10-Mundilaito-32x21.jpg 32w, https:\/\/esquerra.com.ar\/voleibol\/wp-content\/uploads\/2025\/11\/10-Mundilaito-930x620.jpg 930w, https:\/\/esquerra.com.ar\/voleibol\/wp-content\/uploads\/2025\/11\/10-Mundilaito.jpg 1620w\" data-sizes=\"(max-width: 1024px) 100vw, 1024px\" src=\"data:image\/gif;base64,R0lGODlhAQABAAAAACH5BAEKAAEALAAAAAABAAEAAAICTAEAOw==\" style=\"--smush-placeholder-width: 1024px; --smush-placeholder-aspect-ratio: 1024\/683;\" \/><noscript><img decoding=\"async\" width=\"1024\" height=\"683\" src=\"https:\/\/esquerra.com.ar\/voleibol\/wp-content\/uploads\/2025\/11\/10-Mundilaito-1024x683.jpg\" alt=\"\" class=\"wp-image-2490\" srcset=\"https:\/\/esquerra.com.ar\/voleibol\/wp-content\/uploads\/2025\/11\/10-Mundilaito-1024x683.jpg 1024w, https:\/\/esquerra.com.ar\/voleibol\/wp-content\/uploads\/2025\/11\/10-Mundilaito-300x200.jpg 300w, https:\/\/esquerra.com.ar\/voleibol\/wp-content\/uploads\/2025\/11\/10-Mundilaito-768x512.jpg 768w, https:\/\/esquerra.com.ar\/voleibol\/wp-content\/uploads\/2025\/11\/10-Mundilaito-1536x1024.jpg 1536w, https:\/\/esquerra.com.ar\/voleibol\/wp-content\/uploads\/2025\/11\/10-Mundilaito-128x85.jpg 128w, https:\/\/esquerra.com.ar\/voleibol\/wp-content\/uploads\/2025\/11\/10-Mundilaito-32x21.jpg 32w, https:\/\/esquerra.com.ar\/voleibol\/wp-content\/uploads\/2025\/11\/10-Mundilaito-930x620.jpg 930w, https:\/\/esquerra.com.ar\/voleibol\/wp-content\/uploads\/2025\/11\/10-Mundilaito.jpg 1620w\" sizes=\"(max-width: 1024px) 100vw, 1024px\" \/><\/noscript><\/figure>\n\n\n\n<blockquote class=\"wp-block-quote is-layout-flow wp-block-quote-is-layout-flow\">\n<p><strong>Como es habitual, Esquerra desplegar\u00e1 m\u00faltiples plataformas para que los participantes e interesados disfruten de los partidos en vivo por streaming y consulten resultados, posiciones, noticias y fotos <\/strong><a href=\"https:\/\/esquerra.com.ar\/voleibol\/mundialito-formativas-noviembre-2025\/\"><strong>en este minisitio<\/strong><\/a><strong>.<\/strong><\/p>\n<\/blockquote>\n\n\n\n<p>Adem\u00e1s, el mega torneo tendr\u00e1 un amplio despliegue en las distintas redes sociales de Esquerra: <a href=\"https:\/\/www.instagram.com\/esquerradeportes\/\" target=\"_blank\" rel=\"noopener\">Instagram<\/a>, <a href=\"https:\/\/www.tiktok.com\/@esquerradeportes?lang=es\" target=\"_blank\" rel=\"noopener\">TikTok<\/a> y <a href=\"https:\/\/www.facebook.com\/esquerradeportes\" target=\"_blank\" rel=\"noopener\">Facebook<\/a>.<\/p>\n\n\n\n<figure class=\"wp-block-image size-large\"><img loading=\"lazy\" decoding=\"async\" width=\"1024\" height=\"798\" data-src=\"https:\/\/esquerra.com.ar\/voleibol\/wp-content\/uploads\/2025\/11\/03-Mundialito-2025-1024x798.jpg\" alt=\"\" class=\"wp-image-2482 lazyload\" data-srcset=\"https:\/\/esquerra.com.ar\/voleibol\/wp-content\/uploads\/2025\/11\/03-Mundialito-2025-1024x798.jpg 1024w, https:\/\/esquerra.com.ar\/voleibol\/wp-content\/uploads\/2025\/11\/03-Mundialito-2025-300x234.jpg 300w, https:\/\/esquerra.com.ar\/voleibol\/wp-content\/uploads\/2025\/11\/03-Mundialito-2025-768x598.jpg 768w, https:\/\/esquerra.com.ar\/voleibol\/wp-content\/uploads\/2025\/11\/03-Mundialito-2025-1536x1197.jpg 1536w, https:\/\/esquerra.com.ar\/voleibol\/wp-content\/uploads\/2025\/11\/03-Mundialito-2025-128x100.jpg 128w, https:\/\/esquerra.com.ar\/voleibol\/wp-content\/uploads\/2025\/11\/03-Mundialito-2025-32x25.jpg 32w, https:\/\/esquerra.com.ar\/voleibol\/wp-content\/uploads\/2025\/11\/03-Mundialito-2025.jpg 1721w\" data-sizes=\"(max-width: 1024px) 100vw, 1024px\" src=\"data:image\/gif;base64,R0lGODlhAQABAAAAACH5BAEKAAEALAAAAAABAAEAAAICTAEAOw==\" style=\"--smush-placeholder-width: 1024px; --smush-placeholder-aspect-ratio: 1024\/798;\" \/><noscript><img loading=\"lazy\" decoding=\"async\" width=\"1024\" height=\"798\" src=\"https:\/\/esquerra.com.ar\/voleibol\/wp-content\/uploads\/2025\/11\/03-Mundialito-2025-1024x798.jpg\" alt=\"\" class=\"wp-image-2482\" srcset=\"https:\/\/esquerra.com.ar\/voleibol\/wp-content\/uploads\/2025\/11\/03-Mundialito-2025-1024x798.jpg 1024w, https:\/\/esquerra.com.ar\/voleibol\/wp-content\/uploads\/2025\/11\/03-Mundialito-2025-300x234.jpg 300w, https:\/\/esquerra.com.ar\/voleibol\/wp-content\/uploads\/2025\/11\/03-Mundialito-2025-768x598.jpg 768w, https:\/\/esquerra.com.ar\/voleibol\/wp-content\/uploads\/2025\/11\/03-Mundialito-2025-1536x1197.jpg 1536w, https:\/\/esquerra.com.ar\/voleibol\/wp-content\/uploads\/2025\/11\/03-Mundialito-2025-128x100.jpg 128w, https:\/\/esquerra.com.ar\/voleibol\/wp-content\/uploads\/2025\/11\/03-Mundialito-2025-32x25.jpg 32w, https:\/\/esquerra.com.ar\/voleibol\/wp-content\/uploads\/2025\/11\/03-Mundialito-2025.jpg 1721w\" sizes=\"(max-width: 1024px) 100vw, 1024px\" \/><\/noscript><\/figure>\n\n\n\n<p style=\"font-size:22px\"><strong>UN DESPLIEGUE ORGANIZATIVO A GRAN ESCALA<\/strong><\/p>\n\n\n\n<p>El operativo del Mundialito de v\u00f3ley involucrar\u00e1 a m\u00e1s de 120 personas trabajando de manera directa: coordinadores de cancha, \u00e1rbitros, planilleros, asistentes m\u00e9dicos, param\u00e9dicos, fot\u00f3grafos, responsables de prensa, redes y streaming, adem\u00e1s del staff central de Esquerra.<\/p>\n\n\n\n<p>A ellos se suman alrededor de 50 colaboradores externos, lo que permitir\u00e1 sostener una estructura s\u00f3lida para que cada delegaci\u00f3n viva una experiencia deportiva y humana inolvidable.<\/p>\n\n\n\n<figure class=\"wp-block-image size-large\"><img loading=\"lazy\" decoding=\"async\" width=\"1024\" height=\"832\" data-src=\"https:\/\/esquerra.com.ar\/voleibol\/wp-content\/uploads\/2025\/11\/04-Mundialito-2025-1024x832.jpg\" alt=\"\" class=\"wp-image-2483 lazyload\" data-srcset=\"https:\/\/esquerra.com.ar\/voleibol\/wp-content\/uploads\/2025\/11\/04-Mundialito-2025-1024x832.jpg 1024w, https:\/\/esquerra.com.ar\/voleibol\/wp-content\/uploads\/2025\/11\/04-Mundialito-2025-300x244.jpg 300w, https:\/\/esquerra.com.ar\/voleibol\/wp-content\/uploads\/2025\/11\/04-Mundialito-2025-768x624.jpg 768w, https:\/\/esquerra.com.ar\/voleibol\/wp-content\/uploads\/2025\/11\/04-Mundialito-2025-128x104.jpg 128w, https:\/\/esquerra.com.ar\/voleibol\/wp-content\/uploads\/2025\/11\/04-Mundialito-2025-32x26.jpg 32w, https:\/\/esquerra.com.ar\/voleibol\/wp-content\/uploads\/2025\/11\/04-Mundialito-2025.jpg 1048w\" data-sizes=\"(max-width: 1024px) 100vw, 1024px\" src=\"data:image\/gif;base64,R0lGODlhAQABAAAAACH5BAEKAAEALAAAAAABAAEAAAICTAEAOw==\" style=\"--smush-placeholder-width: 1024px; --smush-placeholder-aspect-ratio: 1024\/832;\" \/><noscript><img loading=\"lazy\" decoding=\"async\" width=\"1024\" height=\"832\" src=\"https:\/\/esquerra.com.ar\/voleibol\/wp-content\/uploads\/2025\/11\/04-Mundialito-2025-1024x832.jpg\" alt=\"\" class=\"wp-image-2483\" srcset=\"https:\/\/esquerra.com.ar\/voleibol\/wp-content\/uploads\/2025\/11\/04-Mundialito-2025-1024x832.jpg 1024w, https:\/\/esquerra.com.ar\/voleibol\/wp-content\/uploads\/2025\/11\/04-Mundialito-2025-300x244.jpg 300w, https:\/\/esquerra.com.ar\/voleibol\/wp-content\/uploads\/2025\/11\/04-Mundialito-2025-768x624.jpg 768w, https:\/\/esquerra.com.ar\/voleibol\/wp-content\/uploads\/2025\/11\/04-Mundialito-2025-128x104.jpg 128w, https:\/\/esquerra.com.ar\/voleibol\/wp-content\/uploads\/2025\/11\/04-Mundialito-2025-32x26.jpg 32w, https:\/\/esquerra.com.ar\/voleibol\/wp-content\/uploads\/2025\/11\/04-Mundialito-2025.jpg 1048w\" sizes=\"(max-width: 1024px) 100vw, 1024px\" \/><\/noscript><\/figure>\n\n\n\n<p style=\"font-size:22px\"><strong>CATEGOR\u00cdAS<\/strong><\/p>\n\n\n\n<ul class=\"wp-block-list\">\n<li>U12 femenina<\/li>\n\n\n\n<li>U14 femenina<\/li>\n\n\n\n<li>U16 femenina<\/li>\n\n\n\n<li>U18 femenina<\/li>\n<\/ul>\n\n\n\n<figure class=\"wp-block-image size-large\"><img loading=\"lazy\" decoding=\"async\" width=\"718\" height=\"1024\" data-src=\"https:\/\/esquerra.com.ar\/voleibol\/wp-content\/uploads\/2025\/11\/05-Mundialito-2025-718x1024.jpg\" alt=\"\" class=\"wp-image-2484 lazyload\" data-srcset=\"https:\/\/esquerra.com.ar\/voleibol\/wp-content\/uploads\/2025\/11\/05-Mundialito-2025-718x1024.jpg 718w, https:\/\/esquerra.com.ar\/voleibol\/wp-content\/uploads\/2025\/11\/05-Mundialito-2025-210x300.jpg 210w, https:\/\/esquerra.com.ar\/voleibol\/wp-content\/uploads\/2025\/11\/05-Mundialito-2025-768x1096.jpg 768w, https:\/\/esquerra.com.ar\/voleibol\/wp-content\/uploads\/2025\/11\/05-Mundialito-2025-90x128.jpg 90w, https:\/\/esquerra.com.ar\/voleibol\/wp-content\/uploads\/2025\/11\/05-Mundialito-2025-22x32.jpg 22w, https:\/\/esquerra.com.ar\/voleibol\/wp-content\/uploads\/2025\/11\/05-Mundialito-2025.jpg 888w\" data-sizes=\"(max-width: 718px) 100vw, 718px\" src=\"data:image\/gif;base64,R0lGODlhAQABAAAAACH5BAEKAAEALAAAAAABAAEAAAICTAEAOw==\" style=\"--smush-placeholder-width: 718px; --smush-placeholder-aspect-ratio: 718\/1024;\" \/><noscript><img loading=\"lazy\" decoding=\"async\" width=\"718\" height=\"1024\" src=\"https:\/\/esquerra.com.ar\/voleibol\/wp-content\/uploads\/2025\/11\/05-Mundialito-2025-718x1024.jpg\" alt=\"\" class=\"wp-image-2484\" srcset=\"https:\/\/esquerra.com.ar\/voleibol\/wp-content\/uploads\/2025\/11\/05-Mundialito-2025-718x1024.jpg 718w, https:\/\/esquerra.com.ar\/voleibol\/wp-content\/uploads\/2025\/11\/05-Mundialito-2025-210x300.jpg 210w, https:\/\/esquerra.com.ar\/voleibol\/wp-content\/uploads\/2025\/11\/05-Mundialito-2025-768x1096.jpg 768w, https:\/\/esquerra.com.ar\/voleibol\/wp-content\/uploads\/2025\/11\/05-Mundialito-2025-90x128.jpg 90w, https:\/\/esquerra.com.ar\/voleibol\/wp-content\/uploads\/2025\/11\/05-Mundialito-2025-22x32.jpg 22w, https:\/\/esquerra.com.ar\/voleibol\/wp-content\/uploads\/2025\/11\/05-Mundialito-2025.jpg 888w\" sizes=\"(max-width: 718px) 100vw, 718px\" \/><\/noscript><\/figure>\n\n\n\n<ul class=\"wp-block-list\">\n<li>U12 masculina<\/li>\n\n\n\n<li>U14 masculina<\/li>\n\n\n\n<li>U16 masculina<\/li>\n\n\n\n<li>U18 masculina<\/li>\n<\/ul>\n\n\n\n<figure class=\"wp-block-image size-full\"><img loading=\"lazy\" decoding=\"async\" width=\"740\" height=\"649\" data-src=\"https:\/\/esquerra.com.ar\/voleibol\/wp-content\/uploads\/2025\/11\/06-Mundialito-2025.jpg\" alt=\"\" class=\"wp-image-2485 lazyload\" data-srcset=\"https:\/\/esquerra.com.ar\/voleibol\/wp-content\/uploads\/2025\/11\/06-Mundialito-2025.jpg 740w, https:\/\/esquerra.com.ar\/voleibol\/wp-content\/uploads\/2025\/11\/06-Mundialito-2025-300x263.jpg 300w, https:\/\/esquerra.com.ar\/voleibol\/wp-content\/uploads\/2025\/11\/06-Mundialito-2025-128x112.jpg 128w, https:\/\/esquerra.com.ar\/voleibol\/wp-content\/uploads\/2025\/11\/06-Mundialito-2025-32x28.jpg 32w\" data-sizes=\"(max-width: 740px) 100vw, 740px\" src=\"data:image\/gif;base64,R0lGODlhAQABAAAAACH5BAEKAAEALAAAAAABAAEAAAICTAEAOw==\" style=\"--smush-placeholder-width: 740px; --smush-placeholder-aspect-ratio: 740\/649;\" \/><noscript><img loading=\"lazy\" decoding=\"async\" width=\"740\" height=\"649\" src=\"https:\/\/esquerra.com.ar\/voleibol\/wp-content\/uploads\/2025\/11\/06-Mundialito-2025.jpg\" alt=\"\" class=\"wp-image-2485\" srcset=\"https:\/\/esquerra.com.ar\/voleibol\/wp-content\/uploads\/2025\/11\/06-Mundialito-2025.jpg 740w, https:\/\/esquerra.com.ar\/voleibol\/wp-content\/uploads\/2025\/11\/06-Mundialito-2025-300x263.jpg 300w, https:\/\/esquerra.com.ar\/voleibol\/wp-content\/uploads\/2025\/11\/06-Mundialito-2025-128x112.jpg 128w, https:\/\/esquerra.com.ar\/voleibol\/wp-content\/uploads\/2025\/11\/06-Mundialito-2025-32x28.jpg 32w\" sizes=\"(max-width: 740px) 100vw, 740px\" \/><\/noscript><\/figure>\n\n\n\n<p style=\"font-size:22px\"><strong>CLUBES Y CANCHAS<\/strong><\/p>\n\n\n\n<ul class=\"wp-block-list\">\n<li>Hind\u00fa (tres canchas)<\/li>\n\n\n\n<li>Rieles Argentinos (dos canchas)<\/li>\n\n\n\n<li>Sociedad Uni\u00f3n El\u00e9ctrica (dos canchas)<\/li>\n\n\n\n<li>El Ceibo (dos canchas)<\/li>\n\n\n\n<li>Juniors<\/li>\n\n\n\n<li>Racing<\/li>\n<\/ul>\n\n\n\n<figure class=\"wp-block-image size-large\"><img loading=\"lazy\" decoding=\"async\" width=\"1024\" height=\"946\" data-src=\"https:\/\/esquerra.com.ar\/voleibol\/wp-content\/uploads\/2025\/11\/07-Mundilaito-1024x946.jpg\" alt=\"\" class=\"wp-image-2486 lazyload\" data-srcset=\"https:\/\/esquerra.com.ar\/voleibol\/wp-content\/uploads\/2025\/11\/07-Mundilaito-1024x946.jpg 1024w, https:\/\/esquerra.com.ar\/voleibol\/wp-content\/uploads\/2025\/11\/07-Mundilaito-300x277.jpg 300w, https:\/\/esquerra.com.ar\/voleibol\/wp-content\/uploads\/2025\/11\/07-Mundilaito-768x709.jpg 768w, https:\/\/esquerra.com.ar\/voleibol\/wp-content\/uploads\/2025\/11\/07-Mundilaito-128x118.jpg 128w, https:\/\/esquerra.com.ar\/voleibol\/wp-content\/uploads\/2025\/11\/07-Mundilaito-32x30.jpg 32w, https:\/\/esquerra.com.ar\/voleibol\/wp-content\/uploads\/2025\/11\/07-Mundilaito.jpg 1468w\" data-sizes=\"(max-width: 1024px) 100vw, 1024px\" src=\"data:image\/gif;base64,R0lGODlhAQABAAAAACH5BAEKAAEALAAAAAABAAEAAAICTAEAOw==\" style=\"--smush-placeholder-width: 1024px; --smush-placeholder-aspect-ratio: 1024\/946;\" \/><noscript><img loading=\"lazy\" decoding=\"async\" width=\"1024\" height=\"946\" src=\"https:\/\/esquerra.com.ar\/voleibol\/wp-content\/uploads\/2025\/11\/07-Mundilaito-1024x946.jpg\" alt=\"\" class=\"wp-image-2486\" srcset=\"https:\/\/esquerra.com.ar\/voleibol\/wp-content\/uploads\/2025\/11\/07-Mundilaito-1024x946.jpg 1024w, https:\/\/esquerra.com.ar\/voleibol\/wp-content\/uploads\/2025\/11\/07-Mundilaito-300x277.jpg 300w, https:\/\/esquerra.com.ar\/voleibol\/wp-content\/uploads\/2025\/11\/07-Mundilaito-768x709.jpg 768w, https:\/\/esquerra.com.ar\/voleibol\/wp-content\/uploads\/2025\/11\/07-Mundilaito-128x118.jpg 128w, https:\/\/esquerra.com.ar\/voleibol\/wp-content\/uploads\/2025\/11\/07-Mundilaito-32x30.jpg 32w, https:\/\/esquerra.com.ar\/voleibol\/wp-content\/uploads\/2025\/11\/07-Mundilaito.jpg 1468w\" sizes=\"(max-width: 1024px) 100vw, 1024px\" \/><\/noscript><\/figure>\n\n\n\n<p style=\"font-size:22px\"><strong>DELEGACIONES INTERNACIONALES<\/strong><\/p>\n\n\n\n<p><strong>\ud83c\udde8\ud83c\uddf1<\/strong> <strong>CHILE <\/strong><\/p>\n\n\n\n<ul class=\"wp-block-list\">\n<li>Denham School (San Bernardo)<\/li>\n\n\n\n<li>British Royal School (Santiago)<\/li>\n\n\n\n<li>Murano (Santiago)<\/li>\n\n\n\n<li>Nuestra Se\u00f1ora del Huerto (Quillota)<\/li>\n\n\n\n<li>CEV Chicureo (Chicureo)<\/li>\n<\/ul>\n\n\n\n<p><strong>\ud83c\uddf5\ud83c\uddea<\/strong> <strong>PER\u00da <\/strong><\/p>\n\n\n\n<ul class=\"wp-block-list\">\n<li>Rebaza Acosta (Callao)<\/li>\n\n\n\n<li>Mamba (Lima)<\/li>\n<\/ul>\n\n\n\n<p><strong>\ud83c\uddea\ud83c\udde8<\/strong> <strong>ECUADOR <\/strong><\/p>\n\n\n\n<ul class=\"wp-block-list\">\n<li>Colegio Americano (Guayaquil)<\/li>\n<\/ul>\n\n\n\n<p><strong>\ud83c\uddf5\ud83c\uddfe<\/strong> <strong>PARAGUAY <\/strong><\/p>\n\n\n\n<ul class=\"wp-block-list\">\n<li>Alfebracross (Asunci\u00f3n)<\/li>\n<\/ul>\n\n\n\n<figure class=\"wp-block-image size-large\"><img loading=\"lazy\" decoding=\"async\" width=\"1024\" height=\"634\" data-src=\"https:\/\/esquerra.com.ar\/voleibol\/wp-content\/uploads\/2025\/11\/08-Mundialito-1024x634.jpg\" alt=\"\" class=\"wp-image-2487 lazyload\" data-srcset=\"https:\/\/esquerra.com.ar\/voleibol\/wp-content\/uploads\/2025\/11\/08-Mundialito-1024x634.jpg 1024w, https:\/\/esquerra.com.ar\/voleibol\/wp-content\/uploads\/2025\/11\/08-Mundialito-300x186.jpg 300w, https:\/\/esquerra.com.ar\/voleibol\/wp-content\/uploads\/2025\/11\/08-Mundialito-768x476.jpg 768w, https:\/\/esquerra.com.ar\/voleibol\/wp-content\/uploads\/2025\/11\/08-Mundialito-128x79.jpg 128w, https:\/\/esquerra.com.ar\/voleibol\/wp-content\/uploads\/2025\/11\/08-Mundialito-32x20.jpg 32w, https:\/\/esquerra.com.ar\/voleibol\/wp-content\/uploads\/2025\/11\/08-Mundialito.jpg 1509w\" data-sizes=\"(max-width: 1024px) 100vw, 1024px\" src=\"data:image\/gif;base64,R0lGODlhAQABAAAAACH5BAEKAAEALAAAAAABAAEAAAICTAEAOw==\" style=\"--smush-placeholder-width: 1024px; --smush-placeholder-aspect-ratio: 1024\/634;\" \/><noscript><img loading=\"lazy\" decoding=\"async\" width=\"1024\" height=\"634\" src=\"https:\/\/esquerra.com.ar\/voleibol\/wp-content\/uploads\/2025\/11\/08-Mundialito-1024x634.jpg\" alt=\"\" class=\"wp-image-2487\" srcset=\"https:\/\/esquerra.com.ar\/voleibol\/wp-content\/uploads\/2025\/11\/08-Mundialito-1024x634.jpg 1024w, https:\/\/esquerra.com.ar\/voleibol\/wp-content\/uploads\/2025\/11\/08-Mundialito-300x186.jpg 300w, https:\/\/esquerra.com.ar\/voleibol\/wp-content\/uploads\/2025\/11\/08-Mundialito-768x476.jpg 768w, https:\/\/esquerra.com.ar\/voleibol\/wp-content\/uploads\/2025\/11\/08-Mundialito-128x79.jpg 128w, https:\/\/esquerra.com.ar\/voleibol\/wp-content\/uploads\/2025\/11\/08-Mundialito-32x20.jpg 32w, https:\/\/esquerra.com.ar\/voleibol\/wp-content\/uploads\/2025\/11\/08-Mundialito.jpg 1509w\" sizes=\"(max-width: 1024px) 100vw, 1024px\" \/><\/noscript><\/figure>\n\n\n\n<p style=\"font-size:22px\"><strong>\ud83c\udde6\ud83c\uddf7<\/strong> <strong>PROVINCIAS ARGENTINAS PARTICIPANTES<\/strong><\/p>\n\n\n\n<ul class=\"wp-block-list\">\n<li>Santa Cruz<\/li>\n\n\n\n<li>Tierra del Fuego<\/li>\n\n\n\n<li>Neuqu\u00e9n<\/li>\n\n\n\n<li>Buenos Aires<\/li>\n\n\n\n<li>Santiago del Estero<\/li>\n\n\n\n<li>Formosa<\/li>\n\n\n\n<li>C\u00f3rdoba<\/li>\n<\/ul>\n\n\n\n<blockquote class=\"wp-block-quote is-layout-flow wp-block-quote-is-layout-flow\">\n<p>Record\u00e1 que pod\u00e9s consultar resultados, posiciones, noticias y fotos<a href=\"https:\/\/esquerra.com.ar\/voleibol\/mundialito-formativas-noviembre-2025\/\"><strong>en este minisitio<\/strong><\/a><strong>. <\/strong>Adem\u00e1s, el mega torneo tendr\u00e1 un amplio despliegue en las distintas redes sociales de Esquerra: <a href=\"https:\/\/www.instagram.com\/esquerradeportes\/\" target=\"_blank\" rel=\"noopener\">Instagram<\/a>, <a href=\"https:\/\/www.tiktok.com\/@esquerradeportes?lang=es\" target=\"_blank\" rel=\"noopener\">TikTok<\/a> y <a href=\"https:\/\/www.facebook.com\/esquerradeportes\" target=\"_blank\" rel=\"noopener\">Facebook<\/a>.<\/p>\n<\/blockquote>\n\n\n\n<p><\/p>\n","protected":false},"excerpt":{"rendered":"<p>El Mundialito de v\u00f3ley de categor\u00edas formativas convertir\u00e1 nuevamente a la ciudad de C\u00f3rdoba en un gran punto de encuentro internacional. Entre el viernes 28 y el domingo 30 de noviembre de 2025, delegaciones de Chile, Per\u00fa, Ecuador y Paraguay, junto con equipos de m\u00faltiples provincias argentinas, animar\u00e1n un fin de semana cargado de competencia,&hellip;&nbsp;<a href=\"https:\/\/esquerra.com.ar\/voleibol\/mundialito-voley-esquerra-diciembre-2025-esquerra-sudamerica-argentina\/\" rel=\"bookmark\">Leer m\u00e1s &raquo;<span class=\"screen-reader-text\">El Mundialito de v\u00f3ley de noviembre de 2025 re\u00fane en C\u00f3rdoba a 1.500 participantes de cinco pa\u00edses sudamericanos<\/span><\/a><\/p>\n","protected":false},"author":4,"featured_media":2479,"comment_status":"closed","ping_status":"closed","sticky":false,"template":"","format":"standard","meta":{"_coblocks_attr":"","_coblocks_dimensions":"","_coblocks_responsive_height":"","_coblocks_accordion_ie_support":"","neve_meta_sidebar":"","neve_meta_container":"","neve_meta_enable_content_width":"","neve_meta_content_width":0,"neve_meta_title_alignment":"","neve_meta_author_avatar":"","neve_post_elements_order":"","neve_meta_disable_header":"","neve_meta_disable_footer":"","neve_meta_disable_title":"","footnotes":""},"categories":[1],"tags":[],"class_list":["post-2477","post","type-post","status-publish","format-standard","has-post-thumbnail","hentry","category-sin-categoria"],"_links":{"self":[{"href":"https:\/\/esquerra.com.ar\/voleibol\/wp-json\/wp\/v2\/posts\/2477","targetHints":{"allow":["GET"]}}],"collection":[{"href":"https:\/\/esquerra.com.ar\/voleibol\/wp-json\/wp\/v2\/posts"}],"about":[{"href":"https:\/\/esquerra.com.ar\/voleibol\/wp-json\/wp\/v2\/types\/post"}],"author":[{"embeddable":true,"href":"https:\/\/esquerra.com.ar\/voleibol\/wp-json\/wp\/v2\/users\/4"}],"replies":[{"embeddable":true,"href":"https:\/\/esquerra.com.ar\/voleibol\/wp-json\/wp\/v2\/comments?post=2477"}],"version-history":[{"count":6,"href":"https:\/\/esquerra.com.ar\/voleibol\/wp-json\/wp\/v2\/posts\/2477\/revisions"}],"predecessor-version":[{"id":2567,"href":"https:\/\/esquerra.com.ar\/voleibol\/wp-json\/wp\/v2\/posts\/2477\/revisions\/2567"}],"wp:featuredmedia":[{"embeddable":true,"href":"https:\/\/esquerra.com.ar\/voleibol\/wp-json\/wp\/v2\/media\/2479"}],"wp:attachment":[{"href":"https:\/\/esquerra.com.ar\/voleibol\/wp-json\/wp\/v2\/media?parent=2477"}],"wp:term":[{"taxonomy":"category","embeddable":true,"href":"https:\/\/esquerra.com.ar\/voleibol\/wp-json\/wp\/v2\/categories?post=2477"},{"taxonomy":"post_tag","embeddable":true,"href":"https:\/\/esquerra.com.ar\/voleibol\/wp-json\/wp\/v2\/tags?post=2477"}],"curies":[{"name":"wp","href":"https:\/\/api.w.org\/{rel}","templated":true}]}}