{"id":1423,"date":"2024-11-03T17:29:08","date_gmt":"2024-11-03T20:29:08","guid":{"rendered":"https:\/\/esquerra.com.ar\/voleibol\/?p=1423"},"modified":"2024-11-03T17:32:48","modified_gmt":"2024-11-03T20:32:48","slug":"campeones-mundialito-voley-2024-categoria-por-categoria","status":"publish","type":"post","link":"https:\/\/esquerra.com.ar\/voleibol\/campeones-mundialito-voley-2024-categoria-por-categoria\/","title":{"rendered":"Los campeones del Mundialito de v\u00f3ley 2024, categor\u00eda por categor\u00eda"},"content":{"rendered":"\n<blockquote class=\"wp-block-quote is-layout-flow wp-block-quote-is-layout-flow\">\n<p>La edici\u00f3n 2024 del Mundialito de v\u00f3ley de categor\u00edas formativas organizado por la agencia Esquerra se cerr\u00f3 con las coronaciones de los siguientes equipos:<\/p>\n<\/blockquote>\n\n\n\n<p><\/p>\n\n\n\n<p><strong>TODOS LOS CAMPEONES<\/strong><\/p>\n\n\n\n<p><\/p>\n\n\n\n<p><strong>U12 femenina<\/strong><\/p>\n\n\n\n<ul class=\"wp-block-list\">\n<li>Independencia Star (Formosa) ARG \ud83c\udde6\ud83c\uddf7<\/li>\n<\/ul>\n\n\n\n<figure class=\"wp-block-image size-large\"><img fetchpriority=\"high\" decoding=\"async\" width=\"1024\" height=\"682\" src=\"https:\/\/esquerra.com.ar\/voleibol\/wp-content\/uploads\/2024\/11\/Independencia-U12-1024x682.jpeg\" alt=\"\" class=\"wp-image-1426\" srcset=\"https:\/\/esquerra.com.ar\/voleibol\/wp-content\/uploads\/2024\/11\/Independencia-U12-1024x682.jpeg 1024w, https:\/\/esquerra.com.ar\/voleibol\/wp-content\/uploads\/2024\/11\/Independencia-U12-300x200.jpeg 300w, https:\/\/esquerra.com.ar\/voleibol\/wp-content\/uploads\/2024\/11\/Independencia-U12-768x512.jpeg 768w, https:\/\/esquerra.com.ar\/voleibol\/wp-content\/uploads\/2024\/11\/Independencia-U12-128x85.jpeg 128w, https:\/\/esquerra.com.ar\/voleibol\/wp-content\/uploads\/2024\/11\/Independencia-U12-32x21.jpeg 32w, https:\/\/esquerra.com.ar\/voleibol\/wp-content\/uploads\/2024\/11\/Independencia-U12-930x620.jpeg 930w, https:\/\/esquerra.com.ar\/voleibol\/wp-content\/uploads\/2024\/11\/Independencia-U12.jpeg 1280w\" sizes=\"(max-width: 1024px) 100vw, 1024px\" \/><figcaption class=\"wp-element-caption\"><em>El festejo de Independencia Star luego de coronarse en la U12 femenina.<\/em><\/figcaption><\/figure>\n\n\n\n<p><\/p>\n\n\n\n<p><strong>U14 femenina<\/strong><\/p>\n\n\n\n<ul class=\"wp-block-list\">\n<li>Independencia Star (Formosa) ARG \ud83c\udde6\ud83c\uddf7<\/li>\n<\/ul>\n\n\n\n<p><strong>U16 femenina<\/strong><\/p>\n\n\n\n<ul class=\"wp-block-list\">\n<li>Atenas (C\u00f3rdoba) ARG \ud83c\udde6\ud83c\uddf7<\/li>\n<\/ul>\n\n\n\n<p><strong>U18 femenina<\/strong><\/p>\n\n\n\n<ul class=\"wp-block-list\">\n<li>AEP (Ushuaia, Tierra del Fuego) ARG \ud83c\udde6\ud83c\uddf7<\/li>\n<\/ul>\n\n\n\n<p><\/p>\n\n\n\n<blockquote class=\"wp-block-quote is-layout-flow wp-block-quote-is-layout-flow\">\n<p>El torneo que organiz\u00f3 la agencia\u00a0<strong>Esquerra\u00a0<\/strong>cont\u00f3 con la participaci\u00f3n de\u00a0<strong>equipos de Argentina, Per\u00fa, Colombia y Chile<\/strong>. Hubo m\u00e1s\u00a0<strong>500 participantes<\/strong>\u00a0(entre jugadores y entrenadores) que disputaron\u00a0<strong>110 partidos<\/strong>\u00a0de\u00a0<strong>6 categor\u00edas<\/strong>\u00a0en <strong>7 canchas<\/strong> de\u00a0<strong>3 clubes<\/strong>.<\/p>\n<\/blockquote>\n\n\n\n<p><\/p>\n\n\n\n<figure class=\"wp-block-image size-large\"><img decoding=\"async\" width=\"1024\" height=\"683\" data-src=\"https:\/\/esquerra.com.ar\/voleibol\/wp-content\/uploads\/2024\/11\/Mutual-1024x683.jpeg\" alt=\"\" class=\"wp-image-1427 lazyload\" data-srcset=\"https:\/\/esquerra.com.ar\/voleibol\/wp-content\/uploads\/2024\/11\/Mutual-1024x683.jpeg 1024w, https:\/\/esquerra.com.ar\/voleibol\/wp-content\/uploads\/2024\/11\/Mutual-300x200.jpeg 300w, https:\/\/esquerra.com.ar\/voleibol\/wp-content\/uploads\/2024\/11\/Mutual-768x512.jpeg 768w, https:\/\/esquerra.com.ar\/voleibol\/wp-content\/uploads\/2024\/11\/Mutual-1536x1024.jpeg 1536w, https:\/\/esquerra.com.ar\/voleibol\/wp-content\/uploads\/2024\/11\/Mutual-2048x1365.jpeg 2048w, https:\/\/esquerra.com.ar\/voleibol\/wp-content\/uploads\/2024\/11\/Mutual-128x85.jpeg 128w, https:\/\/esquerra.com.ar\/voleibol\/wp-content\/uploads\/2024\/11\/Mutual-32x21.jpeg 32w, https:\/\/esquerra.com.ar\/voleibol\/wp-content\/uploads\/2024\/11\/Mutual-930x620.jpeg 930w\" data-sizes=\"(max-width: 1024px) 100vw, 1024px\" src=\"data:image\/gif;base64,R0lGODlhAQABAAAAACH5BAEKAAEALAAAAAABAAEAAAICTAEAOw==\" style=\"--smush-placeholder-width: 1024px; --smush-placeholder-aspect-ratio: 1024\/683;\" \/><noscript><img decoding=\"async\" width=\"1024\" height=\"683\" src=\"https:\/\/esquerra.com.ar\/voleibol\/wp-content\/uploads\/2024\/11\/Mutual-1024x683.jpeg\" alt=\"\" class=\"wp-image-1427\" srcset=\"https:\/\/esquerra.com.ar\/voleibol\/wp-content\/uploads\/2024\/11\/Mutual-1024x683.jpeg 1024w, https:\/\/esquerra.com.ar\/voleibol\/wp-content\/uploads\/2024\/11\/Mutual-300x200.jpeg 300w, https:\/\/esquerra.com.ar\/voleibol\/wp-content\/uploads\/2024\/11\/Mutual-768x512.jpeg 768w, https:\/\/esquerra.com.ar\/voleibol\/wp-content\/uploads\/2024\/11\/Mutual-1536x1024.jpeg 1536w, https:\/\/esquerra.com.ar\/voleibol\/wp-content\/uploads\/2024\/11\/Mutual-2048x1365.jpeg 2048w, https:\/\/esquerra.com.ar\/voleibol\/wp-content\/uploads\/2024\/11\/Mutual-128x85.jpeg 128w, https:\/\/esquerra.com.ar\/voleibol\/wp-content\/uploads\/2024\/11\/Mutual-32x21.jpeg 32w, https:\/\/esquerra.com.ar\/voleibol\/wp-content\/uploads\/2024\/11\/Mutual-930x620.jpeg 930w\" sizes=\"(max-width: 1024px) 100vw, 1024px\" \/><\/noscript><figcaption class=\"wp-element-caption\"><em>La explosi\u00f3n de alegr\u00eda de Mutual de Catamarca, campe\u00f3n de la categor\u00eda U14 masculina.<\/em><\/figcaption><\/figure>\n\n\n\n<p><\/p>\n\n\n\n<p><strong>U14 masculina<\/strong><\/p>\n\n\n\n<ul class=\"wp-block-list\">\n<li>Mutual Catamarca (Catamarca) ARG \ud83c\udde6\ud83c\uddf7<\/li>\n<\/ul>\n\n\n\n<p><strong>U18 masculina<\/strong><\/p>\n\n\n\n<ul class=\"wp-block-list\">\n<li>Puerto San Mart\u00edn (Santa Fe) ARG \ud83c\udde6\ud83c\uddf7<\/li>\n<\/ul>\n\n\n\n<p><\/p>\n\n\n\n<blockquote class=\"wp-block-quote is-layout-flow wp-block-quote-is-layout-flow\">\n<p>Como todos los eventos deportivos que lleva adelante Esquerra, el Mundialito de v\u00f3ley de categor\u00edas formativas tuvo resultados y posiciones actualizados de manera inmediata (<a href=\"https:\/\/esquerra.com.ar\/voleibol\/mundialito-formativas\/\">https:\/\/esquerra.com.ar\/voleibol\/mundialito-formativas\/<\/a>), coberturas en redes sociales (Instagram, Tik Tok y Facebook), streaming en vivo de todos los partidos y fot\u00f3grafos en cada cancha.<\/p>\n<\/blockquote>\n","protected":false},"excerpt":{"rendered":"<p>La edici\u00f3n 2024 del Mundialito de v\u00f3ley de categor\u00edas formativas organizado por la agencia Esquerra se cerr\u00f3 con las coronaciones de los siguientes equipos: TODOS LOS CAMPEONES U12 femenina U14 femenina U16 femenina U18 femenina El torneo que organiz\u00f3 la agencia\u00a0Esquerra\u00a0cont\u00f3 con la participaci\u00f3n de\u00a0equipos de Argentina, Per\u00fa, Colombia y Chile. Hubo m\u00e1s\u00a0500 participantes\u00a0(entre jugadores&hellip;&nbsp;<a href=\"https:\/\/esquerra.com.ar\/voleibol\/campeones-mundialito-voley-2024-categoria-por-categoria\/\" rel=\"bookmark\">Leer m\u00e1s &raquo;<span class=\"screen-reader-text\">Los campeones del Mundialito de v\u00f3ley 2024, categor\u00eda por categor\u00eda<\/span><\/a><\/p>\n","protected":false},"author":4,"featured_media":1429,"comment_status":"closed","ping_status":"closed","sticky":false,"template":"","format":"standard","meta":{"_coblocks_attr":"","_coblocks_dimensions":"","_coblocks_responsive_height":"","_coblocks_accordion_ie_support":"","neve_meta_sidebar":"","neve_meta_container":"","neve_meta_enable_content_width":"","neve_meta_content_width":0,"neve_meta_title_alignment":"","neve_meta_author_avatar":"","neve_post_elements_order":"","neve_meta_disable_header":"","neve_meta_disable_footer":"","neve_meta_disable_title":"","footnotes":""},"categories":[166],"tags":[165,164,163,161,162],"class_list":["post-1423","post","type-post","status-publish","format-standard","has-post-thumbnail","hentry","category-mundialito-voley-2024","tag-cordoba","tag-esquerra","tag-formativas","tag-mundialito","tag-voley"],"_links":{"self":[{"href":"https:\/\/esquerra.com.ar\/voleibol\/wp-json\/wp\/v2\/posts\/1423","targetHints":{"allow":["GET"]}}],"collection":[{"href":"https:\/\/esquerra.com.ar\/voleibol\/wp-json\/wp\/v2\/posts"}],"about":[{"href":"https:\/\/esquerra.com.ar\/voleibol\/wp-json\/wp\/v2\/types\/post"}],"author":[{"embeddable":true,"href":"https:\/\/esquerra.com.ar\/voleibol\/wp-json\/wp\/v2\/users\/4"}],"replies":[{"embeddable":true,"href":"https:\/\/esquerra.com.ar\/voleibol\/wp-json\/wp\/v2\/comments?post=1423"}],"version-history":[{"count":2,"href":"https:\/\/esquerra.com.ar\/voleibol\/wp-json\/wp\/v2\/posts\/1423\/revisions"}],"predecessor-version":[{"id":1428,"href":"https:\/\/esquerra.com.ar\/voleibol\/wp-json\/wp\/v2\/posts\/1423\/revisions\/1428"}],"wp:featuredmedia":[{"embeddable":true,"href":"https:\/\/esquerra.com.ar\/voleibol\/wp-json\/wp\/v2\/media\/1429"}],"wp:attachment":[{"href":"https:\/\/esquerra.com.ar\/voleibol\/wp-json\/wp\/v2\/media?parent=1423"}],"wp:term":[{"taxonomy":"category","embeddable":true,"href":"https:\/\/esquerra.com.ar\/voleibol\/wp-json\/wp\/v2\/categories?post=1423"},{"taxonomy":"post_tag","embeddable":true,"href":"https:\/\/esquerra.com.ar\/voleibol\/wp-json\/wp\/v2\/tags?post=1423"}],"curies":[{"name":"wp","href":"https:\/\/api.w.org\/{rel}","templated":true}]}}