{"id":1362,"date":"2024-10-31T21:00:00","date_gmt":"2024-11-01T00:00:00","guid":{"rendered":"https:\/\/esquerra.com.ar\/voleibol\/?p=1362"},"modified":"2024-11-01T11:25:35","modified_gmt":"2024-11-01T14:25:35","slug":"equipos-peru-chile-colombia-sudamerica-mundialito-voley","status":"publish","type":"post","link":"https:\/\/esquerra.com.ar\/voleibol\/equipos-peru-chile-colombia-sudamerica-mundialito-voley\/","title":{"rendered":"Equipos de Per\u00fa, Chile y Colombia le ponen color sudamericano al Mundialito de v\u00f3ley"},"content":{"rendered":"\n<p><\/p>\n\n\n\n<p><\/p>\n\n\n\n<p>La participaci\u00f3n de equipos de Per\u00fa, Chile y Colombia le otorgan color sudamericano al Mundialito de v\u00f3ley de categor\u00edas formativas que se desarrollar\u00e1 entre el 1 y el 3 de noviembre de 2024 en la ciudad de C\u00f3rdoba, Argentina.<\/p>\n\n\n\n<p>El torneo es organizado por la agencia&nbsp;<strong>Esquerra&nbsp;y <\/strong>contar\u00e1 con m\u00e1s&nbsp;<strong>500 participantes<\/strong>&nbsp;(entre jugadores de ambos sexos y entrenadores) que disputar\u00e1n&nbsp;<strong>110 partidos<\/strong>&nbsp;de&nbsp;<strong>6 categor\u00edas<\/strong>&nbsp;en <strong>7 canchas<\/strong> de&nbsp;<strong>3 clubes<\/strong>.<\/p>\n\n\n\n<p><\/p>\n\n\n\n<blockquote class=\"wp-block-quote is-layout-flow wp-block-quote-is-layout-flow\">\n<p>El evento es parte del calendario 2024 de Esquerra, que tambi\u00e9n organiza cert\u00e1menes de b\u00e1squet, hockey sobre c\u00e9sped y f\u00fatbol. De hecho, en octubre se llev\u00f3 a cabo el <a href=\"https:\/\/esquerra.com.ar\/basquet\/category\/basquet2024\/\">Mundialito de b\u00e1squetbol de categor\u00edas formativas, con 1.500 participantes<\/a> y equipos de Uruguay, Chile, Paraguay y Bolivia.<\/p>\n<\/blockquote>\n\n\n\n<figure class=\"wp-block-image size-full\"><img fetchpriority=\"high\" decoding=\"async\" width=\"1023\" height=\"843\" src=\"https:\/\/esquerra.com.ar\/voleibol\/wp-content\/uploads\/2024\/11\/Chile-2.jpg\" alt=\"\" class=\"wp-image-1365\" srcset=\"https:\/\/esquerra.com.ar\/voleibol\/wp-content\/uploads\/2024\/11\/Chile-2.jpg 1023w, https:\/\/esquerra.com.ar\/voleibol\/wp-content\/uploads\/2024\/11\/Chile-2-300x247.jpg 300w, https:\/\/esquerra.com.ar\/voleibol\/wp-content\/uploads\/2024\/11\/Chile-2-768x633.jpg 768w, https:\/\/esquerra.com.ar\/voleibol\/wp-content\/uploads\/2024\/11\/Chile-2-128x105.jpg 128w, https:\/\/esquerra.com.ar\/voleibol\/wp-content\/uploads\/2024\/11\/Chile-2-32x26.jpg 32w\" sizes=\"(max-width: 1023px) 100vw, 1023px\" \/><\/figure>\n\n\n\n<p><\/p>\n\n\n\n<blockquote class=\"wp-block-quote is-layout-flow wp-block-quote-is-layout-flow\">\n<p>Entre los visitantes habr\u00e1 cuatro equipos extranjeros: dos chilenos, uno peruano y otro colombiano.<\/p>\n<\/blockquote>\n\n\n\n<p><strong>Alianza La Molina<\/strong>, de Lima, Per\u00fa, es la delegaci\u00f3n visitante m\u00e1s numerosa: cuenta con equipos en las categor\u00edas U14 y U16 femeninas y U18 masculina.<\/p>\n\n\n\n<p><strong>Nilsa Voleibol<\/strong>, de Santiago de Chile, jugar\u00e1 en U14 y U16 femenina, en tanto que el otro equipo chileno, <strong>Real Bucalemu<\/strong>, de San Felipe, intervendr\u00e1 en la U18 masculina. <\/p>\n\n\n\n<p>Por su parte, <strong>Supernova<\/strong>, de Bogot\u00e1, Colombia, llegar\u00e1 a C\u00f3rdoba para buscar el t\u00edtulo en la categor\u00eda U16 femenina.<\/p>\n\n\n\n<figure class=\"wp-block-video\"><video height=\"1280\" style=\"aspect-ratio: 720 \/ 1280;\" width=\"720\" controls src=\"https:\/\/esquerra.com.ar\/voleibol\/wp-content\/uploads\/2024\/11\/Video-web.mp4\"><\/video><\/figure>\n\n\n\n<p><\/p>\n\n\n\n<blockquote class=\"wp-block-quote is-layout-flow wp-block-quote-is-layout-flow\">\n<p>Como todos los eventos deportivos que lleva adelante Esquerra, el Mundialito de v\u00f3ley de categor\u00edas formativas tendr\u00e1 resultados y posiciones actualizados de manera inmediata (<a href=\"https:\/\/esquerra.com.ar\/voleibol\/mundialito-formativas\/\">https:\/\/esquerra.com.ar\/voleibol\/mundialito-formativas\/<\/a>), coberturas en redes sociales (Instagram, Tik Tok y Facebook), streaming en vivo de todos los partidos en su canal de YouTube, fot\u00f3grafos en cada cancha y res\u00famenes de cada jornada en su sitio web.<\/p>\n<\/blockquote>\n\n\n\n<figure class=\"wp-block-embed is-type-video is-provider-youtube wp-block-embed-youtube wp-embed-aspect-16-9 wp-has-aspect-ratio\"><div class=\"wp-block-embed__wrapper\">\n<div class=\"nv-iframe-embed\"><iframe title=\"Mundialito Voley Resumen\" width=\"1200\" height=\"675\" data-src=\"https:\/\/www.youtube.com\/embed\/yB1n477FYxY?feature=oembed\" frameborder=\"0\" allow=\"accelerometer; autoplay; clipboard-write; encrypted-media; gyroscope; picture-in-picture; web-share\" referrerpolicy=\"strict-origin-when-cross-origin\" allowfullscreen src=\"data:image\/gif;base64,R0lGODlhAQABAAAAACH5BAEKAAEALAAAAAABAAEAAAICTAEAOw==\" class=\"lazyload\" data-load-mode=\"1\"><\/iframe><\/div>\n<\/div><\/figure>\n","protected":false},"excerpt":{"rendered":"<p>La participaci\u00f3n de equipos de Per\u00fa, Chile y Colombia le otorgan color sudamericano al Mundialito de v\u00f3ley de categor\u00edas formativas que se desarrollar\u00e1 entre el 1 y el 3 de noviembre de 2024 en la ciudad de C\u00f3rdoba, Argentina. El torneo es organizado por la agencia&nbsp;Esquerra&nbsp;y contar\u00e1 con m\u00e1s&nbsp;500 participantes&nbsp;(entre jugadores de ambos sexos y&hellip;&nbsp;<a href=\"https:\/\/esquerra.com.ar\/voleibol\/equipos-peru-chile-colombia-sudamerica-mundialito-voley\/\" rel=\"bookmark\">Leer m\u00e1s &raquo;<span class=\"screen-reader-text\">Equipos de Per\u00fa, Chile y Colombia le ponen color sudamericano al Mundialito de v\u00f3ley<\/span><\/a><\/p>\n","protected":false},"author":4,"featured_media":1363,"comment_status":"closed","ping_status":"closed","sticky":false,"template":"","format":"standard","meta":{"_coblocks_attr":"","_coblocks_dimensions":"","_coblocks_responsive_height":"","_coblocks_accordion_ie_support":"","neve_meta_sidebar":"","neve_meta_container":"","neve_meta_enable_content_width":"","neve_meta_content_width":0,"neve_meta_title_alignment":"","neve_meta_author_avatar":"","neve_post_elements_order":"","neve_meta_disable_header":"","neve_meta_disable_footer":"","neve_meta_disable_title":"","footnotes":""},"categories":[166],"tags":[165,164,163,161,162],"class_list":["post-1362","post","type-post","status-publish","format-standard","has-post-thumbnail","hentry","category-mundialito-voley-2024","tag-cordoba","tag-esquerra","tag-formativas","tag-mundialito","tag-voley"],"_links":{"self":[{"href":"https:\/\/esquerra.com.ar\/voleibol\/wp-json\/wp\/v2\/posts\/1362","targetHints":{"allow":["GET"]}}],"collection":[{"href":"https:\/\/esquerra.com.ar\/voleibol\/wp-json\/wp\/v2\/posts"}],"about":[{"href":"https:\/\/esquerra.com.ar\/voleibol\/wp-json\/wp\/v2\/types\/post"}],"author":[{"embeddable":true,"href":"https:\/\/esquerra.com.ar\/voleibol\/wp-json\/wp\/v2\/users\/4"}],"replies":[{"embeddable":true,"href":"https:\/\/esquerra.com.ar\/voleibol\/wp-json\/wp\/v2\/comments?post=1362"}],"version-history":[{"count":3,"href":"https:\/\/esquerra.com.ar\/voleibol\/wp-json\/wp\/v2\/posts\/1362\/revisions"}],"predecessor-version":[{"id":1368,"href":"https:\/\/esquerra.com.ar\/voleibol\/wp-json\/wp\/v2\/posts\/1362\/revisions\/1368"}],"wp:featuredmedia":[{"embeddable":true,"href":"https:\/\/esquerra.com.ar\/voleibol\/wp-json\/wp\/v2\/media\/1363"}],"wp:attachment":[{"href":"https:\/\/esquerra.com.ar\/voleibol\/wp-json\/wp\/v2\/media?parent=1362"}],"wp:term":[{"taxonomy":"category","embeddable":true,"href":"https:\/\/esquerra.com.ar\/voleibol\/wp-json\/wp\/v2\/categories?post=1362"},{"taxonomy":"post_tag","embeddable":true,"href":"https:\/\/esquerra.com.ar\/voleibol\/wp-json\/wp\/v2\/tags?post=1362"}],"curies":[{"name":"wp","href":"https:\/\/api.w.org\/{rel}","templated":true}]}}