{"id":1351,"date":"2024-10-31T19:30:00","date_gmt":"2024-10-31T22:30:00","guid":{"rendered":"https:\/\/esquerra.com.ar\/voleibol\/?p=1351"},"modified":"2024-11-01T11:06:33","modified_gmt":"2024-11-01T14:06:33","slug":"ocho-provincias-argentinas-equipos-mundialito-voley-formativas","status":"publish","type":"post","link":"https:\/\/esquerra.com.ar\/voleibol\/ocho-provincias-argentinas-equipos-mundialito-voley-formativas\/","title":{"rendered":"Equipos de ocho provincias argentinas competir\u00e1n en el Mundialito de v\u00f3ley de categor\u00edas formativas"},"content":{"rendered":"\n<p><\/p>\n\n\n\n<p>La edici\u00f3n 2024 del<strong> Mundialito de v\u00f3ley de categor\u00edas formativas<\/strong>, organizado por la agencia <strong>Esquerra<\/strong>, contar\u00e1 con la participaci\u00f3n de <strong>equipos de ocho provincias argentinas<\/strong>.<\/p>\n\n\n\n<p>El torneo tendr\u00e1 m\u00e1s&nbsp;<strong>500 participantes<\/strong>&nbsp;(entre jugadores de ambos sexos y entrenadores), que disputar\u00e1n <strong>110 partidos<\/strong> (72 de fase regular y 38 de la jornada decisiva).<\/p>\n\n\n\n<p><\/p>\n\n\n\n<blockquote class=\"wp-block-quote is-layout-flow wp-block-quote-is-layout-flow\">\n<p>La representaci\u00f3n contemplar\u00e1 buena parte del extenso mapa de nuestro pa\u00eds: desde Tierra del Fuego, en el extremo sur, a Formosa, en el norte de nuestro territorio.<\/p>\n<\/blockquote>\n\n\n\n<figure class=\"wp-block-video\"><video height=\"1280\" style=\"aspect-ratio: 720 \/ 1280;\" width=\"720\" controls src=\"https:\/\/esquerra.com.ar\/voleibol\/wp-content\/uploads\/2024\/11\/Video-web.mp4\"><\/video><\/figure>\n\n\n\n<p><\/p>\n\n\n\n<blockquote class=\"wp-block-quote is-layout-flow wp-block-quote-is-layout-flow\">\n<p>Las provincias representadas en el Mundialito ser\u00e1n las siguientes:<\/p>\n<\/blockquote>\n\n\n\n<ul class=\"wp-block-list\">\n<li>Tierra del Fuego<\/li>\n\n\n\n<li>Santa Cruz<\/li>\n\n\n\n<li>Neuqu\u00e9n<\/li>\n\n\n\n<li>Formosa<\/li>\n\n\n\n<li>Catamarca<\/li>\n\n\n\n<li>Buenos Aires<\/li>\n\n\n\n<li>Santa Fe<\/li>\n\n\n\n<li>C\u00f3rdoba<\/li>\n<\/ul>\n\n\n\n<figure class=\"wp-block-image size-large\"><img fetchpriority=\"high\" decoding=\"async\" width=\"1024\" height=\"690\" src=\"https:\/\/esquerra.com.ar\/voleibol\/wp-content\/uploads\/2024\/11\/Equipos-1024x690.jpeg\" alt=\"\" class=\"wp-image-1354\" srcset=\"https:\/\/esquerra.com.ar\/voleibol\/wp-content\/uploads\/2024\/11\/Equipos-1024x690.jpeg 1024w, https:\/\/esquerra.com.ar\/voleibol\/wp-content\/uploads\/2024\/11\/Equipos-300x202.jpeg 300w, https:\/\/esquerra.com.ar\/voleibol\/wp-content\/uploads\/2024\/11\/Equipos-768x517.jpeg 768w, https:\/\/esquerra.com.ar\/voleibol\/wp-content\/uploads\/2024\/11\/Equipos-1536x1035.jpeg 1536w, https:\/\/esquerra.com.ar\/voleibol\/wp-content\/uploads\/2024\/11\/Equipos-128x86.jpeg 128w, https:\/\/esquerra.com.ar\/voleibol\/wp-content\/uploads\/2024\/11\/Equipos-32x22.jpeg 32w, https:\/\/esquerra.com.ar\/voleibol\/wp-content\/uploads\/2024\/11\/Equipos.jpeg 1599w\" sizes=\"(max-width: 1024px) 100vw, 1024px\" \/><\/figure>\n\n\n\n<p style=\"font-size:22px\">EQUIPOS POR PROVINCIAS<\/p>\n\n\n\n<p><strong>TIERRA DEL FUEGO<\/strong><\/p>\n\n\n\n<ul class=\"wp-block-list\">\n<li>AEP (Ushuaia) ARG<\/li>\n<\/ul>\n\n\n\n<p><strong>SANTA CRUZ<\/strong><\/p>\n\n\n\n<ul class=\"wp-block-list\">\n<li>Universitario (Caleta Olivia) ARG<\/li>\n\n\n\n<li>Lihuen (Caleta Olivia) ARG<\/li>\n<\/ul>\n\n\n\n<p><strong>NEUQU\u00c9N<\/strong><\/p>\n\n\n\n<ul class=\"wp-block-list\">\n<li>Carpinteros del Sur (Villa la Angostura) ARG<\/li>\n<\/ul>\n\n\n\n<p><strong>FORMOSA<\/strong><\/p>\n\n\n\n<ul class=\"wp-block-list\">\n<li>Independencia Star (Formosa) ARG<\/li>\n<\/ul>\n\n\n\n<p><strong>CATAMARCA<\/strong><\/p>\n\n\n\n<ul class=\"wp-block-list\">\n<li>Mutual Catamarca (Catamarca) ARG<\/li>\n<\/ul>\n\n\n\n<p><strong>BUENOS AIRES<\/strong><\/p>\n\n\n\n<ul class=\"wp-block-list\">\n<li>Sinergia Voley Pilar (Pilar) ARG<\/li>\n\n\n\n<li>El Fort\u00edn (Tapiales) ARG<\/li>\n<\/ul>\n\n\n\n<p><strong>SANTA FE<\/strong><\/p>\n\n\n\n<ul class=\"wp-block-list\">\n<li>PSM (Pto. San Mart\u00edn) ARG<\/li>\n<\/ul>\n\n\n\n<p><strong>C\u00d3RDOBA (INTERIOR Y CAPITAL)<\/strong><\/p>\n\n\n\n<p><em>PROVINCIA DE C\u00d3RDOBA<\/em><\/p>\n\n\n\n<ul class=\"wp-block-list\">\n<li>Agraria (Colonia Caroya) ARG<\/li>\n\n\n\n<li>Sportivo Isla Verde (Isla Verde) ARG<\/li>\n\n\n\n<li>9 de Julio (R\u00edo Tercero) ARG<\/li>\n\n\n\n<li>San Martin (Marcos Ju\u00e1rez) ARG<\/li>\n\n\n\n<li>IMC (R\u00edo Tercero) ARG<\/li>\n\n\n\n<li>La Calera (La Calera) ARG<\/li>\n<\/ul>\n\n\n\n<p><em>CIUDAD DE C\u00d3RDOBA<\/em><\/p>\n\n\n\n<ul class=\"wp-block-list\">\n<li>Racing (C\u00f3rdoba) ARG<\/li>\n\n\n\n<li>Atenas (C\u00f3rdoba) ARG<\/li>\n\n\n\n<li>Poeta Lugones (C\u00f3rdoba) ARG<\/li>\n\n\n\n<li>Uni\u00f3n El\u00e9ctrica (C\u00f3rdoba) ARG<\/li>\n\n\n\n<li>Las Flores (C\u00f3rdoba) ARG<\/li>\n\n\n\n<li>Villa Azalais (C\u00f3rdoba) ARG<\/li>\n<\/ul>\n\n\n\n<p><\/p>\n\n\n\n<figure class=\"wp-block-embed is-type-video is-provider-youtube wp-block-embed-youtube wp-embed-aspect-16-9 wp-has-aspect-ratio\"><div class=\"wp-block-embed__wrapper\">\n<div class=\"nv-iframe-embed\"><iframe title=\"Mundialito Voley Resumen\" width=\"1200\" height=\"675\" data-src=\"https:\/\/www.youtube.com\/embed\/yB1n477FYxY?feature=oembed\" frameborder=\"0\" allow=\"accelerometer; autoplay; clipboard-write; encrypted-media; gyroscope; picture-in-picture; web-share\" referrerpolicy=\"strict-origin-when-cross-origin\" allowfullscreen src=\"data:image\/gif;base64,R0lGODlhAQABAAAAACH5BAEKAAEALAAAAAABAAEAAAICTAEAOw==\" class=\"lazyload\" data-load-mode=\"1\"><\/iframe><\/div>\n<\/div><\/figure>\n\n\n\n<p><\/p>\n\n\n\n<blockquote class=\"wp-block-quote is-layout-flow wp-block-quote-is-layout-flow\">\n<p>Como todos los eventos deportivos que lleva adelante Esquerra, el Mundialito de v\u00f3ley de categor\u00edas formativas tendr\u00e1 resultados y posiciones actualizados de manera inmediata (<a href=\"https:\/\/esquerra.com.ar\/voleibol\/mundialito-formativas\/\">https:\/\/esquerra.com.ar\/voleibol\/mundialito-formativas\/<\/a>), coberturas en redes sociales (Instagram, Tik Tok y Facebook), streaming en vivo de todos los partidos en su canal de YouTube, fot\u00f3grafos en cada cancha y res\u00famenes de cada jornada en su sitio web.<\/p>\n<\/blockquote>\n\n\n\n<p><\/p>\n","protected":false},"excerpt":{"rendered":"<p>La edici\u00f3n 2024 del Mundialito de v\u00f3ley de categor\u00edas formativas, organizado por la agencia Esquerra, contar\u00e1 con la participaci\u00f3n de equipos de ocho provincias argentinas. El torneo tendr\u00e1 m\u00e1s&nbsp;500 participantes&nbsp;(entre jugadores de ambos sexos y entrenadores), que disputar\u00e1n 110 partidos (72 de fase regular y 38 de la jornada decisiva). La representaci\u00f3n contemplar\u00e1 buena parte&hellip;&nbsp;<a href=\"https:\/\/esquerra.com.ar\/voleibol\/ocho-provincias-argentinas-equipos-mundialito-voley-formativas\/\" rel=\"bookmark\">Leer m\u00e1s &raquo;<span class=\"screen-reader-text\">Equipos de ocho provincias argentinas competir\u00e1n en el Mundialito de v\u00f3ley de categor\u00edas formativas<\/span><\/a><\/p>\n","protected":false},"author":4,"featured_media":1352,"comment_status":"closed","ping_status":"closed","sticky":false,"template":"","format":"standard","meta":{"_coblocks_attr":"","_coblocks_dimensions":"","_coblocks_responsive_height":"","_coblocks_accordion_ie_support":"","neve_meta_sidebar":"","neve_meta_container":"","neve_meta_enable_content_width":"","neve_meta_content_width":0,"neve_meta_title_alignment":"","neve_meta_author_avatar":"","neve_post_elements_order":"","neve_meta_disable_header":"","neve_meta_disable_footer":"","neve_meta_disable_title":"","footnotes":""},"categories":[1],"tags":[165,164,163,161,162],"class_list":["post-1351","post","type-post","status-publish","format-standard","has-post-thumbnail","hentry","category-sin-categoria","tag-cordoba","tag-esquerra","tag-formativas","tag-mundialito","tag-voley"],"_links":{"self":[{"href":"https:\/\/esquerra.com.ar\/voleibol\/wp-json\/wp\/v2\/posts\/1351","targetHints":{"allow":["GET"]}}],"collection":[{"href":"https:\/\/esquerra.com.ar\/voleibol\/wp-json\/wp\/v2\/posts"}],"about":[{"href":"https:\/\/esquerra.com.ar\/voleibol\/wp-json\/wp\/v2\/types\/post"}],"author":[{"embeddable":true,"href":"https:\/\/esquerra.com.ar\/voleibol\/wp-json\/wp\/v2\/users\/4"}],"replies":[{"embeddable":true,"href":"https:\/\/esquerra.com.ar\/voleibol\/wp-json\/wp\/v2\/comments?post=1351"}],"version-history":[{"count":6,"href":"https:\/\/esquerra.com.ar\/voleibol\/wp-json\/wp\/v2\/posts\/1351\/revisions"}],"predecessor-version":[{"id":1361,"href":"https:\/\/esquerra.com.ar\/voleibol\/wp-json\/wp\/v2\/posts\/1351\/revisions\/1361"}],"wp:featuredmedia":[{"embeddable":true,"href":"https:\/\/esquerra.com.ar\/voleibol\/wp-json\/wp\/v2\/media\/1352"}],"wp:attachment":[{"href":"https:\/\/esquerra.com.ar\/voleibol\/wp-json\/wp\/v2\/media?parent=1351"}],"wp:term":[{"taxonomy":"category","embeddable":true,"href":"https:\/\/esquerra.com.ar\/voleibol\/wp-json\/wp\/v2\/categories?post=1351"},{"taxonomy":"post_tag","embeddable":true,"href":"https:\/\/esquerra.com.ar\/voleibol\/wp-json\/wp\/v2\/tags?post=1351"}],"curies":[{"name":"wp","href":"https:\/\/api.w.org\/{rel}","templated":true}]}}