{"id":3631,"date":"2025-10-05T19:15:00","date_gmt":"2025-10-05T22:15:00","guid":{"rendered":"https:\/\/esquerra.com.ar\/basquet\/?p=3631"},"modified":"2025-10-05T20:17:41","modified_gmt":"2025-10-05T23:17:41","slug":"campeones-mundialito-2025-categorias-formativas","status":"publish","type":"post","link":"https:\/\/esquerra.com.ar\/basquet\/campeones-mundialito-2025-categorias-formativas\/","title":{"rendered":"Todos los campeones del Mundialito 2025 de formativas, categor\u00eda por categor\u00eda"},"content":{"rendered":"\n<p>Este domingo 5 de octubre se cerr\u00f3 la edici\u00f3n 2025 del Mundialito de b\u00e1squetbol de categor\u00edas formativas, el mega torneo organizado por la agencia Esquerra que reuni\u00f3 a delegaciones otros cinco pa\u00edses de Sudam\u00e9rica y nueve provincias argentinas, adem\u00e1s de m\u00faltiples clubes y seleccionados de C\u00f3rdoba.<\/p>\n\n\n\n<blockquote class=\"wp-block-quote is-layout-flow wp-block-quote-is-layout-flow\">\n<p>A continuaci\u00f3n, todos los campeones, categor\u00eda por categor\u00eda.<\/p>\n<\/blockquote>\n\n\n\n<p class=\"has-text-align-center\" style=\"font-size:25px\">U12 MIXTO<\/p>\n\n\n\n<p class=\"has-text-align-center\">Colegio John Nash (Lima, Per\u00fa)<\/p>\n\n\n\n<p class=\"has-text-align-center\" style=\"font-size:25px\">U13 MASCULINO<\/p>\n\n\n\n<p class=\"has-text-align-center\">Wanderers (Paysand\u00fa, Uruguay)<\/p>\n\n\n\n<figure class=\"wp-block-image size-large\"><img fetchpriority=\"high\" decoding=\"async\" width=\"1024\" height=\"682\" src=\"https:\/\/esquerra.com.ar\/basquet\/wp-content\/uploads\/2025\/10\/U13M-ORO-Los-Lobos-vs-Wanderers-33-1-1024x682.jpg\" alt=\"\" class=\"wp-image-3635\" srcset=\"https:\/\/esquerra.com.ar\/basquet\/wp-content\/uploads\/2025\/10\/U13M-ORO-Los-Lobos-vs-Wanderers-33-1-1024x682.jpg 1024w, https:\/\/esquerra.com.ar\/basquet\/wp-content\/uploads\/2025\/10\/U13M-ORO-Los-Lobos-vs-Wanderers-33-1-300x200.jpg 300w, https:\/\/esquerra.com.ar\/basquet\/wp-content\/uploads\/2025\/10\/U13M-ORO-Los-Lobos-vs-Wanderers-33-1-768x512.jpg 768w, https:\/\/esquerra.com.ar\/basquet\/wp-content\/uploads\/2025\/10\/U13M-ORO-Los-Lobos-vs-Wanderers-33-1-128x85.jpg 128w, https:\/\/esquerra.com.ar\/basquet\/wp-content\/uploads\/2025\/10\/U13M-ORO-Los-Lobos-vs-Wanderers-33-1-32x21.jpg 32w, https:\/\/esquerra.com.ar\/basquet\/wp-content\/uploads\/2025\/10\/U13M-ORO-Los-Lobos-vs-Wanderers-33-1-930x620.jpg 930w, https:\/\/esquerra.com.ar\/basquet\/wp-content\/uploads\/2025\/10\/U13M-ORO-Los-Lobos-vs-Wanderers-33-1.jpg 1280w\" sizes=\"(max-width: 1024px) 100vw, 1024px\" \/><\/figure>\n\n\n\n<p class=\"has-text-align-center\" style=\"font-size:25px\">U13 FEMENINO<\/p>\n\n\n\n<p class=\"has-text-align-center\">ACBB \u201cA\u201d (C\u00f3rdoba, Argentina)<\/p>\n\n\n\n<p class=\"has-text-align-center\" style=\"font-size:25px\">U15 MASCULINO<\/p>\n\n\n\n<p class=\"has-text-align-center\">Riachuelo (La Rioja, Argentina)<\/p>\n\n\n\n<p class=\"has-text-align-center\" style=\"font-size:25px\">U15 FEMENINO<\/p>\n\n\n\n<p class=\"has-text-align-center\">ACBB \u201cA\u201d (C\u00f3rdoba, Argentina)<\/p>\n\n\n\n<p class=\"has-text-align-center\" style=\"font-size:25px\">U17 MASCULINO<\/p>\n\n\n\n<p class=\"has-text-align-center\">Wanderers (Paysand\u00fa, Uruguay)<\/p>\n\n\n\n<p class=\"has-text-align-center\" style=\"font-size:25px\">U17 FEMENINO<\/p>\n\n\n\n<p class=\"has-text-align-center\">Aguada (Montevideo, Uruguay)<\/p>\n\n\n\n<figure class=\"wp-block-image size-large\"><img decoding=\"async\" width=\"1024\" height=\"682\" src=\"https:\/\/esquerra.com.ar\/basquet\/wp-content\/uploads\/2025\/10\/U17F-ORO-Aguada-vs-Puente-Alto-17-1024x682.jpg\" alt=\"\" class=\"wp-image-3633\" srcset=\"https:\/\/esquerra.com.ar\/basquet\/wp-content\/uploads\/2025\/10\/U17F-ORO-Aguada-vs-Puente-Alto-17-1024x682.jpg 1024w, https:\/\/esquerra.com.ar\/basquet\/wp-content\/uploads\/2025\/10\/U17F-ORO-Aguada-vs-Puente-Alto-17-300x200.jpg 300w, https:\/\/esquerra.com.ar\/basquet\/wp-content\/uploads\/2025\/10\/U17F-ORO-Aguada-vs-Puente-Alto-17-768x512.jpg 768w, https:\/\/esquerra.com.ar\/basquet\/wp-content\/uploads\/2025\/10\/U17F-ORO-Aguada-vs-Puente-Alto-17-128x85.jpg 128w, https:\/\/esquerra.com.ar\/basquet\/wp-content\/uploads\/2025\/10\/U17F-ORO-Aguada-vs-Puente-Alto-17-32x21.jpg 32w, https:\/\/esquerra.com.ar\/basquet\/wp-content\/uploads\/2025\/10\/U17F-ORO-Aguada-vs-Puente-Alto-17-930x620.jpg 930w, https:\/\/esquerra.com.ar\/basquet\/wp-content\/uploads\/2025\/10\/U17F-ORO-Aguada-vs-Puente-Alto-17.jpg 1280w\" sizes=\"(max-width: 1024px) 100vw, 1024px\" \/><\/figure>\n\n\n\n<p class=\"has-text-align-center\" style=\"font-size:25px\">U19 MASCULINO<\/p>\n\n\n\n<p class=\"has-text-align-center\">ACBB \u201cA\u201d (C\u00f3rdoba, Argentina)<\/p>\n","protected":false},"excerpt":{"rendered":"<p>Este domingo 5 de octubre se cerr\u00f3 la edici\u00f3n 2025 del Mundialito de b\u00e1squetbol de categor\u00edas formativas, el mega torneo organizado por la agencia Esquerra que reuni\u00f3 a delegaciones otros cinco pa\u00edses de Sudam\u00e9rica y nueve provincias argentinas, adem\u00e1s de m\u00faltiples clubes y seleccionados de C\u00f3rdoba. A continuaci\u00f3n, todos los campeones, categor\u00eda por categor\u00eda. U12&hellip;&nbsp;<a href=\"https:\/\/esquerra.com.ar\/basquet\/campeones-mundialito-2025-categorias-formativas\/\" rel=\"bookmark\">Leer m\u00e1s &raquo;<span class=\"screen-reader-text\">Todos los campeones del Mundialito 2025 de formativas, categor\u00eda por categor\u00eda<\/span><\/a><\/p>\n","protected":false},"author":3,"featured_media":3632,"comment_status":"closed","ping_status":"closed","sticky":false,"template":"","format":"standard","meta":{"_coblocks_attr":"","_coblocks_dimensions":"","_coblocks_responsive_height":"","_coblocks_accordion_ie_support":"","neve_meta_sidebar":"","neve_meta_container":"","neve_meta_enable_content_width":"","neve_meta_content_width":0,"neve_meta_title_alignment":"","neve_meta_author_avatar":"","neve_post_elements_order":"","neve_meta_disable_header":"","neve_meta_disable_footer":"","neve_meta_disable_title":"","footnotes":""},"categories":[1],"tags":[],"class_list":["post-3631","post","type-post","status-publish","format-standard","has-post-thumbnail","hentry","category-sin-categoria"],"_links":{"self":[{"href":"https:\/\/esquerra.com.ar\/basquet\/wp-json\/wp\/v2\/posts\/3631","targetHints":{"allow":["GET"]}}],"collection":[{"href":"https:\/\/esquerra.com.ar\/basquet\/wp-json\/wp\/v2\/posts"}],"about":[{"href":"https:\/\/esquerra.com.ar\/basquet\/wp-json\/wp\/v2\/types\/post"}],"author":[{"embeddable":true,"href":"https:\/\/esquerra.com.ar\/basquet\/wp-json\/wp\/v2\/users\/3"}],"replies":[{"embeddable":true,"href":"https:\/\/esquerra.com.ar\/basquet\/wp-json\/wp\/v2\/comments?post=3631"}],"version-history":[{"count":1,"href":"https:\/\/esquerra.com.ar\/basquet\/wp-json\/wp\/v2\/posts\/3631\/revisions"}],"predecessor-version":[{"id":3636,"href":"https:\/\/esquerra.com.ar\/basquet\/wp-json\/wp\/v2\/posts\/3631\/revisions\/3636"}],"wp:featuredmedia":[{"embeddable":true,"href":"https:\/\/esquerra.com.ar\/basquet\/wp-json\/wp\/v2\/media\/3632"}],"wp:attachment":[{"href":"https:\/\/esquerra.com.ar\/basquet\/wp-json\/wp\/v2\/media?parent=3631"}],"wp:term":[{"taxonomy":"category","embeddable":true,"href":"https:\/\/esquerra.com.ar\/basquet\/wp-json\/wp\/v2\/categories?post=3631"},{"taxonomy":"post_tag","embeddable":true,"href":"https:\/\/esquerra.com.ar\/basquet\/wp-json\/wp\/v2\/tags?post=3631"}],"curies":[{"name":"wp","href":"https:\/\/api.w.org\/{rel}","templated":true}]}}