{"id":3534,"date":"2025-10-02T09:51:38","date_gmt":"2025-10-02T12:51:38","guid":{"rendered":"https:\/\/esquerra.com.ar\/basquet\/?p=3534"},"modified":"2025-10-02T09:56:32","modified_gmt":"2025-10-02T12:56:32","slug":"mundialito-basquetbol-2025-esquerra-1500-participantes-sudamerica-argentina-cordoba","status":"publish","type":"post","link":"https:\/\/esquerra.com.ar\/basquet\/mundialito-basquetbol-2025-esquerra-1500-participantes-sudamerica-argentina-cordoba\/","title":{"rendered":"El Mundialito de b\u00e1squetbol 2025 contar\u00e1 con 1.500 participantes y la visita de equipos de cinco pa\u00edses de Sudam\u00e9rica"},"content":{"rendered":"\n<p>La edici\u00f3n 2025 del Mundialito de b\u00e1squetbol de categor\u00edas formativas contar\u00e1 con la visita de equipos de cinco pa\u00edses de Sudam\u00e9rica y nueve provincias argentinas, para generar un movimiento impactante a lo largo de tres d\u00edas.<\/p>\n\n\n\n<p>El torneo, organizado por la agencia Esquerra, se disputar\u00e1 entre el viernes 3 y el domingo 5 de octubre de 2025 en la ciudad de C\u00f3rdoba, Argentina, la sede del mega evento que congregar\u00e1 delegaciones de Uruguay, Chile, Paraguay, Per\u00fa y Ecuador.<\/p>\n\n\n\n<p>Argentina, por su parte, tendr\u00e1 naturalmente equipos cordobeses y representantes de las provincias de Santa Cruz, Neuqu\u00e9n, Chaco, La Rioja, Santa Fe, La Pampa, Mendoza, San Luis y San Juan.<\/p>\n\n\n<div class=\"wp-block-image\">\n<figure class=\"aligncenter size-full\"><img fetchpriority=\"high\" decoding=\"async\" width=\"595\" height=\"509\" src=\"https:\/\/esquerra.com.ar\/basquet\/wp-content\/uploads\/2025\/10\/Mundialito-Principal.jpg\" alt=\"\" class=\"wp-image-3535\" srcset=\"https:\/\/esquerra.com.ar\/basquet\/wp-content\/uploads\/2025\/10\/Mundialito-Principal.jpg 595w, https:\/\/esquerra.com.ar\/basquet\/wp-content\/uploads\/2025\/10\/Mundialito-Principal-300x257.jpg 300w, https:\/\/esquerra.com.ar\/basquet\/wp-content\/uploads\/2025\/10\/Mundialito-Principal-128x109.jpg 128w, https:\/\/esquerra.com.ar\/basquet\/wp-content\/uploads\/2025\/10\/Mundialito-Principal-32x27.jpg 32w\" sizes=\"(max-width: 595px) 100vw, 595px\" \/><\/figure>\n<\/div>\n\n\n<p>La enorme movida, que le dar\u00e1n impulso al deporte, el turismo y la gastronom\u00eda de \u201cla Docta\u201d, incluir\u00e1 a unas 1.500 personas entre jugadores de ambos sexos, entrenadores, delegados y familias, adem\u00e1s del numeroso staff de trabajo de Esquerra.<\/p>\n\n\n\n<blockquote class=\"wp-block-quote is-layout-flow wp-block-quote-is-layout-flow\">\n<p><strong>Durante el Mundialito se disputar\u00e1n 176 partidos de 9 categor\u00edas en 11 canchas de 8 clubes, lo que generar\u00e1 un espectacular movimiento en toda la ciudad de C\u00f3rdoba: 120 juegos corresponden a la fase de grupos, a disputarse en tres fechas entre el viernes y el s\u00e1bado, en tanto que otros 56 encuentros componen la grilla de la jornada final, a desarrollarse el domingo.<\/strong><\/p>\n<\/blockquote>\n\n\n\n<figure class=\"wp-block-image size-large\"><img decoding=\"async\" width=\"1024\" height=\"699\" src=\"https:\/\/esquerra.com.ar\/basquet\/wp-content\/uploads\/2025\/10\/Juego-3-1024x699.jpg\" alt=\"\" class=\"wp-image-3540\" srcset=\"https:\/\/esquerra.com.ar\/basquet\/wp-content\/uploads\/2025\/10\/Juego-3-1024x699.jpg 1024w, https:\/\/esquerra.com.ar\/basquet\/wp-content\/uploads\/2025\/10\/Juego-3-300x205.jpg 300w, https:\/\/esquerra.com.ar\/basquet\/wp-content\/uploads\/2025\/10\/Juego-3-768x524.jpg 768w, https:\/\/esquerra.com.ar\/basquet\/wp-content\/uploads\/2025\/10\/Juego-3-128x87.jpg 128w, https:\/\/esquerra.com.ar\/basquet\/wp-content\/uploads\/2025\/10\/Juego-3-32x22.jpg 32w, https:\/\/esquerra.com.ar\/basquet\/wp-content\/uploads\/2025\/10\/Juego-3.jpg 1065w\" sizes=\"(max-width: 1024px) 100vw, 1024px\" \/><\/figure>\n\n\n\n<p>Adem\u00e1s del despliegue deportivo, los participantes vivir\u00e1n otro gran momento en la fiesta a realizarse el s\u00e1bado por la noche en el club Sociedad Uni\u00f3n El\u00e9ctrica (SUE): all\u00ed desfilar\u00e1n todas las delegaciones y disfrutar\u00e1n de momentos de esparcimiento y diversi\u00f3n durante la cena compartida.<\/p>\n\n\n\n<blockquote class=\"wp-block-quote is-layout-flow wp-block-quote-is-layout-flow\">\n<p><strong>Como es habitual, Esquerra desplegar\u00e1 m\u00faltiples plataformas para que los participantes e interesados disfruten de los partidos en vivo por YouTube (<\/strong><a href=\"https:\/\/www.youtube.com\/@Wee.Stream\/streams\" target=\"_blank\" rel=\"noopener\"><strong>clic aqu\u00ed<\/strong><\/a><strong>) y consulten resultados, posiciones, noticias y fotos <\/strong><a href=\"https:\/\/esquerra.com.ar\/basquet\/mundialito-formativas-octubre-2025\/\"><strong>en este minisitio<\/strong><\/a><strong>.<\/strong><\/p>\n<\/blockquote>\n\n\n\n<p>Asimismo, el mega torneo tendr\u00e1 un amplio despliegue en las distintas redes sociales de Esquerra: <a href=\"https:\/\/www.instagram.com\/esquerradeportes\/\" target=\"_blank\" rel=\"noopener\">Instagram<\/a>, <a href=\"https:\/\/www.tiktok.com\/@esquerradeportes?lang=es\" target=\"_blank\" rel=\"noopener\">TikTok<\/a> y <a href=\"https:\/\/www.facebook.com\/esquerradeportes\" target=\"_blank\" rel=\"noopener\">Facebook<\/a>.<\/p>\n\n\n\n<figure class=\"wp-block-image size-large\"><img decoding=\"async\" width=\"1024\" height=\"698\" src=\"https:\/\/esquerra.com.ar\/basquet\/wp-content\/uploads\/2025\/10\/Juego-1-1024x698.jpg\" alt=\"\" class=\"wp-image-3541\" srcset=\"https:\/\/esquerra.com.ar\/basquet\/wp-content\/uploads\/2025\/10\/Juego-1-1024x698.jpg 1024w, https:\/\/esquerra.com.ar\/basquet\/wp-content\/uploads\/2025\/10\/Juego-1-300x205.jpg 300w, https:\/\/esquerra.com.ar\/basquet\/wp-content\/uploads\/2025\/10\/Juego-1-768x524.jpg 768w, https:\/\/esquerra.com.ar\/basquet\/wp-content\/uploads\/2025\/10\/Juego-1-128x87.jpg 128w, https:\/\/esquerra.com.ar\/basquet\/wp-content\/uploads\/2025\/10\/Juego-1-32x22.jpg 32w, https:\/\/esquerra.com.ar\/basquet\/wp-content\/uploads\/2025\/10\/Juego-1.jpg 1091w\" sizes=\"(max-width: 1024px) 100vw, 1024px\" \/><\/figure>\n\n\n\n<p><strong><mark style=\"background-color:rgba(0, 0, 0, 0)\" class=\"has-inline-color has-neve-link-hover-color-color\">CATEGOR\u00cdAS<\/mark><\/strong><\/p>\n\n\n\n<ul class=\"wp-block-list\">\n<li>U13 femenina<\/li>\n\n\n\n<li>U15 femenina<\/li>\n\n\n\n<li>U17 femenina<\/li>\n\n\n\n<li>U13 masculina<\/li>\n\n\n\n<li>U15 masculina<\/li>\n\n\n\n<li>U17 masculina<\/li>\n\n\n\n<li>U19 masculina<\/li>\n\n\n\n<li>U10 mixta<\/li>\n\n\n\n<li>U12 mixta<\/li>\n<\/ul>\n\n\n\n<figure class=\"wp-block-image size-full\"><img loading=\"lazy\" decoding=\"async\" width=\"874\" height=\"596\" src=\"https:\/\/esquerra.com.ar\/basquet\/wp-content\/uploads\/2025\/10\/Juego-4.jpg\" alt=\"\" class=\"wp-image-3539\" srcset=\"https:\/\/esquerra.com.ar\/basquet\/wp-content\/uploads\/2025\/10\/Juego-4.jpg 874w, https:\/\/esquerra.com.ar\/basquet\/wp-content\/uploads\/2025\/10\/Juego-4-300x205.jpg 300w, https:\/\/esquerra.com.ar\/basquet\/wp-content\/uploads\/2025\/10\/Juego-4-768x524.jpg 768w, https:\/\/esquerra.com.ar\/basquet\/wp-content\/uploads\/2025\/10\/Juego-4-128x87.jpg 128w, https:\/\/esquerra.com.ar\/basquet\/wp-content\/uploads\/2025\/10\/Juego-4-32x22.jpg 32w\" sizes=\"(max-width: 874px) 100vw, 874px\" \/><\/figure>\n\n\n\n<p><strong><mark style=\"background-color:rgba(0, 0, 0, 0)\" class=\"has-inline-color has-neve-link-color-color\">CLUBES<\/mark><\/strong> <strong><mark style=\"background-color:rgba(0, 0, 0, 0)\" class=\"has-inline-color has-neve-link-color-color\">\/ CANCHAS<\/mark><\/strong><\/p>\n\n\n\n<ul class=\"wp-block-list\">\n<li>Hind\u00fa (dos canchas)<\/li>\n\n\n\n<li>Rieles Argentinos (dos canchas)<\/li>\n\n\n\n<li>El Ceibo (dos canchas)<\/li>\n\n\n\n<li>Juniors<\/li>\n\n\n\n<li>Empalme<\/li>\n\n\n\n<li>Matienzo<\/li>\n\n\n\n<li>Sociedad Uni\u00f3n El\u00e9ctrica<\/li>\n\n\n\n<li>Barrio Maip\u00fa<\/li>\n<\/ul>\n\n\n\n<p><strong>ESQUERRA LO VIVE A PLENO<\/strong><\/p>\n\n\n\n<blockquote class=\"wp-block-quote is-layout-flow wp-block-quote-is-layout-flow\">\n<p>\u00c9ste ser\u00e1 el evento de mayor magnitud de 2025 para Esquerra, que tambi\u00e9n organiza cert\u00e1menes de v\u00f3leibol, hockey sobre c\u00e9sped y f\u00fatbol.<\/p>\n<\/blockquote>\n\n\n\n<p>La organizaci\u00f3n del Mundialito incluye el trabajo articulado de 120 personas involucradas de manera directa: miembros del staff central de Esquerra, coordinadores de cancha, \u00e1rbitros oficiales, planilleros, m\u00e9dicos, param\u00e9dicos, fot\u00f3grafos profesionales y encargados de prensa, redes sociales y streaming, entre otras \u00e1reas.<\/p>\n\n\n\n<p>Por su parte, otras 50 personas brindan servicios de manera indirecta, para darle forma a un evento que seguramente ser\u00e1 inolvidable para todos sus participantes.<\/p>\n\n\n<div class=\"wp-block-image\">\n<figure class=\"aligncenter size-full\"><img loading=\"lazy\" decoding=\"async\" width=\"595\" height=\"842\" src=\"https:\/\/esquerra.com.ar\/basquet\/wp-content\/uploads\/2025\/10\/Equipos.jpg\" alt=\"\" class=\"wp-image-3536\" srcset=\"https:\/\/esquerra.com.ar\/basquet\/wp-content\/uploads\/2025\/10\/Equipos.jpg 595w, https:\/\/esquerra.com.ar\/basquet\/wp-content\/uploads\/2025\/10\/Equipos-212x300.jpg 212w, https:\/\/esquerra.com.ar\/basquet\/wp-content\/uploads\/2025\/10\/Equipos-90x128.jpg 90w, https:\/\/esquerra.com.ar\/basquet\/wp-content\/uploads\/2025\/10\/Equipos-23x32.jpg 23w\" sizes=\"(max-width: 595px) 100vw, 595px\" \/><\/figure>\n<\/div>\n\n\n<p><strong><mark style=\"background-color:rgba(0, 0, 0, 0)\" class=\"has-inline-color has-neve-link-hover-color-color\">EQUIPOS EXTRANJEROS<\/mark><\/strong><\/p>\n\n\n\n<p><em>URUGUAY<\/em><\/p>\n\n\n\n<ul class=\"wp-block-list\">\n<li>Aguada (Montevideo)<\/li>\n\n\n\n<li>Wanderers (Paysand\u00fa)<\/li>\n\n\n\n<li>Universitario (Salto)<\/li>\n<\/ul>\n\n\n\n<p><em>CHILE<\/em><\/p>\n\n\n\n<ul class=\"wp-block-list\">\n<li>Municipal (Puente Alto)<\/li>\n\n\n\n<li>Zeus (La Serena)<\/li>\n\n\n\n<li>A.S.B.A.V.I.C. (Victoria)<\/li>\n<\/ul>\n\n\n\n<p><em>PARAGUAY\u00a0<\/em><\/p>\n\n\n\n<ul class=\"wp-block-list\">\n<li>Pumas (Campo 9)<\/li>\n<\/ul>\n\n\n\n<p><em>PER\u00da<\/em><\/p>\n\n\n\n<ul class=\"wp-block-list\">\n<li>Colegio John Nash (Lima)<\/li>\n<\/ul>\n\n\n\n<p><em>ECUADOR\u00a0\u00a0\u00a0<\/em><\/p>\n\n\n\n<ul class=\"wp-block-list\">\n<li>Latacunga (Latacunga)<\/li>\n<\/ul>\n\n\n\n<figure class=\"wp-block-image size-large\"><img loading=\"lazy\" decoding=\"async\" width=\"1024\" height=\"699\" src=\"https:\/\/esquerra.com.ar\/basquet\/wp-content\/uploads\/2025\/10\/Juego-6-1024x699.jpg\" alt=\"\" class=\"wp-image-3537\" srcset=\"https:\/\/esquerra.com.ar\/basquet\/wp-content\/uploads\/2025\/10\/Juego-6-1024x699.jpg 1024w, https:\/\/esquerra.com.ar\/basquet\/wp-content\/uploads\/2025\/10\/Juego-6-300x205.jpg 300w, https:\/\/esquerra.com.ar\/basquet\/wp-content\/uploads\/2025\/10\/Juego-6-768x524.jpg 768w, https:\/\/esquerra.com.ar\/basquet\/wp-content\/uploads\/2025\/10\/Juego-6-128x87.jpg 128w, https:\/\/esquerra.com.ar\/basquet\/wp-content\/uploads\/2025\/10\/Juego-6-32x22.jpg 32w, https:\/\/esquerra.com.ar\/basquet\/wp-content\/uploads\/2025\/10\/Juego-6.jpg 1092w\" sizes=\"(max-width: 1024px) 100vw, 1024px\" \/><\/figure>\n\n\n\n<p><strong><mark style=\"background-color:rgba(0, 0, 0, 0)\" class=\"has-inline-color has-neve-link-color-color\">OTRAS PROVINCIAS ARGENTINAS<\/mark><\/strong><\/p>\n\n\n\n<p>SANTA CRUZ<\/p>\n\n\n\n<ul class=\"wp-block-list\">\n<li>Esc. Munic. de B\u00e1squet (Puerto San Juli\u00e1n)<\/li>\n<\/ul>\n\n\n\n<p><em>NEUQU\u00c9N<\/em><\/p>\n\n\n\n<ul class=\"wp-block-list\">\n<li>Club S. y D. Plottier (Plottier)<\/li>\n<\/ul>\n\n\n\n<p><em>CHACO<\/em><\/p>\n\n\n\n<ul class=\"wp-block-list\">\n<li>Sarmiento (Resistencia)<\/li>\n<\/ul>\n\n\n\n<p><em>LA RIOJA<\/em><\/p>\n\n\n\n<ul class=\"wp-block-list\">\n<li>Riachuelo (La Rioja)<\/li>\n<\/ul>\n\n\n\n<p><em>SANTA FE<\/em><\/p>\n\n\n\n<ul class=\"wp-block-list\">\n<li>Gimnasia y Esgrima (Rosario)<\/li>\n<\/ul>\n\n\n\n<p><em>LA PAMPA<\/em><\/p>\n\n\n\n<ul class=\"wp-block-list\">\n<li>Club Belgrano (Santa Rosa)<\/li>\n<\/ul>\n\n\n\n<p><em>MENDOZA<\/em><\/p>\n\n\n\n<ul class=\"wp-block-list\">\n<li>Banco Mendoza (Mendoza)<\/li>\n<\/ul>\n\n\n\n<p>SAN LUIS<\/p>\n\n\n\n<ul class=\"wp-block-list\">\n<li>ASEBA (San Luis)<\/li>\n\n\n\n<li>Guaycur\u00fa S.C (San Luis)<\/li>\n<\/ul>\n\n\n\n<p><em>SAN JUAN<\/em><\/p>\n\n\n\n<ul class=\"wp-block-list\">\n<li>Los Lobos (San Juan)<\/li>\n\n\n\n<li>Ausonia (San Juan)<\/li>\n<\/ul>\n\n\n\n<figure class=\"wp-block-image size-full\"><img loading=\"lazy\" decoding=\"async\" width=\"874\" height=\"596\" src=\"https:\/\/esquerra.com.ar\/basquet\/wp-content\/uploads\/2025\/10\/Juego-5.jpg\" alt=\"\" class=\"wp-image-3538\" srcset=\"https:\/\/esquerra.com.ar\/basquet\/wp-content\/uploads\/2025\/10\/Juego-5.jpg 874w, https:\/\/esquerra.com.ar\/basquet\/wp-content\/uploads\/2025\/10\/Juego-5-300x205.jpg 300w, https:\/\/esquerra.com.ar\/basquet\/wp-content\/uploads\/2025\/10\/Juego-5-768x524.jpg 768w, https:\/\/esquerra.com.ar\/basquet\/wp-content\/uploads\/2025\/10\/Juego-5-128x87.jpg 128w, https:\/\/esquerra.com.ar\/basquet\/wp-content\/uploads\/2025\/10\/Juego-5-32x22.jpg 32w\" sizes=\"(max-width: 874px) 100vw, 874px\" \/><\/figure>\n","protected":false},"excerpt":{"rendered":"<p>La edici\u00f3n 2025 del Mundialito de b\u00e1squetbol de categor\u00edas formativas contar\u00e1 con la visita de equipos de cinco pa\u00edses de Sudam\u00e9rica y nueve provincias argentinas, para generar un movimiento impactante a lo largo de tres d\u00edas. El torneo, organizado por la agencia Esquerra, se disputar\u00e1 entre el viernes 3 y el domingo 5 de octubre&hellip;&nbsp;<a href=\"https:\/\/esquerra.com.ar\/basquet\/mundialito-basquetbol-2025-esquerra-1500-participantes-sudamerica-argentina-cordoba\/\" rel=\"bookmark\">Leer m\u00e1s &raquo;<span class=\"screen-reader-text\">El Mundialito de b\u00e1squetbol 2025 contar\u00e1 con 1.500 participantes y la visita de equipos de cinco pa\u00edses de Sudam\u00e9rica<\/span><\/a><\/p>\n","protected":false},"author":3,"featured_media":3542,"comment_status":"closed","ping_status":"closed","sticky":false,"template":"","format":"standard","meta":{"_coblocks_attr":"","_coblocks_dimensions":"","_coblocks_responsive_height":"","_coblocks_accordion_ie_support":"","neve_meta_sidebar":"","neve_meta_container":"","neve_meta_enable_content_width":"","neve_meta_content_width":0,"neve_meta_title_alignment":"","neve_meta_author_avatar":"","neve_post_elements_order":"","neve_meta_disable_header":"","neve_meta_disable_footer":"","neve_meta_disable_title":"","footnotes":""},"categories":[273],"tags":[],"class_list":["post-3534","post","type-post","status-publish","format-standard","has-post-thumbnail","hentry","category-sudamericano-basquet-2025"],"_links":{"self":[{"href":"https:\/\/esquerra.com.ar\/basquet\/wp-json\/wp\/v2\/posts\/3534","targetHints":{"allow":["GET"]}}],"collection":[{"href":"https:\/\/esquerra.com.ar\/basquet\/wp-json\/wp\/v2\/posts"}],"about":[{"href":"https:\/\/esquerra.com.ar\/basquet\/wp-json\/wp\/v2\/types\/post"}],"author":[{"embeddable":true,"href":"https:\/\/esquerra.com.ar\/basquet\/wp-json\/wp\/v2\/users\/3"}],"replies":[{"embeddable":true,"href":"https:\/\/esquerra.com.ar\/basquet\/wp-json\/wp\/v2\/comments?post=3534"}],"version-history":[{"count":5,"href":"https:\/\/esquerra.com.ar\/basquet\/wp-json\/wp\/v2\/posts\/3534\/revisions"}],"predecessor-version":[{"id":3547,"href":"https:\/\/esquerra.com.ar\/basquet\/wp-json\/wp\/v2\/posts\/3534\/revisions\/3547"}],"wp:featuredmedia":[{"embeddable":true,"href":"https:\/\/esquerra.com.ar\/basquet\/wp-json\/wp\/v2\/media\/3542"}],"wp:attachment":[{"href":"https:\/\/esquerra.com.ar\/basquet\/wp-json\/wp\/v2\/media?parent=3534"}],"wp:term":[{"taxonomy":"category","embeddable":true,"href":"https:\/\/esquerra.com.ar\/basquet\/wp-json\/wp\/v2\/categories?post=3534"},{"taxonomy":"post_tag","embeddable":true,"href":"https:\/\/esquerra.com.ar\/basquet\/wp-json\/wp\/v2\/tags?post=3534"}],"curies":[{"name":"wp","href":"https:\/\/api.w.org\/{rel}","templated":true}]}}