{"id":2907,"date":"2025-09-07T15:54:32","date_gmt":"2025-09-07T18:54:32","guid":{"rendered":"https:\/\/esquerra.com.ar\/basquet\/?p=2907"},"modified":"2025-09-07T16:08:02","modified_gmt":"2025-09-07T19:08:02","slug":"esquerra-le-entrego-un-reconocimiento-a-raul-diente-ortiz-por-los-6-mil-programas-de-radio-basquet","status":"publish","type":"post","link":"https:\/\/esquerra.com.ar\/basquet\/esquerra-le-entrego-un-reconocimiento-a-raul-diente-ortiz-por-los-6-mil-programas-de-radio-basquet\/","title":{"rendered":"Esquerra le entreg\u00f3 un reconocimiento a Ra\u00fal \u201cDiente\u201d Ortiz por los 6 mil programas de \u201cRadio B\u00e1squet\u201d"},"content":{"rendered":"\n<p>Ra\u00fal \u201cDiente\u201d Ortiz fue homenajeado por Esquerra Deportes durante la realizaci\u00f3n del Sudamericano Seniors 2025, en un especial reconocimiento por haber alcanzado los 6 mil programas de su tradicional \u201cRadio B\u00e1squet\u201d.&nbsp;<\/p>\n\n\n\n<p>Emocionado, \u201cel Diente\u201d plante\u00f3 que el diploma recibido significa un mimo y una satisfacci\u00f3n personal. Adem\u00e1s, subray\u00f3 que jam\u00e1s imagin\u00f3 alcanzar esa cifra de emisiones al aire y destac\u00f3 que nunca concibi\u00f3 a su programa como una carga, sino como una actividad cargada de sentimientos y con plena lealtad a s\u00ed mismo y a sus valores.<\/p>\n\n\n\n<p>\u201cNunca lo tom\u00e9 como un trabajo. Siempre fue una cuesti\u00f3n que me fue liviana, entre comillas, porque para estar tanto tiempo al aire seguramente hubo momentos que no fueron f\u00e1ciles. Pero nunca fue un trabajo, sino algo que hice con mucho sentimiento. \u00a1Y quiero mucho m\u00e1s que 6 mil!\u201d, detall\u00f3.<\/p>\n\n\n\n<blockquote class=\"wp-block-quote is-layout-flow wp-block-quote-is-layout-flow\">\n<p>\u201cSiempre trat\u00e9 de mantenerme con una opini\u00f3n independiente. Todo lo que he dicho y lo que digo es comprobable. No hay aumentativos ni diminutivos. Es la realidad o en lo que creo. Por supuesto, me puedo equivocar, pero siempre fui fiel a lo que pienso\u201d, agreg\u00f3.<\/p>\n<\/blockquote>\n\n\n\n<p>Para su orgullo, rememor\u00f3 ocasiones en las que rechaz\u00f3 publicidades que iban a contra de sus valores o su independencia de criterio. \u201cAlguna vez, un dirigente muy importante, de mucha plata, me dijo: \u2018Yo s\u00e9 que vos sos de los m\u00edos y necesito que digas tal cosa\u2019. Le dije: \u2018Soy de mi mam\u00e1 y de mi pap\u00e1\u2019. Y nunca recib\u00ed esa publicidad\u201d, detall\u00f3.<\/p>\n\n\n\n<figure class=\"wp-block-image size-large\"><img fetchpriority=\"high\" decoding=\"async\" width=\"900\" height=\"1024\" src=\"https:\/\/esquerra.com.ar\/basquet\/wp-content\/uploads\/2025\/09\/Diente-Ortiz-5-900x1024.jpg\" alt=\"\" class=\"wp-image-2909\" srcset=\"https:\/\/esquerra.com.ar\/basquet\/wp-content\/uploads\/2025\/09\/Diente-Ortiz-5-900x1024.jpg 900w, https:\/\/esquerra.com.ar\/basquet\/wp-content\/uploads\/2025\/09\/Diente-Ortiz-5-264x300.jpg 264w, https:\/\/esquerra.com.ar\/basquet\/wp-content\/uploads\/2025\/09\/Diente-Ortiz-5-768x874.jpg 768w, https:\/\/esquerra.com.ar\/basquet\/wp-content\/uploads\/2025\/09\/Diente-Ortiz-5-113x128.jpg 113w, https:\/\/esquerra.com.ar\/basquet\/wp-content\/uploads\/2025\/09\/Diente-Ortiz-5-28x32.jpg 28w, https:\/\/esquerra.com.ar\/basquet\/wp-content\/uploads\/2025\/09\/Diente-Ortiz-5.jpg 1125w\" sizes=\"(max-width: 900px) 100vw, 900px\" \/><\/figure>\n\n\n\n<p><strong>LA PREHISTORIA DE RADIO B\u00c1SQUET<\/strong><\/p>\n\n\n\n<p>Respecto de sus inicios, el conductor radial detall\u00f3 que vend\u00eda publicidad y estudiaba Ciencias de la Informaci\u00f3n. Adem\u00e1s, sol\u00eda juntarse a tomar caf\u00e9 con reconocidos periodistas de b\u00e1squetbol de la \u00e9poca: Luis Luque, Julio Luque, Carlos Castellano y Tito Paz, entre otros, se daban cita en un bar de Col\u00f3n esquina Rivera Indarte.<\/p>\n\n\n\n<p>Carlos Guti\u00e9rrez Rosset, que hac\u00eda \u201cestudios\u201d en las transmisiones de la antigua LV3 (hoy Cadena 3), tuvo un problema de salud y se abri\u00f3 una puerta impensada. \u201c\u2018El Loco\u2019 Luque me dijo: \u2018Vos sab\u00e9s de b\u00e1squet, estudi\u00e1s periodismo y sos caradura\u2019. Y me incorpor\u00f3 en la siguiente transmisi\u00f3n\u201d, narr\u00f3.&nbsp;<\/p>\n\n\n\n<blockquote class=\"wp-block-quote is-layout-flow wp-block-quote-is-layout-flow\">\n<p>El impacto fue inmediato. \u201cLa verdad es que me enamor\u00e9 de hablar por un fierrito\u201d, record\u00f3 \u201cel Diente\u201d con su inconfundible y \u00e1spera voz.<\/p>\n<\/blockquote>\n\n\n\n<p>Aquello lo llev\u00f3 a proponerle a Jorge Bertolino la realizaci\u00f3n de un programa exclusivo sobre el b\u00e1squetbol cordob\u00e9s, lo que le dio vida a \u201cRadio B\u00e1squet\u201d, que en 1993 comenz\u00f3 a emitirse por FM L\u00e1ser 88.1.&nbsp;<\/p>\n\n\n\n<p>Al momento de la decisi\u00f3n de arrancar con ese proyecto se cruz\u00f3 por la peatonal de C\u00f3rdoba con personas que le auguraron cosas opuestas. A Hilario Serlin, por entonces presidente de la Asociaci\u00f3n Cordobesa (ACBB), le pareci\u00f3 una muy buena idea y le ofreci\u00f3 su apoyo.&nbsp;<\/p>\n\n\n\n<p>\u201cNo vas a durar ni dos meses vos\u201d, le dijo, en cambio, un \u00e1rbitro que conoc\u00eda. Pese a ese presagio, el programa perdur\u00f3 durante 32 a\u00f1os.<\/p>\n\n\n\n<p>A lo largo de 6 mil emisiones al aire quedaron an\u00e9cdotas inolvidables, tanto de coberturas como de cuestiones que ocurrieron fuera de los micr\u00f3fonos. Una de las m\u00e1s risue\u00f1as ocurri\u00f3 en el Luna Park, cuando Atenas se consagr\u00f3 campe\u00f3n de la Liga Nacional frente a Boca Juniors. \u201cEn el medio del tumulto de los festejos se me sali\u00f3 un mocas\u00edn, as\u00ed que trataba de encontrar mi mocas\u00edn mientras hac\u00eda las notas, inclusive una que recuerdo mucho con Rub\u00e9n Magnano\u201d, record\u00f3.&nbsp;<\/p>\n\n\n\n<p>Entre tant\u00edsimos recuerdos, en su memoria quedaron marcadas una entrevista con Mike Fratello (entrenador c\u00e9lebre de la NBA), traductora mediante, en un Campus en Buenos Aires, y un di\u00e1logo con Guillermo Edgardo Vecchio, exentrenador de la Selecci\u00f3n Argentina, mientras ve\u00eda que su grabador no registraba nada, ya que le faltaban las pilas.<\/p>\n\n\n\n<p>Tambi\u00e9n mostr\u00f3 satisfacci\u00f3n por un hecho que ocurri\u00f3 fuera del aire. \u201cCuando hac\u00edamos Radio B\u00e1squet en la FM 88.1 \u00edbamos a tener un debate por la sucesi\u00f3n de Nelso Gasparotto, entre Emilio Urrestarazu y Jorge Catt\u00e1neo. Antes de empezar el programa me dijeron que no los pusiera al aire y se fueron a charlar a la cocina de la radio. De all\u00e1 volvieron y me dijeron que habr\u00eda una \u00fanica lista\u201d, explic\u00f3.&nbsp;<\/p>\n\n\n\n<figure class=\"wp-block-image size-large\"><img decoding=\"async\" width=\"1024\" height=\"682\" src=\"https:\/\/esquerra.com.ar\/basquet\/wp-content\/uploads\/2025\/09\/Diente-Ortiz-2-1024x682.jpeg\" alt=\"\" class=\"wp-image-2910\" srcset=\"https:\/\/esquerra.com.ar\/basquet\/wp-content\/uploads\/2025\/09\/Diente-Ortiz-2-1024x682.jpeg 1024w, https:\/\/esquerra.com.ar\/basquet\/wp-content\/uploads\/2025\/09\/Diente-Ortiz-2-300x200.jpeg 300w, https:\/\/esquerra.com.ar\/basquet\/wp-content\/uploads\/2025\/09\/Diente-Ortiz-2-768x512.jpeg 768w, https:\/\/esquerra.com.ar\/basquet\/wp-content\/uploads\/2025\/09\/Diente-Ortiz-2-128x85.jpeg 128w, https:\/\/esquerra.com.ar\/basquet\/wp-content\/uploads\/2025\/09\/Diente-Ortiz-2-32x21.jpeg 32w, https:\/\/esquerra.com.ar\/basquet\/wp-content\/uploads\/2025\/09\/Diente-Ortiz-2-930x620.jpeg 930w, https:\/\/esquerra.com.ar\/basquet\/wp-content\/uploads\/2025\/09\/Diente-Ortiz-2.jpeg 1280w\" sizes=\"(max-width: 1024px) 100vw, 1024px\" \/><\/figure>\n\n\n\n<p><strong>FESTEJOS CON N\u00daMEROS REDONDOS<\/strong><\/p>\n\n\n\n<p>Los festejos por n\u00fameros redondos de emisiones de \u201cRadio B\u00e1squet\u201d dejaron su huella. Los primeros 50 programas lo encontraron, junto a su compa\u00f1ero Jorge Bertolino, comiendo un s\u00e1ndwich de mortadela en un brindis \u00edntimo. Para los 100 programas compraron empanadas y lleg\u00f3 m\u00e1s gente de la esperada: hab\u00eda m\u00e1s de 50 personas en la radio, por lo que debieron salir a comprar varias docenas m\u00e1s.&nbsp;<\/p>\n\n\n\n<blockquote class=\"wp-block-quote is-layout-flow wp-block-quote-is-layout-flow\">\n<p>Despu\u00e9s hubo celebraciones en un boliche a la vera del R\u00edo Suqu\u00eda y en el bufete del club Matienzo: \u201c\u00c9sa fue muy especial, porque estaban mi vieja, mi viejo, mi hijo y mi hermana\u201d.&nbsp;<\/p>\n<\/blockquote>\n\n\n\n<p>La fiesta de las mil emisiones al aire tuvo 135 invitados y un recuerdo imborrable. \u201cGaby Riofr\u00edo me mand\u00f3, a trav\u00e9s de su amigo Pablo Pagani, el habano de campe\u00f3n del a\u00f1o anterior. Tendr\u00eda que haberlo guardado, pero lo fum\u00e9 orgulloso\u201d, record\u00f3.<\/p>\n\n\n\n<p>En ese recorrido de tantos programas, al llegar a los 6 mil recibi\u00f3 mensajes muy movilizantes de algunas personas a las que les abri\u00f3 las puertas cuando eran muy j\u00f3venes. \u201cAhora, muchos de aquellos pibes me agradecieron esa oportunidad. Cuando yo estudiaba Ciencias de la Informaci\u00f3n y vend\u00eda publicidad era muy dif\u00edcil que te dieran una oportunidad en alg\u00fan medio, porque siempre dec\u00edan que no ten\u00edas experiencia. Haberles dado la oportunidad a siete pibes de hacer experiencia es algo que me pone muy contento\u201d, afirm\u00f3.&nbsp;<\/p>\n\n\n\n<figure class=\"wp-block-image size-large\"><img decoding=\"async\" width=\"1024\" height=\"698\" src=\"https:\/\/esquerra.com.ar\/basquet\/wp-content\/uploads\/2025\/09\/Diente-Ortiz-3-1024x698.jpeg\" alt=\"\" class=\"wp-image-2911\" srcset=\"https:\/\/esquerra.com.ar\/basquet\/wp-content\/uploads\/2025\/09\/Diente-Ortiz-3-1024x698.jpeg 1024w, https:\/\/esquerra.com.ar\/basquet\/wp-content\/uploads\/2025\/09\/Diente-Ortiz-3-300x205.jpeg 300w, https:\/\/esquerra.com.ar\/basquet\/wp-content\/uploads\/2025\/09\/Diente-Ortiz-3-768x524.jpeg 768w, https:\/\/esquerra.com.ar\/basquet\/wp-content\/uploads\/2025\/09\/Diente-Ortiz-3-128x87.jpeg 128w, https:\/\/esquerra.com.ar\/basquet\/wp-content\/uploads\/2025\/09\/Diente-Ortiz-3-32x22.jpeg 32w, https:\/\/esquerra.com.ar\/basquet\/wp-content\/uploads\/2025\/09\/Diente-Ortiz-3.jpeg 1040w\" sizes=\"(max-width: 1024px) 100vw, 1024px\" \/><\/figure>\n\n\n\n<p><strong>SU PR\u00c9DICA Y SUS LOGROS<\/strong><\/p>\n\n\n\n<p>\u201cSin falsa modestia, y poni\u00e9ndome un poco colorado, creo que tengo que ver con algunas decisiones que se tomaron en el b\u00e1squet de C\u00f3rdoba\u201d, explic\u00f3 en relaci\u00f3n con el legado de \u201cRadio B\u00e1squet\u201d. All\u00ed record\u00f3 la prohibici\u00f3n de fumar dentro de las canchas y la presencia obligatoria de un m\u00e9dico para que pueda comenzar un partido oficial.<\/p>\n\n\n\n<p>De hecho, en alg\u00fan momento consigui\u00f3 que Arcor fuese sponsor de una campa\u00f1a por la cual, al entrar a una cancha de b\u00e1squet, la persona que dejaba all\u00ed su etiqueta de cigarrillos recib\u00eda a cambio un Bon o Bon, golosina t\u00edpica de la empresa. Cuando terminaba el partido, el aficionado retiraba nuevamente su etiqueta al salir del estadio.<\/p>\n\n\n\n<blockquote class=\"wp-block-quote is-layout-flow wp-block-quote-is-layout-flow\">\n<p>\u201cHinch\u00e9 mucho, todos los d\u00edas, durante mucho tiempo. Y en un momento, la ACBB, bajo la presidencia de Cacho D\u00edaz, hizo obligatoria la presencia de un m\u00e9dico. Para eso fue clave que un pibe de Barrio Parque choc\u00f3 con uno de Atenas y tuvo una conmoci\u00f3n. El doctor Alemanno, pap\u00e1 de Luis Alemanno, se meti\u00f3 en la cancha, le hizo primeros auxilios y le salv\u00f3 la vida\u201d, explic\u00f3.&nbsp;<\/p>\n<\/blockquote>\n\n\n\n<p>Adem\u00e1s, tambi\u00e9n describi\u00f3 que, a trav\u00e9s de un sponsor, don\u00f3 juegos de camisetas y pantalones para vestir seleccionados cordobeses, en otra muestra su amor por el b\u00e1squetbol local.<\/p>\n\n\n\n<figure class=\"wp-block-image size-large\"><img loading=\"lazy\" decoding=\"async\" width=\"1024\" height=\"682\" src=\"https:\/\/esquerra.com.ar\/basquet\/wp-content\/uploads\/2025\/09\/Diente-Ortiz-4-1024x682.jpeg\" alt=\"\" class=\"wp-image-2912\" srcset=\"https:\/\/esquerra.com.ar\/basquet\/wp-content\/uploads\/2025\/09\/Diente-Ortiz-4-1024x682.jpeg 1024w, https:\/\/esquerra.com.ar\/basquet\/wp-content\/uploads\/2025\/09\/Diente-Ortiz-4-300x200.jpeg 300w, https:\/\/esquerra.com.ar\/basquet\/wp-content\/uploads\/2025\/09\/Diente-Ortiz-4-768x512.jpeg 768w, https:\/\/esquerra.com.ar\/basquet\/wp-content\/uploads\/2025\/09\/Diente-Ortiz-4-128x85.jpeg 128w, https:\/\/esquerra.com.ar\/basquet\/wp-content\/uploads\/2025\/09\/Diente-Ortiz-4-32x21.jpeg 32w, https:\/\/esquerra.com.ar\/basquet\/wp-content\/uploads\/2025\/09\/Diente-Ortiz-4-930x620.jpeg 930w, https:\/\/esquerra.com.ar\/basquet\/wp-content\/uploads\/2025\/09\/Diente-Ortiz-4.jpeg 1280w\" sizes=\"(max-width: 1024px) 100vw, 1024px\" \/><\/figure>\n\n\n\n<p><strong>UN MODO MUY PARTICULAR<\/strong><\/p>\n\n\n\n<p>\u201cS\u00e9 que a veces no caigo en gracia. Tengo una forma particular y extrovertida de decir las cosas y supongo que no debe ser muy agradable para algunos\u201d, se sincer\u00f3 \u201cel Diente\u201d, pero al mismo tiempo resalt\u00f3 su constancia y el amor por lo que hace.&nbsp;<\/p>\n\n\n\n<p>\u201cQuiz\u00e1s en algunos casos me convert\u00ed en abogado de causas perdidas y tambi\u00e9n s\u00e9 que la gente del b\u00e1squet participaba much\u00edsimo cuando abrimos los comentarios en mi antiguo sitio web\u201d, dijo.<\/p>\n\n\n\n<blockquote class=\"wp-block-quote is-layout-flow wp-block-quote-is-layout-flow\">\n<p>\u201cSoy leal a m\u00ed mismo y \u2018el ton y el son\u2019 de los tambores que yo siento obviamente no son universales, pero son compartidos por una gran cantidad de gente que tiene cierto realismo y sentido com\u00fan y cierta l\u00f3gica de c\u00f3mo se vive y c\u00f3mo se puede ayudar a vivir\u201d, concluy\u00f3.&nbsp;&nbsp;&nbsp;<\/p>\n<\/blockquote>\n\n\n\n<p><\/p>\n","protected":false},"excerpt":{"rendered":"<p>Ra\u00fal \u201cDiente\u201d Ortiz fue homenajeado por Esquerra Deportes durante la realizaci\u00f3n del Sudamericano Seniors 2025, en un especial reconocimiento por haber alcanzado los 6 mil programas de su tradicional \u201cRadio B\u00e1squet\u201d.&nbsp; Emocionado, \u201cel Diente\u201d plante\u00f3 que el diploma recibido significa un mimo y una satisfacci\u00f3n personal. Adem\u00e1s, subray\u00f3 que jam\u00e1s imagin\u00f3 alcanzar esa cifra de&hellip;&nbsp;<a href=\"https:\/\/esquerra.com.ar\/basquet\/esquerra-le-entrego-un-reconocimiento-a-raul-diente-ortiz-por-los-6-mil-programas-de-radio-basquet\/\" rel=\"bookmark\">Leer m\u00e1s &raquo;<span class=\"screen-reader-text\">Esquerra le entreg\u00f3 un reconocimiento a Ra\u00fal \u201cDiente\u201d Ortiz por los 6 mil programas de \u201cRadio B\u00e1squet\u201d<\/span><\/a><\/p>\n","protected":false},"author":3,"featured_media":2908,"comment_status":"closed","ping_status":"closed","sticky":false,"template":"","format":"standard","meta":{"_coblocks_attr":"","_coblocks_dimensions":"","_coblocks_responsive_height":"","_coblocks_accordion_ie_support":"","neve_meta_sidebar":"","neve_meta_container":"","neve_meta_enable_content_width":"","neve_meta_content_width":0,"neve_meta_title_alignment":"","neve_meta_author_avatar":"","neve_post_elements_order":"","neve_meta_disable_header":"","neve_meta_disable_footer":"","neve_meta_disable_title":"","footnotes":""},"categories":[273],"tags":[],"class_list":["post-2907","post","type-post","status-publish","format-standard","has-post-thumbnail","hentry","category-sudamericano-basquet-2025"],"_links":{"self":[{"href":"https:\/\/esquerra.com.ar\/basquet\/wp-json\/wp\/v2\/posts\/2907","targetHints":{"allow":["GET"]}}],"collection":[{"href":"https:\/\/esquerra.com.ar\/basquet\/wp-json\/wp\/v2\/posts"}],"about":[{"href":"https:\/\/esquerra.com.ar\/basquet\/wp-json\/wp\/v2\/types\/post"}],"author":[{"embeddable":true,"href":"https:\/\/esquerra.com.ar\/basquet\/wp-json\/wp\/v2\/users\/3"}],"replies":[{"embeddable":true,"href":"https:\/\/esquerra.com.ar\/basquet\/wp-json\/wp\/v2\/comments?post=2907"}],"version-history":[{"count":1,"href":"https:\/\/esquerra.com.ar\/basquet\/wp-json\/wp\/v2\/posts\/2907\/revisions"}],"predecessor-version":[{"id":2913,"href":"https:\/\/esquerra.com.ar\/basquet\/wp-json\/wp\/v2\/posts\/2907\/revisions\/2913"}],"wp:featuredmedia":[{"embeddable":true,"href":"https:\/\/esquerra.com.ar\/basquet\/wp-json\/wp\/v2\/media\/2908"}],"wp:attachment":[{"href":"https:\/\/esquerra.com.ar\/basquet\/wp-json\/wp\/v2\/media?parent=2907"}],"wp:term":[{"taxonomy":"category","embeddable":true,"href":"https:\/\/esquerra.com.ar\/basquet\/wp-json\/wp\/v2\/categories?post=2907"},{"taxonomy":"post_tag","embeddable":true,"href":"https:\/\/esquerra.com.ar\/basquet\/wp-json\/wp\/v2\/tags?post=2907"}],"curies":[{"name":"wp","href":"https:\/\/api.w.org\/{rel}","templated":true}]}}