{"id":2902,"date":"2025-09-07T15:44:51","date_gmt":"2025-09-07T18:44:51","guid":{"rendered":"https:\/\/esquerra.com.ar\/basquet\/?p=2902"},"modified":"2025-09-07T16:08:20","modified_gmt":"2025-09-07T19:08:20","slug":"homenaje-al-deportivo-central-cordoba-que-fue-campeon-de-la-liga-nacional-femenina-2004","status":"publish","type":"post","link":"https:\/\/esquerra.com.ar\/basquet\/homenaje-al-deportivo-central-cordoba-que-fue-campeon-de-la-liga-nacional-femenina-2004\/","title":{"rendered":"Homenaje al Deportivo Central C\u00f3rdoba que fue campe\u00f3n de la Liga Nacional Femenina 2004"},"content":{"rendered":"\n<p>Casi dos d\u00e9cadas despu\u00e9s de su haza\u00f1a, Esquerra Deportes homenaje\u00f3 al equipo del Deportivo Central C\u00f3rdoba que se coron\u00f3 campe\u00f3n de la Liga Nacional Femenina en la temporada 2004. El reconocimiento se realiz\u00f3 en cancha de Hind\u00fa, donde se disputa el Sudamericano Seniors, y permiti\u00f3 recordar a un plantel que logr\u00f3 un hecho in\u00e9dito para el b\u00e1squetbol cordob\u00e9s.<\/p>\n\n\n\n<p>Liliana Valles, capitana y figura de aquel equipo, rememor\u00f3 con profunda emoci\u00f3n aquella vuelta ol\u00edmpica en cancha de Uni\u00f3n Florida, en la localidad de Vicente L\u00f3pez, provincia de Buenos Aires.<\/p>\n\n\n\n<p>\u201cAquel t\u00edtulo ocupa un lugar muy importante en mi vida y es lo m\u00e1ximo que se consigui\u00f3 en el b\u00e1squet femenino de C\u00f3rdoba\u201d, dijo Valles, quien remarc\u00f3 el golpe que dio el Deportivo en territorio ajeno, ya que Uni\u00f3n Florida hab\u00eda sido el N\u00b0 1 de la fase regular y era el gran favorito.&nbsp;<\/p>\n\n\n\n<blockquote class=\"wp-block-quote is-layout-flow wp-block-quote-is-layout-flow\">\n<p>\u201cA lo mejor nadie apostaba nada por nosotras, que lleg\u00e1bamos en una Traffic, todas amontonaditas, junto a un grupo de gente que siempre nos acompa\u00f1aba. Ese partido con Uni\u00f3n Florida fue dur\u00edsimo: lo ganamos en tiempo suplementario y fue muy, muy emocionante\u201d, rememor\u00f3.<\/p>\n<\/blockquote>\n\n\n\n<p>En el cuadrangular final, el equipo cordob\u00e9s debut\u00f3 precisamente con ese trabajad\u00edsimo 72 a 68 sobre las dirigidas por Gregorio Mart\u00ednez, quien actualmente es entrenador de la Selecci\u00f3n Argentina. Luego de ese estreno exitoso, Deportivo Central C\u00f3rdoba cay\u00f3 69 a 67 frente a San Agust\u00edn de Paran\u00e1, campe\u00f3n de la temporada anterior, y posteriormente volvi\u00f3 al triunfo gan\u00e1ndole a Libertad de Sunchales 48 a 43 en la jornada final.&nbsp;<\/p>\n\n\n\n<figure class=\"wp-block-image size-large\"><img fetchpriority=\"high\" decoding=\"async\" width=\"1024\" height=\"688\" src=\"https:\/\/esquerra.com.ar\/basquet\/wp-content\/uploads\/2025\/09\/Deportivo-1-1024x688.jpeg\" alt=\"\" class=\"wp-image-2903\" srcset=\"https:\/\/esquerra.com.ar\/basquet\/wp-content\/uploads\/2025\/09\/Deportivo-1-1024x688.jpeg 1024w, https:\/\/esquerra.com.ar\/basquet\/wp-content\/uploads\/2025\/09\/Deportivo-1-300x202.jpeg 300w, https:\/\/esquerra.com.ar\/basquet\/wp-content\/uploads\/2025\/09\/Deportivo-1-768x516.jpeg 768w, https:\/\/esquerra.com.ar\/basquet\/wp-content\/uploads\/2025\/09\/Deportivo-1-128x86.jpeg 128w, https:\/\/esquerra.com.ar\/basquet\/wp-content\/uploads\/2025\/09\/Deportivo-1-32x22.jpeg 32w, https:\/\/esquerra.com.ar\/basquet\/wp-content\/uploads\/2025\/09\/Deportivo-1.jpeg 1040w\" sizes=\"(max-width: 1024px) 100vw, 1024px\" \/><\/figure>\n\n\n\n<p>En el \u00faltimo partido del cuadrangular, Uni\u00f3n Florida venci\u00f3 a las entrerrianas y alcanz\u00f3 a las cordobesas en la cima de las posiciones: la corona, entonces, se defini\u00f3 por el resultado del partido jugado entre ambos equipos, por lo que aquel triunfo en tiempo extra de la jornada inicial permiti\u00f3 la coronaci\u00f3n del Deportivo.<\/p>\n\n\n\n<p>\u201cRecuerdo que est\u00e1bamos mirando ese partido y, apenas termin\u00f3, saltamos todas a festejar. Por supuesto, hubo un mont\u00f3n de abrazos y fotos entre nosotras\u201d, dijo Valles, emocionada por el homenaje de Esquerra.&nbsp;<\/p>\n\n\n\n<blockquote class=\"wp-block-quote is-layout-flow wp-block-quote-is-layout-flow\">\n<p>En tal sentido, se\u00f1al\u00f3 que este reconocimiento ayuda a visibilizar lo que en su momento tuvo poca difusi\u00f3n medi\u00e1tica, en una \u00e9poca previa a las redes sociales. \u201cA\u00fan hoy me encuentro con gente del ambiente que no sab\u00eda que el Deportivo represent\u00f3 a C\u00f3rdoba de la mejor manera y gan\u00f3 una Liga Nacional\u201d, explic\u00f3.<\/p>\n<\/blockquote>\n\n\n\n<p>En cuanto al juego, la capitana destac\u00f3 el esp\u00edritu colectivo. \u201cM\u00e1s all\u00e1 de que ten\u00edamos muy buenas jugadoras, lo que nos llev\u00f3 al t\u00edtulo fue el coraz\u00f3n, la garra, las ganas de ganar. Ten\u00edamos buenas jugadoras debajo del aro, con mucha altura para la \u00e9poca, y \u00e9ramos un equipo r\u00e1pido, con buenas tiradoras, bases que manejaban bien la pelota y tambi\u00e9n penetraban\u201d, detall\u00f3 Valles, quien pod\u00eda jugar en cualquiera de las posiciones del per\u00edmetro. \u201cSoy zurda y tiradora, pero tambi\u00e9n pod\u00eda penetrar, porque era veloz. Aunque pod\u00eda destacarme porque hac\u00eda muchos puntos, siempre me sent\u00ed igual a mis compa\u00f1eras. Sin el trabajo de equipo, mi goleo no hubiera sido posible\u201d, describi\u00f3.&nbsp;&nbsp;<\/p>\n\n\n\n<figure class=\"wp-block-image size-large\"><img decoding=\"async\" width=\"1024\" height=\"677\" src=\"https:\/\/esquerra.com.ar\/basquet\/wp-content\/uploads\/2025\/09\/Deportivo-2-1024x677.jpeg\" alt=\"\" class=\"wp-image-2904\" srcset=\"https:\/\/esquerra.com.ar\/basquet\/wp-content\/uploads\/2025\/09\/Deportivo-2-1024x677.jpeg 1024w, https:\/\/esquerra.com.ar\/basquet\/wp-content\/uploads\/2025\/09\/Deportivo-2-300x198.jpeg 300w, https:\/\/esquerra.com.ar\/basquet\/wp-content\/uploads\/2025\/09\/Deportivo-2-768x508.jpeg 768w, https:\/\/esquerra.com.ar\/basquet\/wp-content\/uploads\/2025\/09\/Deportivo-2-128x85.jpeg 128w, https:\/\/esquerra.com.ar\/basquet\/wp-content\/uploads\/2025\/09\/Deportivo-2-32x21.jpeg 32w, https:\/\/esquerra.com.ar\/basquet\/wp-content\/uploads\/2025\/09\/Deportivo-2.jpeg 1040w\" sizes=\"(max-width: 1024px) 100vw, 1024px\" \/><\/figure>\n\n\n\n<p>El entrenador campe\u00f3n de 2004, Alejandro \u201cTola\u201d Busciglio, tambi\u00e9n se mostr\u00f3 halagado por el homenaje de Esquerra. \u201cLas mayores virtudes y cualidades de ese equipo eran la entrega para entrenarse, el compromiso colectivo y el estar siempre todas unidas\u201d, asegur\u00f3, al tiempo que plante\u00f3 que la filosof\u00eda de ese Deportivo coincid\u00eda con lo que plantea el gran maestro Rub\u00e9n Magnano: el \u201cnos\u201d sobre el \u201cyo\u201d.&nbsp;<\/p>\n\n\n\n<blockquote class=\"wp-block-quote is-layout-flow wp-block-quote-is-layout-flow\">\n<p>\u201c\u00c9ramos muy fuertes como grupo y observ\u00e1bamos las falencias del rival para saber d\u00f3nde lo pod\u00edamos incomodar. Busc\u00e1bamos jugar en transici\u00f3n, llegando al ataque con ventaja. Si no, propon\u00edamos un juego ordenado, en el que cada jugadora ten\u00eda una funci\u00f3n espec\u00edfica. Ese estilo nos dio paso a una haza\u00f1a contra un pulpo como Uni\u00f3n Florida, porque nunca se hab\u00eda dado que el cuarto le ganara al primero\u201d, enfatiz\u00f3.&nbsp;<\/p>\n<\/blockquote>\n\n\n\n<p>Adem\u00e1s, el t\u00e9cnico record\u00f3 el empuje y el apoyo de la dirigencia y los grandes sacrificios del plantel. \u201cViaj\u00e1bamos en una combi y com\u00edamos s\u00e1ndwiches. Y si bien ten\u00edamos refuerzos, salimos campeones con un equipo construido desde las ra\u00edces, con muchas jugadoras de C\u00f3rdoba, inclusive de barrios humildes\u201d, se emocion\u00f3 Busciglio, quien resalt\u00f3 que el gesto de Esquerra honr\u00f3 un triunfo hist\u00f3rico que tuvo poca visibilidad en aquel 2004 inolvidable.<\/p>\n\n\n\n<p>El plantel campe\u00f3n de la Liga Nacional 2004 estaba integrado por Liliana Valles, Silvina \u201cPipi\u201d Trapiella, Gabriela Barboza, Lorena Cornejo, Natalia Cafure, Laura Rotta, Mar\u00eda Parsich, Laura Faes, Paola Brasca, Roxana Paredes, Paola Draperi y Valeria Cabrera.&nbsp;<\/p>\n\n\n\n<p>Adem\u00e1s, Busciglio plante\u00f3 que el trabajo y acompa\u00f1amiento de los hermanos Miguel y Alberto \u201cToto\u201d Cornejo, Santiago \u00c1vila y Norma Paredes fueron fundamentales para la coronaci\u00f3n del Deportivo.<\/p>\n\n\n\n<blockquote class=\"wp-block-quote is-layout-flow wp-block-quote-is-layout-flow\">\n<p>El homenaje de Esquerra no s\u00f3lo permiti\u00f3 rememorar aquella coronaci\u00f3n, sino que reivindic\u00f3 la pasi\u00f3n, el sacrificio y la unidad de un equipo que, con recursos muy limitados, lleg\u00f3 a la cima del b\u00e1squetbol femenino nacional.<\/p>\n<\/blockquote>\n","protected":false},"excerpt":{"rendered":"<p>Casi dos d\u00e9cadas despu\u00e9s de su haza\u00f1a, Esquerra Deportes homenaje\u00f3 al equipo del Deportivo Central C\u00f3rdoba que se coron\u00f3 campe\u00f3n de la Liga Nacional Femenina en la temporada 2004. El reconocimiento se realiz\u00f3 en cancha de Hind\u00fa, donde se disputa el Sudamericano Seniors, y permiti\u00f3 recordar a un plantel que logr\u00f3 un hecho in\u00e9dito para&hellip;&nbsp;<a href=\"https:\/\/esquerra.com.ar\/basquet\/homenaje-al-deportivo-central-cordoba-que-fue-campeon-de-la-liga-nacional-femenina-2004\/\" rel=\"bookmark\">Leer m\u00e1s &raquo;<span class=\"screen-reader-text\">Homenaje al Deportivo Central C\u00f3rdoba que fue campe\u00f3n de la Liga Nacional Femenina 2004<\/span><\/a><\/p>\n","protected":false},"author":3,"featured_media":2903,"comment_status":"closed","ping_status":"closed","sticky":false,"template":"","format":"standard","meta":{"_coblocks_attr":"","_coblocks_dimensions":"","_coblocks_responsive_height":"","_coblocks_accordion_ie_support":"","neve_meta_sidebar":"","neve_meta_container":"","neve_meta_enable_content_width":"","neve_meta_content_width":0,"neve_meta_title_alignment":"","neve_meta_author_avatar":"","neve_post_elements_order":"","neve_meta_disable_header":"","neve_meta_disable_footer":"","neve_meta_disable_title":"","footnotes":""},"categories":[273],"tags":[],"class_list":["post-2902","post","type-post","status-publish","format-standard","has-post-thumbnail","hentry","category-sudamericano-basquet-2025"],"_links":{"self":[{"href":"https:\/\/esquerra.com.ar\/basquet\/wp-json\/wp\/v2\/posts\/2902","targetHints":{"allow":["GET"]}}],"collection":[{"href":"https:\/\/esquerra.com.ar\/basquet\/wp-json\/wp\/v2\/posts"}],"about":[{"href":"https:\/\/esquerra.com.ar\/basquet\/wp-json\/wp\/v2\/types\/post"}],"author":[{"embeddable":true,"href":"https:\/\/esquerra.com.ar\/basquet\/wp-json\/wp\/v2\/users\/3"}],"replies":[{"embeddable":true,"href":"https:\/\/esquerra.com.ar\/basquet\/wp-json\/wp\/v2\/comments?post=2902"}],"version-history":[{"count":2,"href":"https:\/\/esquerra.com.ar\/basquet\/wp-json\/wp\/v2\/posts\/2902\/revisions"}],"predecessor-version":[{"id":2906,"href":"https:\/\/esquerra.com.ar\/basquet\/wp-json\/wp\/v2\/posts\/2902\/revisions\/2906"}],"wp:featuredmedia":[{"embeddable":true,"href":"https:\/\/esquerra.com.ar\/basquet\/wp-json\/wp\/v2\/media\/2903"}],"wp:attachment":[{"href":"https:\/\/esquerra.com.ar\/basquet\/wp-json\/wp\/v2\/media?parent=2902"}],"wp:term":[{"taxonomy":"category","embeddable":true,"href":"https:\/\/esquerra.com.ar\/basquet\/wp-json\/wp\/v2\/categories?post=2902"},{"taxonomy":"post_tag","embeddable":true,"href":"https:\/\/esquerra.com.ar\/basquet\/wp-json\/wp\/v2\/tags?post=2902"}],"curies":[{"name":"wp","href":"https:\/\/api.w.org\/{rel}","templated":true}]}}