{"id":2306,"date":"2024-10-06T18:47:45","date_gmt":"2024-10-06T21:47:45","guid":{"rendered":"https:\/\/esquerra.com.ar\/basquet\/?p=2306"},"modified":"2024-10-07T23:40:54","modified_gmt":"2024-10-08T02:40:54","slug":"san-felipe-se-corono-campeon-de-la-categoria-u16-masculina-del-mundialito-disputado-en-cordoba","status":"publish","type":"post","link":"https:\/\/esquerra.com.ar\/basquet\/san-felipe-se-corono-campeon-de-la-categoria-u16-masculina-del-mundialito-disputado-en-cordoba\/","title":{"rendered":"San Felipe se coron\u00f3 campe\u00f3n de la categor\u00eda U16 masculina del Mundialito disputado en C\u00f3rdoba"},"content":{"rendered":"\n<p><em>El equipo chileno demostr\u00f3 un alto nivel y se qued\u00f3 con el primer puesto tras vencer en la final a Tabar\u00e9 de Montevideo, Uruguay, por 57 a 50.<\/em><\/p>\n\n\n\n<figure class=\"wp-block-image size-large\"><img fetchpriority=\"high\" decoding=\"async\" width=\"1024\" height=\"683\" src=\"https:\/\/esquerra.com.ar\/basquet\/wp-content\/uploads\/2024\/10\/San-Felipe-vs-Tabare-U16-5-1024x683.jpeg\" alt=\"\" class=\"wp-image-2307\" srcset=\"https:\/\/esquerra.com.ar\/basquet\/wp-content\/uploads\/2024\/10\/San-Felipe-vs-Tabare-U16-5-1024x683.jpeg 1024w, https:\/\/esquerra.com.ar\/basquet\/wp-content\/uploads\/2024\/10\/San-Felipe-vs-Tabare-U16-5-300x200.jpeg 300w, https:\/\/esquerra.com.ar\/basquet\/wp-content\/uploads\/2024\/10\/San-Felipe-vs-Tabare-U16-5-768x512.jpeg 768w, https:\/\/esquerra.com.ar\/basquet\/wp-content\/uploads\/2024\/10\/San-Felipe-vs-Tabare-U16-5-1536x1024.jpeg 1536w, https:\/\/esquerra.com.ar\/basquet\/wp-content\/uploads\/2024\/10\/San-Felipe-vs-Tabare-U16-5-2048x1365.jpeg 2048w, https:\/\/esquerra.com.ar\/basquet\/wp-content\/uploads\/2024\/10\/San-Felipe-vs-Tabare-U16-5-128x85.jpeg 128w, https:\/\/esquerra.com.ar\/basquet\/wp-content\/uploads\/2024\/10\/San-Felipe-vs-Tabare-U16-5-32x21.jpeg 32w, https:\/\/esquerra.com.ar\/basquet\/wp-content\/uploads\/2024\/10\/San-Felipe-vs-Tabare-U16-5-930x620.jpeg 930w\" sizes=\"(max-width: 1024px) 100vw, 1024px\" \/><\/figure>\n\n\n\n<p>En una jornada cargada de actividad, en la cual se decidieron los campeones de las diferentes categor\u00edas del Mundialito, San Felipe Basket de Chile dio credenciales y se adjudic\u00f3 el t\u00edtulo de la categor\u00eda U16 masculina.<\/p>\n\n\n\n<p>El equipo trasandino hab\u00eda empezado el torneo con un tropiezo. En su debut, cay\u00f3 precisamente frente a Tabar\u00e9 (60-63) que curiosamente ser\u00eda su rival en la final\u00edsima. M\u00e1s all\u00e1 de la derrota inicial, los chilenos demostraron buen nivel y actitud, cualidades que los llevar\u00edan lejos.<\/p>\n\n\n\n<blockquote class=\"instagram-media\" data-instgrm-captioned data-instgrm-permalink=\"https:\/\/www.instagram.com\/p\/DAy-_7oM9cy\/?utm_source=ig_embed&amp;utm_campaign=loading\" data-instgrm-version=\"14\" style=\" background:#FFF; border:0; border-radius:3px; box-shadow:0 0 1px 0 rgba(0,0,0,0.5),0 1px 10px 0 rgba(0,0,0,0.15); margin: 1px; max-width:540px; min-width:326px; padding:0; width:99.375%; width:-webkit-calc(100% - 2px); width:calc(100% - 2px);\"><div style=\"padding:16px;\"> <a href=\"https:\/\/www.instagram.com\/p\/DAy-_7oM9cy\/?utm_source=ig_embed&amp;utm_campaign=loading\" style=\" background:#FFFFFF; line-height:0; padding:0 0; text-align:center; text-decoration:none; width:100%;\" target=\"_blank\" rel=\"noopener\"> <div style=\" display: flex; flex-direction: row; align-items: center;\"> <div style=\"background-color: #F4F4F4; border-radius: 50%; flex-grow: 0; height: 40px; margin-right: 14px; width: 40px;\"><\/div> <div style=\"display: flex; flex-direction: column; flex-grow: 1; justify-content: center;\"> <div style=\" background-color: #F4F4F4; border-radius: 4px; flex-grow: 0; height: 14px; margin-bottom: 6px; width: 100px;\"><\/div> <div style=\" background-color: #F4F4F4; border-radius: 4px; flex-grow: 0; height: 14px; width: 60px;\"><\/div><\/div><\/div><div style=\"padding: 19% 0;\"><\/div> <div style=\"display:block; height:50px; margin:0 auto 12px; width:50px;\"><svg width=\"50px\" height=\"50px\" viewBox=\"0 0 60 60\" version=\"1.1\" xmlns=\"https:\/\/www.w3.org\/2000\/svg\" xmlns:xlink=\"https:\/\/www.w3.org\/1999\/xlink\"><g stroke=\"none\" stroke-width=\"1\" fill=\"none\" fill-rule=\"evenodd\"><g transform=\"translate(-511.000000, -20.000000)\" fill=\"#000000\"><g><path d=\"M556.869,30.41 C554.814,30.41 553.148,32.076 553.148,34.131 C553.148,36.186 554.814,37.852 556.869,37.852 C558.924,37.852 560.59,36.186 560.59,34.131 C560.59,32.076 558.924,30.41 556.869,30.41 M541,60.657 C535.114,60.657 530.342,55.887 530.342,50 C530.342,44.114 535.114,39.342 541,39.342 C546.887,39.342 551.658,44.114 551.658,50 C551.658,55.887 546.887,60.657 541,60.657 M541,33.886 C532.1,33.886 524.886,41.1 524.886,50 C524.886,58.899 532.1,66.113 541,66.113 C549.9,66.113 557.115,58.899 557.115,50 C557.115,41.1 549.9,33.886 541,33.886 M565.378,62.101 C565.244,65.022 564.756,66.606 564.346,67.663 C563.803,69.06 563.154,70.057 562.106,71.106 C561.058,72.155 560.06,72.803 558.662,73.347 C557.607,73.757 556.021,74.244 553.102,74.378 C549.944,74.521 548.997,74.552 541,74.552 C533.003,74.552 532.056,74.521 528.898,74.378 C525.979,74.244 524.393,73.757 523.338,73.347 C521.94,72.803 520.942,72.155 519.894,71.106 C518.846,70.057 518.197,69.06 517.654,67.663 C517.244,66.606 516.755,65.022 516.623,62.101 C516.479,58.943 516.448,57.996 516.448,50 C516.448,42.003 516.479,41.056 516.623,37.899 C516.755,34.978 517.244,33.391 517.654,32.338 C518.197,30.938 518.846,29.942 519.894,28.894 C520.942,27.846 521.94,27.196 523.338,26.654 C524.393,26.244 525.979,25.756 528.898,25.623 C532.057,25.479 533.004,25.448 541,25.448 C548.997,25.448 549.943,25.479 553.102,25.623 C556.021,25.756 557.607,26.244 558.662,26.654 C560.06,27.196 561.058,27.846 562.106,28.894 C563.154,29.942 563.803,30.938 564.346,32.338 C564.756,33.391 565.244,34.978 565.378,37.899 C565.522,41.056 565.552,42.003 565.552,50 C565.552,57.996 565.522,58.943 565.378,62.101 M570.82,37.631 C570.674,34.438 570.167,32.258 569.425,30.349 C568.659,28.377 567.633,26.702 565.965,25.035 C564.297,23.368 562.623,22.342 560.652,21.575 C558.743,20.834 556.562,20.326 553.369,20.18 C550.169,20.033 549.148,20 541,20 C532.853,20 531.831,20.033 528.631,20.18 C525.438,20.326 523.257,20.834 521.349,21.575 C519.376,22.342 517.703,23.368 516.035,25.035 C514.368,26.702 513.342,28.377 512.574,30.349 C511.834,32.258 511.326,34.438 511.181,37.631 C511.035,40.831 511,41.851 511,50 C511,58.147 511.035,59.17 511.181,62.369 C511.326,65.562 511.834,67.743 512.574,69.651 C513.342,71.625 514.368,73.296 516.035,74.965 C517.703,76.634 519.376,77.658 521.349,78.425 C523.257,79.167 525.438,79.673 528.631,79.82 C531.831,79.965 532.853,80.001 541,80.001 C549.148,80.001 550.169,79.965 553.369,79.82 C556.562,79.673 558.743,79.167 560.652,78.425 C562.623,77.658 564.297,76.634 565.965,74.965 C567.633,73.296 568.659,71.625 569.425,69.651 C570.167,67.743 570.674,65.562 570.82,62.369 C570.966,59.17 571,58.147 571,50 C571,41.851 570.966,40.831 570.82,37.631\"><\/path><\/g><\/g><\/g><\/svg><\/div><div style=\"padding-top: 8px;\"> <div style=\" color:#3897f0; font-family:Arial,sans-serif; font-size:14px; font-style:normal; font-weight:550; line-height:18px;\">Ver esta publicaci\u00f3n en Instagram<\/div><\/div><div style=\"padding: 12.5% 0;\"><\/div> <div style=\"display: flex; flex-direction: row; margin-bottom: 14px; align-items: center;\"><div> <div style=\"background-color: #F4F4F4; border-radius: 50%; height: 12.5px; width: 12.5px; transform: translateX(0px) translateY(7px);\"><\/div> <div style=\"background-color: #F4F4F4; height: 12.5px; transform: rotate(-45deg) translateX(3px) translateY(1px); width: 12.5px; flex-grow: 0; margin-right: 14px; margin-left: 2px;\"><\/div> <div style=\"background-color: #F4F4F4; border-radius: 50%; height: 12.5px; width: 12.5px; transform: translateX(9px) translateY(-18px);\"><\/div><\/div><div style=\"margin-left: 8px;\"> <div style=\" background-color: #F4F4F4; border-radius: 50%; flex-grow: 0; height: 20px; width: 20px;\"><\/div> <div style=\" width: 0; height: 0; border-top: 2px solid transparent; border-left: 6px solid #f4f4f4; border-bottom: 2px solid transparent; transform: translateX(16px) translateY(-4px) rotate(30deg)\"><\/div><\/div><div style=\"margin-left: auto;\"> <div style=\" width: 0px; border-top: 8px solid #F4F4F4; border-right: 8px solid transparent; transform: translateY(16px);\"><\/div> <div style=\" background-color: #F4F4F4; flex-grow: 0; height: 12px; width: 16px; transform: translateY(-4px);\"><\/div> <div style=\" width: 0; height: 0; border-top: 8px solid #F4F4F4; border-left: 8px solid transparent; transform: translateY(-4px) translateX(8px);\"><\/div><\/div><\/div> <div style=\"display: flex; flex-direction: column; flex-grow: 1; justify-content: center; margin-bottom: 24px;\"> <div style=\" background-color: #F4F4F4; border-radius: 4px; flex-grow: 0; height: 14px; margin-bottom: 6px; width: 224px;\"><\/div> <div style=\" background-color: #F4F4F4; border-radius: 4px; flex-grow: 0; height: 14px; width: 144px;\"><\/div><\/div><\/a><p style=\" color:#c9c8cd; font-family:Arial,sans-serif; font-size:14px; line-height:17px; margin-bottom:0; margin-top:8px; overflow:hidden; padding:8px 0 7px; text-align:center; text-overflow:ellipsis; white-space:nowrap;\"><a href=\"https:\/\/www.instagram.com\/p\/DAy-_7oM9cy\/?utm_source=ig_embed&amp;utm_campaign=loading\" style=\" color:#c9c8cd; font-family:Arial,sans-serif; font-size:14px; font-style:normal; font-weight:normal; line-height:17px; text-decoration:none;\" target=\"_blank\" rel=\"noopener\">Una publicaci\u00f3n compartida de Esquerra Deportes (@esquerradeportes)<\/a><\/p><\/div><\/blockquote>\n<script async src=\"\/\/www.instagram.com\/embed.js\"><\/script>\n\n\n\n<p>En el segundo d\u00eda de competencia, San Felipe se repuso ganando los dos encuentros restantes de la fase de grupos: en esa jornada doble venci\u00f3 Santo de Montevideo (Uruguay) con un contundente 63 a 35 y luego super\u00f3 al equipo B de la Asociaci\u00f3n Cordobesa (Argentina).<\/p>\n\n\n\n<figure class=\"wp-block-image size-large\"><img decoding=\"async\" width=\"1024\" height=\"683\" src=\"https:\/\/esquerra.com.ar\/basquet\/wp-content\/uploads\/2024\/10\/San-Felipe-vs-Tabare-U16-1-1024x683.jpeg\" alt=\"\" class=\"wp-image-2309\" srcset=\"https:\/\/esquerra.com.ar\/basquet\/wp-content\/uploads\/2024\/10\/San-Felipe-vs-Tabare-U16-1-1024x683.jpeg 1024w, https:\/\/esquerra.com.ar\/basquet\/wp-content\/uploads\/2024\/10\/San-Felipe-vs-Tabare-U16-1-300x200.jpeg 300w, https:\/\/esquerra.com.ar\/basquet\/wp-content\/uploads\/2024\/10\/San-Felipe-vs-Tabare-U16-1-768x512.jpeg 768w, https:\/\/esquerra.com.ar\/basquet\/wp-content\/uploads\/2024\/10\/San-Felipe-vs-Tabare-U16-1-1536x1024.jpeg 1536w, https:\/\/esquerra.com.ar\/basquet\/wp-content\/uploads\/2024\/10\/San-Felipe-vs-Tabare-U16-1-2048x1365.jpeg 2048w, https:\/\/esquerra.com.ar\/basquet\/wp-content\/uploads\/2024\/10\/San-Felipe-vs-Tabare-U16-1-128x85.jpeg 128w, https:\/\/esquerra.com.ar\/basquet\/wp-content\/uploads\/2024\/10\/San-Felipe-vs-Tabare-U16-1-32x21.jpeg 32w, https:\/\/esquerra.com.ar\/basquet\/wp-content\/uploads\/2024\/10\/San-Felipe-vs-Tabare-U16-1-930x620.jpeg 930w\" sizes=\"(max-width: 1024px) 100vw, 1024px\" \/><\/figure>\n\n\n\n<p>Con esos resultados, San Felipe qued\u00f3 segundo de la Zona A y se clasific\u00f3 para las semifinales de la Copa de Oro, en las que se cruz\u00f3 con Juniors de C\u00f3rdoba (Argentina): el equipo cordob\u00e9s hab\u00eda ganado sus tres encuentros de la fase de grupos y pintaba como un rival dif\u00edcil.<\/p>\n\n\n\n<p>Jugar como visitantes no condicion\u00f3 a los chilenos. El encuentro fue parejo, pero en el \u00faltimo cuarto San Felipe sac\u00f3 una ventaja clave con una gran actuaci\u00f3n colectiva que le permiti\u00f3 ganar por un ajustado 42-37 que le otorg\u00f3 el pasaje a la final.<\/p>\n\n\n\n<figure class=\"wp-block-image size-large\"><img decoding=\"async\" width=\"1024\" height=\"683\" src=\"https:\/\/esquerra.com.ar\/basquet\/wp-content\/uploads\/2024\/10\/San-Felipe-vs-Tabare-U16-2-1024x683.jpeg\" alt=\"\" class=\"wp-image-2312\" srcset=\"https:\/\/esquerra.com.ar\/basquet\/wp-content\/uploads\/2024\/10\/San-Felipe-vs-Tabare-U16-2-1024x683.jpeg 1024w, https:\/\/esquerra.com.ar\/basquet\/wp-content\/uploads\/2024\/10\/San-Felipe-vs-Tabare-U16-2-300x200.jpeg 300w, https:\/\/esquerra.com.ar\/basquet\/wp-content\/uploads\/2024\/10\/San-Felipe-vs-Tabare-U16-2-768x512.jpeg 768w, https:\/\/esquerra.com.ar\/basquet\/wp-content\/uploads\/2024\/10\/San-Felipe-vs-Tabare-U16-2-1536x1024.jpeg 1536w, https:\/\/esquerra.com.ar\/basquet\/wp-content\/uploads\/2024\/10\/San-Felipe-vs-Tabare-U16-2-2048x1365.jpeg 2048w, https:\/\/esquerra.com.ar\/basquet\/wp-content\/uploads\/2024\/10\/San-Felipe-vs-Tabare-U16-2-128x85.jpeg 128w, https:\/\/esquerra.com.ar\/basquet\/wp-content\/uploads\/2024\/10\/San-Felipe-vs-Tabare-U16-2-32x21.jpeg 32w, https:\/\/esquerra.com.ar\/basquet\/wp-content\/uploads\/2024\/10\/San-Felipe-vs-Tabare-U16-2-930x620.jpeg 930w\" sizes=\"(max-width: 1024px) 100vw, 1024px\" \/><\/figure>\n\n\n\n<p>Parad\u00f3jicamente, San Felipe y Tabar\u00e9, que se hab\u00edan cruzado en la apertura del certamen, volvieron a verse las caras en el mano a mano por la corona. Como era de esperarse, el partido fue intenso, con mucha intensidad. En ese marco, los lanzamientos libres tomaron notable protagonismo. Los trasandinos se fueron al descanso largo con ventaja de siete unidades (28-21) y mantuvieron esa diferencia en el tercer cuarto.<\/p>\n\n\n\n<p>En el \u00faltimo segmento, San Felipe ampli\u00f3 la ventaja hasta 12 puntos, pero el desgaste f\u00edsico y mental impidi\u00f3 que liquidaran el juego pese a contar con algunas ocasiones propicias para hacerlo.<\/p>\n\n\n\n<figure class=\"wp-block-image size-large\"><img loading=\"lazy\" decoding=\"async\" width=\"1024\" height=\"683\" src=\"https:\/\/esquerra.com.ar\/basquet\/wp-content\/uploads\/2024\/10\/San-Felipe-vs-Tabare-U16-4-1024x683.jpeg\" alt=\"\" class=\"wp-image-2311\" srcset=\"https:\/\/esquerra.com.ar\/basquet\/wp-content\/uploads\/2024\/10\/San-Felipe-vs-Tabare-U16-4-1024x683.jpeg 1024w, https:\/\/esquerra.com.ar\/basquet\/wp-content\/uploads\/2024\/10\/San-Felipe-vs-Tabare-U16-4-300x200.jpeg 300w, https:\/\/esquerra.com.ar\/basquet\/wp-content\/uploads\/2024\/10\/San-Felipe-vs-Tabare-U16-4-768x512.jpeg 768w, https:\/\/esquerra.com.ar\/basquet\/wp-content\/uploads\/2024\/10\/San-Felipe-vs-Tabare-U16-4-1536x1024.jpeg 1536w, https:\/\/esquerra.com.ar\/basquet\/wp-content\/uploads\/2024\/10\/San-Felipe-vs-Tabare-U16-4-2048x1365.jpeg 2048w, https:\/\/esquerra.com.ar\/basquet\/wp-content\/uploads\/2024\/10\/San-Felipe-vs-Tabare-U16-4-128x85.jpeg 128w, https:\/\/esquerra.com.ar\/basquet\/wp-content\/uploads\/2024\/10\/San-Felipe-vs-Tabare-U16-4-32x21.jpeg 32w, https:\/\/esquerra.com.ar\/basquet\/wp-content\/uploads\/2024\/10\/San-Felipe-vs-Tabare-U16-4-930x620.jpeg 930w\" sizes=\"(max-width: 1024px) 100vw, 1024px\" \/><\/figure>\n\n\n\n<p>A 3 minutos del cierre, Tabar\u00e9 le puso suspenso a la historia, al colocarse a solo tres puntos. Luego de un tiempo muerto, los chilenos tuvieron dos jugadas colectivas que culminaron en triples de Garc\u00eda: esas anotaciones fueron claves para ampliar la ventaja y acercarse a la consagraci\u00f3n tan deseada.<\/p>\n\n\n\n<p>Pese a la lesi\u00f3n de Fern\u00e1ndez, quien sufri\u00f3 un golpe al intentar volcarla y qued\u00f3 fuera de juego, San Felipe sostuvo la brecha y, con un marcador de 57-50, se convirti\u00f3 en campe\u00f3n de la Copa de Oro de la categor\u00eda U16 masculina, para cerrar de esa manera no solo uno de los mejores encuentros de la jornada, sino del mega torneo.<\/p>\n\n\n\n<blockquote class=\"wp-block-quote is-layout-flow wp-block-quote-is-layout-flow\">\n<p><em>Los res\u00famenes period\u00edsticos de cada jornada son realizados por Constanza Lucero, Luc\u00eda Mill\u00e1n, Santiago Baz\u00e1n y Cristian Belbruno, bajo supervisi\u00f3n de Gabriel Rosenbaun<\/em><\/p>\n<\/blockquote>\n","protected":false},"excerpt":{"rendered":"<p>El equipo chileno demostr\u00f3 un alto nivel y se qued\u00f3 con el primer puesto tras vencer en la final a Tabar\u00e9 de Montevideo, Uruguay, por 57 a 50. En una jornada cargada de actividad, en la cual se decidieron los campeones de las diferentes categor\u00edas del Mundialito, San Felipe Basket de Chile dio credenciales y&hellip;&nbsp;<a href=\"https:\/\/esquerra.com.ar\/basquet\/san-felipe-se-corono-campeon-de-la-categoria-u16-masculina-del-mundialito-disputado-en-cordoba\/\" rel=\"bookmark\">Leer m\u00e1s &raquo;<span class=\"screen-reader-text\">San Felipe se coron\u00f3 campe\u00f3n de la categor\u00eda U16 masculina del Mundialito disputado en C\u00f3rdoba<\/span><\/a><\/p>\n","protected":false},"author":5,"featured_media":2308,"comment_status":"closed","ping_status":"closed","sticky":false,"template":"","format":"standard","meta":{"_coblocks_attr":"","_coblocks_dimensions":"","_coblocks_responsive_height":"","_coblocks_accordion_ie_support":"","neve_meta_sidebar":"","neve_meta_container":"","neve_meta_enable_content_width":"","neve_meta_content_width":0,"neve_meta_title_alignment":"","neve_meta_author_avatar":"","neve_post_elements_order":"","neve_meta_disable_header":"","neve_meta_disable_footer":"","neve_meta_disable_title":"","footnotes":""},"categories":[229],"tags":[],"class_list":["post-2306","post","type-post","status-publish","format-standard","has-post-thumbnail","hentry","category-basquet2024"],"_links":{"self":[{"href":"https:\/\/esquerra.com.ar\/basquet\/wp-json\/wp\/v2\/posts\/2306","targetHints":{"allow":["GET"]}}],"collection":[{"href":"https:\/\/esquerra.com.ar\/basquet\/wp-json\/wp\/v2\/posts"}],"about":[{"href":"https:\/\/esquerra.com.ar\/basquet\/wp-json\/wp\/v2\/types\/post"}],"author":[{"embeddable":true,"href":"https:\/\/esquerra.com.ar\/basquet\/wp-json\/wp\/v2\/users\/5"}],"replies":[{"embeddable":true,"href":"https:\/\/esquerra.com.ar\/basquet\/wp-json\/wp\/v2\/comments?post=2306"}],"version-history":[{"count":3,"href":"https:\/\/esquerra.com.ar\/basquet\/wp-json\/wp\/v2\/posts\/2306\/revisions"}],"predecessor-version":[{"id":2323,"href":"https:\/\/esquerra.com.ar\/basquet\/wp-json\/wp\/v2\/posts\/2306\/revisions\/2323"}],"wp:featuredmedia":[{"embeddable":true,"href":"https:\/\/esquerra.com.ar\/basquet\/wp-json\/wp\/v2\/media\/2308"}],"wp:attachment":[{"href":"https:\/\/esquerra.com.ar\/basquet\/wp-json\/wp\/v2\/media?parent=2306"}],"wp:term":[{"taxonomy":"category","embeddable":true,"href":"https:\/\/esquerra.com.ar\/basquet\/wp-json\/wp\/v2\/categories?post=2306"},{"taxonomy":"post_tag","embeddable":true,"href":"https:\/\/esquerra.com.ar\/basquet\/wp-json\/wp\/v2\/tags?post=2306"}],"curies":[{"name":"wp","href":"https:\/\/api.w.org\/{rel}","templated":true}]}}