{"id":2300,"date":"2024-10-06T18:45:55","date_gmt":"2024-10-06T21:45:55","guid":{"rendered":"https:\/\/esquerra.com.ar\/basquet\/?p=2300"},"modified":"2024-10-08T19:26:27","modified_gmt":"2024-10-08T22:26:27","slug":"los-campeones-del-mundialito-de-basquet-de-mini-y-formativas-categoria-por-categoria","status":"publish","type":"post","link":"https:\/\/esquerra.com.ar\/basquet\/los-campeones-del-mundialito-de-basquet-de-mini-y-formativas-categoria-por-categoria\/","title":{"rendered":"Los campeones del Mundialito de b\u00e1squet de mini y formativas, categor\u00eda por categor\u00eda"},"content":{"rendered":"\n<p>El Mundialito de b\u00e1squet de mini y formativas cerr\u00f3 este domingo 6 de octubre su edici\u00f3n 2024, de la que participaron 1.500 personas provenientes de cinco pa\u00edses de Sudam\u00e9rica.<\/p>\n\n\n\n<blockquote class=\"wp-block-quote is-layout-flow wp-block-quote-is-layout-flow\">\n<p>A continuaci\u00f3n, el listado de campeones de cada categor\u00eda:<\/p>\n<\/blockquote>\n\n\n\n<p class=\"has-text-align-center\"><strong>U12<\/strong><br>\ud83c\udde6\ud83c\uddf7 Sociedad Uni\u00f3n El\u00e9ctrica (C\u00f3rdoba) \ud83c\udde6\ud83c\uddf7<\/p>\n\n\n\n<p class=\"has-text-align-center\"><strong>U13 MASCULINA<\/strong><br>\ud83c\udde6\ud83c\uddf7 Banco (Mendoza, Argentina) \ud83c\udde6\ud83c\uddf7<\/p>\n\n\n\n<p class=\"has-text-align-center\"><strong>U14 FEMENINA<\/strong><br>\ud83c\udde6\ud83c\uddf7 A.C.B.B (C\u00f3rdoba, Argentina) \ud83c\udde6\ud83c\uddf7<\/p>\n\n\n\n<p class=\"has-text-align-center\"><strong>U14 MASCULINA<\/strong><br>\ud83c\udde6\ud83c\uddf7 A.C.B.B (A) (C\u00f3rdoba, Argentina) \ud83c\udde6\ud83c\uddf7<\/p>\n\n\n\n<p class=\"has-text-align-center\"><strong>U15 MASCULINA<\/strong><br>\ud83c\udde6\ud83c\uddf7 Sociedad Uni\u00f3n El\u00e9ctrica (C\u00f3rdoba) \ud83c\udde6\ud83c\uddf7<\/p>\n\n\n\n<p class=\"has-text-align-center\"><strong>U16 FEMENINA<\/strong><br>\ud83c\udde7\ud83c\uddf4 El Dorado (Bolivia) \ud83c\udde7\ud83c\uddf4<\/p>\n\n\n\n<p class=\"has-text-align-center\"><strong>U16 MASCULINA<\/strong><br>\ud83c\udde8\ud83c\uddf1 San Felipe (Chile) \ud83c\udde8\ud83c\uddf1<\/p>\n\n\n\n<p class=\"has-text-align-center\"><strong>U17 MASCULINA<\/strong><br>\ud83c\udde6\ud83c\uddf7 Banco (Mendoza, Argentina) \ud83c\udde6\ud83c\uddf7<\/p>\n\n\n\n<p class=\"has-text-align-center\"><strong>U18 MASCULINA<\/strong><br>\ud83c\udde6\ud83c\uddf7 A.C.B.B (C\u00f3rdoba, Argentina) \ud83c\udde6\ud83c\uddf7<\/p>\n\n\n\n<p class=\"has-text-align-center\"><strong>U20 MASCULINA<\/strong><br>\ud83c\uddfa\ud83c\uddfe Salto (Uruguay) \ud83c\uddfa\ud83c\uddfe<\/p>\n\n\n\n<p><\/p>\n","protected":false},"excerpt":{"rendered":"<p>El Mundialito de b\u00e1squet de mini y formativas cerr\u00f3 este domingo 6 de octubre su edici\u00f3n 2024, de la que participaron 1.500 personas provenientes de cinco pa\u00edses de Sudam\u00e9rica. A continuaci\u00f3n, el listado de campeones de cada categor\u00eda: U12\ud83c\udde6\ud83c\uddf7 Sociedad Uni\u00f3n El\u00e9ctrica (C\u00f3rdoba) \ud83c\udde6\ud83c\uddf7 U13 MASCULINA\ud83c\udde6\ud83c\uddf7 Banco (Mendoza, Argentina) \ud83c\udde6\ud83c\uddf7 U14 FEMENINA\ud83c\udde6\ud83c\uddf7 A.C.B.B (C\u00f3rdoba, Argentina)&hellip;&nbsp;<a href=\"https:\/\/esquerra.com.ar\/basquet\/los-campeones-del-mundialito-de-basquet-de-mini-y-formativas-categoria-por-categoria\/\" rel=\"bookmark\">Leer m\u00e1s &raquo;<span class=\"screen-reader-text\">Los campeones del Mundialito de b\u00e1squet de mini y formativas, categor\u00eda por categor\u00eda<\/span><\/a><\/p>\n","protected":false},"author":5,"featured_media":2315,"comment_status":"closed","ping_status":"closed","sticky":false,"template":"","format":"standard","meta":{"_coblocks_attr":"","_coblocks_dimensions":"","_coblocks_responsive_height":"","_coblocks_accordion_ie_support":"","neve_meta_sidebar":"","neve_meta_container":"","neve_meta_enable_content_width":"","neve_meta_content_width":0,"neve_meta_title_alignment":"","neve_meta_author_avatar":"","neve_post_elements_order":"","neve_meta_disable_header":"","neve_meta_disable_footer":"","neve_meta_disable_title":"","footnotes":""},"categories":[229],"tags":[],"class_list":["post-2300","post","type-post","status-publish","format-standard","has-post-thumbnail","hentry","category-basquet2024"],"_links":{"self":[{"href":"https:\/\/esquerra.com.ar\/basquet\/wp-json\/wp\/v2\/posts\/2300","targetHints":{"allow":["GET"]}}],"collection":[{"href":"https:\/\/esquerra.com.ar\/basquet\/wp-json\/wp\/v2\/posts"}],"about":[{"href":"https:\/\/esquerra.com.ar\/basquet\/wp-json\/wp\/v2\/types\/post"}],"author":[{"embeddable":true,"href":"https:\/\/esquerra.com.ar\/basquet\/wp-json\/wp\/v2\/users\/5"}],"replies":[{"embeddable":true,"href":"https:\/\/esquerra.com.ar\/basquet\/wp-json\/wp\/v2\/comments?post=2300"}],"version-history":[{"count":5,"href":"https:\/\/esquerra.com.ar\/basquet\/wp-json\/wp\/v2\/posts\/2300\/revisions"}],"predecessor-version":[{"id":2398,"href":"https:\/\/esquerra.com.ar\/basquet\/wp-json\/wp\/v2\/posts\/2300\/revisions\/2398"}],"wp:featuredmedia":[{"embeddable":true,"href":"https:\/\/esquerra.com.ar\/basquet\/wp-json\/wp\/v2\/media\/2315"}],"wp:attachment":[{"href":"https:\/\/esquerra.com.ar\/basquet\/wp-json\/wp\/v2\/media?parent=2300"}],"wp:term":[{"taxonomy":"category","embeddable":true,"href":"https:\/\/esquerra.com.ar\/basquet\/wp-json\/wp\/v2\/categories?post=2300"},{"taxonomy":"post_tag","embeddable":true,"href":"https:\/\/esquerra.com.ar\/basquet\/wp-json\/wp\/v2\/tags?post=2300"}],"curies":[{"name":"wp","href":"https:\/\/api.w.org\/{rel}","templated":true}]}}