{"id":2293,"date":"2024-10-06T18:49:02","date_gmt":"2024-10-06T21:49:02","guid":{"rendered":"https:\/\/esquerra.com.ar\/basquet\/?p=2293"},"modified":"2024-10-06T18:52:50","modified_gmt":"2024-10-06T21:52:50","slug":"el-mundialito-se-cerro-con-coronaciones-de-equipos-de-uruguay-chile-bolivia-y-argentina","status":"publish","type":"post","link":"https:\/\/esquerra.com.ar\/basquet\/el-mundialito-se-cerro-con-coronaciones-de-equipos-de-uruguay-chile-bolivia-y-argentina\/","title":{"rendered":"El Mundialito se cerr\u00f3 con coronaciones de equipos de Uruguay, Chile, Bolivia y Argentina"},"content":{"rendered":"\n<p>La inolvidable edici\u00f3n 2024 del Mundialito de b\u00e1squetbol de mini y categor\u00edas formativas se cerr\u00f3 este domingo 6 de octubre en la ciudad de C\u00f3rdoba con una serie de consagraciones que reflejan la excelente convocatoria del mega torneo: Uruguay, Chile y Bolivia inscribieron un equipo cada uno entre los campeones del certamen, mientras que Argentina sumo coronaciones con un club mendocino y dos equipos cordobeses.<\/p>\n\n\n\n<p>A continuaci\u00f3n, el listado de campeones agrupados por pa\u00edses:<\/p>\n\n\n\n<p>\ud83c\uddfa\ud83c\uddfe Uruguay \ud83c\uddfa\ud83c\uddfe<br><strong>Salto Uruguay (Salto, Uruguay)<\/strong><br>\u2022 U20 Masculina<\/p>\n\n\n\n<figure class=\"wp-block-image size-large\"><img fetchpriority=\"high\" decoding=\"async\" width=\"1024\" height=\"683\" src=\"https:\/\/esquerra.com.ar\/basquet\/wp-content\/uploads\/2024\/10\/campeones-2-1024x683.jpg\" alt=\"\" class=\"wp-image-2297\" srcset=\"https:\/\/esquerra.com.ar\/basquet\/wp-content\/uploads\/2024\/10\/campeones-2-1024x683.jpg 1024w, https:\/\/esquerra.com.ar\/basquet\/wp-content\/uploads\/2024\/10\/campeones-2-300x200.jpg 300w, https:\/\/esquerra.com.ar\/basquet\/wp-content\/uploads\/2024\/10\/campeones-2-768x512.jpg 768w, https:\/\/esquerra.com.ar\/basquet\/wp-content\/uploads\/2024\/10\/campeones-2-1536x1024.jpg 1536w, https:\/\/esquerra.com.ar\/basquet\/wp-content\/uploads\/2024\/10\/campeones-2-128x85.jpg 128w, https:\/\/esquerra.com.ar\/basquet\/wp-content\/uploads\/2024\/10\/campeones-2-32x21.jpg 32w, https:\/\/esquerra.com.ar\/basquet\/wp-content\/uploads\/2024\/10\/campeones-2-930x620.jpg 930w, https:\/\/esquerra.com.ar\/basquet\/wp-content\/uploads\/2024\/10\/campeones-2.jpg 1560w\" sizes=\"(max-width: 1024px) 100vw, 1024px\" \/><figcaption class=\"wp-element-caption\"><em>Salto, de Uruguay, se consagr\u00f3 en U20 masculina.<\/em><\/figcaption><\/figure>\n\n\n\n<p><\/p>\n\n\n\n<p>\ud83c\udde8\ud83c\uddf1 Chile \ud83c\udde8\ud83c\uddf1<br><strong>San Felipe (San Felipe, Chile)<\/strong><br>\u2022 U16 Masculina<\/p>\n\n\n\n<p>\ud83c\udde7\ud83c\uddf4 Bolivia \ud83c\udde7\ud83c\uddf4<br><strong>El Dorado (Trinidad, Bolivia)<\/strong><br>\u2022 U16 Femenina<\/p>\n\n\n\n<p><\/p>\n\n\n\n<figure class=\"wp-block-image size-large\"><img decoding=\"async\" width=\"1024\" height=\"682\" src=\"https:\/\/esquerra.com.ar\/basquet\/wp-content\/uploads\/2024\/10\/Campeones-3-1024x682.jpg\" alt=\"\" class=\"wp-image-2296\" srcset=\"https:\/\/esquerra.com.ar\/basquet\/wp-content\/uploads\/2024\/10\/Campeones-3-1024x682.jpg 1024w, https:\/\/esquerra.com.ar\/basquet\/wp-content\/uploads\/2024\/10\/Campeones-3-300x200.jpg 300w, https:\/\/esquerra.com.ar\/basquet\/wp-content\/uploads\/2024\/10\/Campeones-3-768x512.jpg 768w, https:\/\/esquerra.com.ar\/basquet\/wp-content\/uploads\/2024\/10\/Campeones-3-1536x1023.jpg 1536w, https:\/\/esquerra.com.ar\/basquet\/wp-content\/uploads\/2024\/10\/Campeones-3-128x85.jpg 128w, https:\/\/esquerra.com.ar\/basquet\/wp-content\/uploads\/2024\/10\/Campeones-3-32x21.jpg 32w, https:\/\/esquerra.com.ar\/basquet\/wp-content\/uploads\/2024\/10\/Campeones-3-930x620.jpg 930w, https:\/\/esquerra.com.ar\/basquet\/wp-content\/uploads\/2024\/10\/Campeones-3.jpg 1600w\" sizes=\"(max-width: 1024px) 100vw, 1024px\" \/><\/figure>\n\n\n\n<p>\ud83c\udde6\ud83c\uddf7 Argentina \ud83c\udde6\ud83c\uddf7<br><strong>Banco (Mendoza, Argentina)<\/strong><br>\u2022 U13 Masculina<br>\u2022 U17 Masculina<br><strong>Uni\u00f3n El\u00e9ctrica (C\u00f3rdoba, Argentina)<\/strong><br>\u2022 U12 Masculina<br>\u2022 U15 Masculina<br><strong>A.C.B.B. (C\u00f3rdoba, Argentina)<\/strong><br>\u2022 U14 Femenina<br>\u2022 U14 Masculina<br>\u2022 U18 Masculina<\/p>\n\n\n\n<p><\/p>\n\n\n\n<blockquote class=\"wp-block-quote is-layout-flow wp-block-quote-is-layout-flow\">\n<p><em>Los res\u00famenes period\u00edsticos son realizados por Constanza Lucero, Luc\u00eda Mill\u00e1n, Santiago Baz\u00e1n y Cristian Belbruno, bajo supervisi\u00f3n de Gabriel Rosenbaun<\/em><\/p>\n<\/blockquote>\n","protected":false},"excerpt":{"rendered":"<p>La inolvidable edici\u00f3n 2024 del Mundialito de b\u00e1squetbol de mini y categor\u00edas formativas se cerr\u00f3 este domingo 6 de octubre en la ciudad de C\u00f3rdoba con una serie de consagraciones que reflejan la excelente convocatoria del mega torneo: Uruguay, Chile y Bolivia inscribieron un equipo cada uno entre los campeones del certamen, mientras que Argentina&hellip;&nbsp;<a href=\"https:\/\/esquerra.com.ar\/basquet\/el-mundialito-se-cerro-con-coronaciones-de-equipos-de-uruguay-chile-bolivia-y-argentina\/\" rel=\"bookmark\">Leer m\u00e1s &raquo;<span class=\"screen-reader-text\">El Mundialito se cerr\u00f3 con coronaciones de equipos de Uruguay, Chile, Bolivia y Argentina<\/span><\/a><\/p>\n","protected":false},"author":5,"featured_media":2299,"comment_status":"closed","ping_status":"closed","sticky":false,"template":"","format":"standard","meta":{"_coblocks_attr":"","_coblocks_dimensions":"","_coblocks_responsive_height":"","_coblocks_accordion_ie_support":"","neve_meta_sidebar":"","neve_meta_container":"","neve_meta_enable_content_width":"","neve_meta_content_width":0,"neve_meta_title_alignment":"","neve_meta_author_avatar":"","neve_post_elements_order":"","neve_meta_disable_header":"","neve_meta_disable_footer":"","neve_meta_disable_title":"","footnotes":""},"categories":[229],"tags":[],"class_list":["post-2293","post","type-post","status-publish","format-standard","has-post-thumbnail","hentry","category-basquet2024"],"_links":{"self":[{"href":"https:\/\/esquerra.com.ar\/basquet\/wp-json\/wp\/v2\/posts\/2293","targetHints":{"allow":["GET"]}}],"collection":[{"href":"https:\/\/esquerra.com.ar\/basquet\/wp-json\/wp\/v2\/posts"}],"about":[{"href":"https:\/\/esquerra.com.ar\/basquet\/wp-json\/wp\/v2\/types\/post"}],"author":[{"embeddable":true,"href":"https:\/\/esquerra.com.ar\/basquet\/wp-json\/wp\/v2\/users\/5"}],"replies":[{"embeddable":true,"href":"https:\/\/esquerra.com.ar\/basquet\/wp-json\/wp\/v2\/comments?post=2293"}],"version-history":[{"count":2,"href":"https:\/\/esquerra.com.ar\/basquet\/wp-json\/wp\/v2\/posts\/2293\/revisions"}],"predecessor-version":[{"id":2298,"href":"https:\/\/esquerra.com.ar\/basquet\/wp-json\/wp\/v2\/posts\/2293\/revisions\/2298"}],"wp:featuredmedia":[{"embeddable":true,"href":"https:\/\/esquerra.com.ar\/basquet\/wp-json\/wp\/v2\/media\/2299"}],"wp:attachment":[{"href":"https:\/\/esquerra.com.ar\/basquet\/wp-json\/wp\/v2\/media?parent=2293"}],"wp:term":[{"taxonomy":"category","embeddable":true,"href":"https:\/\/esquerra.com.ar\/basquet\/wp-json\/wp\/v2\/categories?post=2293"},{"taxonomy":"post_tag","embeddable":true,"href":"https:\/\/esquerra.com.ar\/basquet\/wp-json\/wp\/v2\/tags?post=2293"}],"curies":[{"name":"wp","href":"https:\/\/api.w.org\/{rel}","templated":true}]}}