{"id":2277,"date":"2024-10-06T08:59:27","date_gmt":"2024-10-06T11:59:27","guid":{"rendered":"https:\/\/esquerra.com.ar\/basquet\/?p=2277"},"modified":"2024-10-06T09:35:15","modified_gmt":"2024-10-06T12:35:15","slug":"el-dorado-de-bolivia-una-travesia-de-cinco-dias-para-hacer-historia-en-el-mundialito-de-cordoba","status":"publish","type":"post","link":"https:\/\/esquerra.com.ar\/basquet\/el-dorado-de-bolivia-una-travesia-de-cinco-dias-para-hacer-historia-en-el-mundialito-de-cordoba\/","title":{"rendered":"El Dorado de Bolivia: una traves\u00eda de cinco d\u00edas para hacer historia en el Mundialito de C\u00f3rdoba"},"content":{"rendered":"\n<p>El Dorado, un humilde club municipal de la ciudad de Trinidad, en el departamento de Beni, Bolivia, se embarc\u00f3 en una verdadera traves\u00eda para llegar a C\u00f3rdoba, Argentina, y participar en el prestigioso Mundialito de b\u00e1squetbol de mini y categor\u00edas formativas. Lo que parec\u00eda ser solo un sue\u00f1o lejano para sus jugadoras, se convirti\u00f3 en una experiencia de esfuerzo y superaci\u00f3n que quedar\u00e1 grabada en la historia del club.<\/p>\n\n\n\n<figure class=\"wp-block-image size-large\"><img fetchpriority=\"high\" decoding=\"async\" width=\"1024\" height=\"684\" src=\"https:\/\/esquerra.com.ar\/basquet\/wp-content\/uploads\/2024\/10\/El-Dorado-6-1024x684.jpeg\" alt=\"\" class=\"wp-image-2279\" srcset=\"https:\/\/esquerra.com.ar\/basquet\/wp-content\/uploads\/2024\/10\/El-Dorado-6-1024x684.jpeg 1024w, https:\/\/esquerra.com.ar\/basquet\/wp-content\/uploads\/2024\/10\/El-Dorado-6-300x201.jpeg 300w, https:\/\/esquerra.com.ar\/basquet\/wp-content\/uploads\/2024\/10\/El-Dorado-6-768x513.jpeg 768w, https:\/\/esquerra.com.ar\/basquet\/wp-content\/uploads\/2024\/10\/El-Dorado-6-1536x1027.jpeg 1536w, https:\/\/esquerra.com.ar\/basquet\/wp-content\/uploads\/2024\/10\/El-Dorado-6-2048x1369.jpeg 2048w, https:\/\/esquerra.com.ar\/basquet\/wp-content\/uploads\/2024\/10\/El-Dorado-6-128x86.jpeg 128w, https:\/\/esquerra.com.ar\/basquet\/wp-content\/uploads\/2024\/10\/El-Dorado-6-32x21.jpeg 32w, https:\/\/esquerra.com.ar\/basquet\/wp-content\/uploads\/2024\/10\/El-Dorado-6-930x620.jpeg 930w\" sizes=\"(max-width: 1024px) 100vw, 1024px\" \/><\/figure>\n\n\n\n<p>F\u00e1tima Caero, asesora del equipo, conoci\u00f3 el torneo en temporadas anteriores, pero diversas circunstancias hab\u00edan impedido que el club pudiera participar.&nbsp;<\/p>\n\n\n\n<figure class=\"wp-block-image size-large\"><img decoding=\"async\" width=\"1024\" height=\"684\" src=\"https:\/\/esquerra.com.ar\/basquet\/wp-content\/uploads\/2024\/10\/El-Dorado-10-1024x684.jpeg\" alt=\"\" class=\"wp-image-2288\" srcset=\"https:\/\/esquerra.com.ar\/basquet\/wp-content\/uploads\/2024\/10\/El-Dorado-10-1024x684.jpeg 1024w, https:\/\/esquerra.com.ar\/basquet\/wp-content\/uploads\/2024\/10\/El-Dorado-10-300x201.jpeg 300w, https:\/\/esquerra.com.ar\/basquet\/wp-content\/uploads\/2024\/10\/El-Dorado-10-768x513.jpeg 768w, https:\/\/esquerra.com.ar\/basquet\/wp-content\/uploads\/2024\/10\/El-Dorado-10-1536x1027.jpeg 1536w, https:\/\/esquerra.com.ar\/basquet\/wp-content\/uploads\/2024\/10\/El-Dorado-10-2048x1369.jpeg 2048w, https:\/\/esquerra.com.ar\/basquet\/wp-content\/uploads\/2024\/10\/El-Dorado-10-128x86.jpeg 128w, https:\/\/esquerra.com.ar\/basquet\/wp-content\/uploads\/2024\/10\/El-Dorado-10-32x21.jpeg 32w, https:\/\/esquerra.com.ar\/basquet\/wp-content\/uploads\/2024\/10\/El-Dorado-10-930x620.jpeg 930w\" sizes=\"(max-width: 1024px) 100vw, 1024px\" \/><\/figure>\n\n\n\n<p>Este a\u00f1o, sin embargo, con la determinaci\u00f3n de mostrar que el deporte es fundamental para la formaci\u00f3n integral de las personas, presentaron el proyecto. Los padres de las jugadoras tuvieron que superar muchas dudas para permitir que sus hijas viajaran a otro pa\u00eds, pero la visi\u00f3n de F\u00e1tima y el equipo era clara: este Mundialito ser\u00eda una oportunidad \u00fanica para formar deportistas y, al mismo tiempo, seres humanos con valores y principios.<\/p>\n\n\n\n<figure class=\"wp-block-image size-large\"><img decoding=\"async\" width=\"1024\" height=\"684\" src=\"https:\/\/esquerra.com.ar\/basquet\/wp-content\/uploads\/2024\/10\/El-Dorado-1-1024x684.jpeg\" alt=\"\" class=\"wp-image-2280\" srcset=\"https:\/\/esquerra.com.ar\/basquet\/wp-content\/uploads\/2024\/10\/El-Dorado-1-1024x684.jpeg 1024w, https:\/\/esquerra.com.ar\/basquet\/wp-content\/uploads\/2024\/10\/El-Dorado-1-300x201.jpeg 300w, https:\/\/esquerra.com.ar\/basquet\/wp-content\/uploads\/2024\/10\/El-Dorado-1-768x513.jpeg 768w, https:\/\/esquerra.com.ar\/basquet\/wp-content\/uploads\/2024\/10\/El-Dorado-1-1536x1027.jpeg 1536w, https:\/\/esquerra.com.ar\/basquet\/wp-content\/uploads\/2024\/10\/El-Dorado-1-2048x1369.jpeg 2048w, https:\/\/esquerra.com.ar\/basquet\/wp-content\/uploads\/2024\/10\/El-Dorado-1-128x86.jpeg 128w, https:\/\/esquerra.com.ar\/basquet\/wp-content\/uploads\/2024\/10\/El-Dorado-1-32x21.jpeg 32w, https:\/\/esquerra.com.ar\/basquet\/wp-content\/uploads\/2024\/10\/El-Dorado-1-930x620.jpeg 930w\" sizes=\"(max-width: 1024px) 100vw, 1024px\" \/><\/figure>\n\n\n\n<p>El verdadero desaf\u00edo comenz\u00f3 cuando, por problemas de salud, familiares y conflictos sociales en Bolivia, solo seis jugadoras pudieron embarcarse en la aventura.&nbsp;<\/p>\n\n\n\n<p>El viaje, que originalmente ser\u00eda largo pero manejable, se transform\u00f3 en una odisea de cinco d\u00edas. Salieron de Trinidad con el alma llena de esperanza, pero pronto se encontraron enfrentando rutas cerradas, lo que oblig\u00f3 a cambiar de camino. En medio de este panorama, pasaron dos d\u00edas varadas en Santa Cruz de la Sierra, Bolivia, buscando alternativas para continuar.<\/p>\n\n\n\n<figure class=\"wp-block-image size-large\"><img loading=\"lazy\" decoding=\"async\" width=\"1024\" height=\"682\" src=\"https:\/\/esquerra.com.ar\/basquet\/wp-content\/uploads\/2024\/10\/El-Dorado-4-1024x682.jpeg\" alt=\"\" class=\"wp-image-2281\" srcset=\"https:\/\/esquerra.com.ar\/basquet\/wp-content\/uploads\/2024\/10\/El-Dorado-4-1024x682.jpeg 1024w, https:\/\/esquerra.com.ar\/basquet\/wp-content\/uploads\/2024\/10\/El-Dorado-4-300x200.jpeg 300w, https:\/\/esquerra.com.ar\/basquet\/wp-content\/uploads\/2024\/10\/El-Dorado-4-768x512.jpeg 768w, https:\/\/esquerra.com.ar\/basquet\/wp-content\/uploads\/2024\/10\/El-Dorado-4-1536x1023.jpeg 1536w, https:\/\/esquerra.com.ar\/basquet\/wp-content\/uploads\/2024\/10\/El-Dorado-4-128x85.jpeg 128w, https:\/\/esquerra.com.ar\/basquet\/wp-content\/uploads\/2024\/10\/El-Dorado-4-32x21.jpeg 32w, https:\/\/esquerra.com.ar\/basquet\/wp-content\/uploads\/2024\/10\/El-Dorado-4-930x620.jpeg 930w, https:\/\/esquerra.com.ar\/basquet\/wp-content\/uploads\/2024\/10\/El-Dorado-4.jpeg 1600w\" sizes=\"(max-width: 1024px) 100vw, 1024px\" \/><\/figure>\n\n\n\n<p>A pesar del cansancio, la alimentaci\u00f3n precaria y las largas esperas, las j\u00f3venes atletas nunca perdieron el \u00e1nimo. El esp\u00edritu competitivo y la emoci\u00f3n de llegar al Mundialito las manten\u00edan motivadas, incluso cuando todo parec\u00eda en contra.&nbsp;<\/p>\n\n\n\n<p>Su entrenador, Mauricio Ayoropa Farell y la propietaria del club, Mar\u00eda de los \u00c1ngeles Dorado Aguilar, junto con F\u00e1tima Caero, las guiaron con una mezcla de firmeza y cari\u00f1o, convirti\u00e9ndose en el pilar emocional que las impulsaba a seguir.<\/p>\n\n\n\n<figure class=\"wp-block-image size-large\"><img loading=\"lazy\" decoding=\"async\" width=\"1024\" height=\"684\" src=\"https:\/\/esquerra.com.ar\/basquet\/wp-content\/uploads\/2024\/10\/El-Dorado-2-1024x684.jpeg\" alt=\"\" class=\"wp-image-2282\" srcset=\"https:\/\/esquerra.com.ar\/basquet\/wp-content\/uploads\/2024\/10\/El-Dorado-2-1024x684.jpeg 1024w, https:\/\/esquerra.com.ar\/basquet\/wp-content\/uploads\/2024\/10\/El-Dorado-2-300x201.jpeg 300w, https:\/\/esquerra.com.ar\/basquet\/wp-content\/uploads\/2024\/10\/El-Dorado-2-768x513.jpeg 768w, https:\/\/esquerra.com.ar\/basquet\/wp-content\/uploads\/2024\/10\/El-Dorado-2-1536x1027.jpeg 1536w, https:\/\/esquerra.com.ar\/basquet\/wp-content\/uploads\/2024\/10\/El-Dorado-2-2048x1369.jpeg 2048w, https:\/\/esquerra.com.ar\/basquet\/wp-content\/uploads\/2024\/10\/El-Dorado-2-128x86.jpeg 128w, https:\/\/esquerra.com.ar\/basquet\/wp-content\/uploads\/2024\/10\/El-Dorado-2-32x21.jpeg 32w, https:\/\/esquerra.com.ar\/basquet\/wp-content\/uploads\/2024\/10\/El-Dorado-2-930x620.jpeg 930w\" sizes=\"(max-width: 1024px) 100vw, 1024px\" \/><\/figure>\n\n\n\n<p>Finalmente, tras pasar por cinco d\u00edas de colectivos y fronteras, llegaron a C\u00f3rdoba, listas para enfrentar el desaf\u00edo en la cancha. Pero la mayor victoria ya la hab\u00edan conseguido: hab\u00edan superado cada obst\u00e1culo del camino y hab\u00edan demostrado que, con esfuerzo y perseverancia, nada es imposible.<\/p>\n\n\n\n<blockquote class=\"instagram-media\" data-instgrm-captioned data-instgrm-permalink=\"https:\/\/www.instagram.com\/reel\/DAxU_nmN9j5\/?utm_source=ig_embed&amp;utm_campaign=loading\" data-instgrm-version=\"14\" style=\" background:#FFF; border:0; border-radius:3px; box-shadow:0 0 1px 0 rgba(0,0,0,0.5),0 1px 10px 0 rgba(0,0,0,0.15); margin: 1px; max-width:540px; min-width:326px; padding:0; width:99.375%; width:-webkit-calc(100% - 2px); width:calc(100% - 2px);\"><div style=\"padding:16px;\"> <a href=\"https:\/\/www.instagram.com\/reel\/DAxU_nmN9j5\/?utm_source=ig_embed&amp;utm_campaign=loading\" style=\" background:#FFFFFF; line-height:0; padding:0 0; text-align:center; text-decoration:none; width:100%;\" target=\"_blank\" rel=\"noopener\"> <div style=\" display: flex; flex-direction: row; align-items: center;\"> <div style=\"background-color: #F4F4F4; border-radius: 50%; flex-grow: 0; height: 40px; margin-right: 14px; width: 40px;\"><\/div> <div style=\"display: flex; flex-direction: column; flex-grow: 1; justify-content: center;\"> <div style=\" background-color: #F4F4F4; border-radius: 4px; flex-grow: 0; height: 14px; margin-bottom: 6px; width: 100px;\"><\/div> <div style=\" background-color: #F4F4F4; border-radius: 4px; flex-grow: 0; height: 14px; width: 60px;\"><\/div><\/div><\/div><div style=\"padding: 19% 0;\"><\/div> <div style=\"display:block; height:50px; margin:0 auto 12px; width:50px;\"><svg width=\"50px\" height=\"50px\" viewBox=\"0 0 60 60\" version=\"1.1\" xmlns=\"https:\/\/www.w3.org\/2000\/svg\" xmlns:xlink=\"https:\/\/www.w3.org\/1999\/xlink\"><g stroke=\"none\" stroke-width=\"1\" fill=\"none\" fill-rule=\"evenodd\"><g transform=\"translate(-511.000000, -20.000000)\" fill=\"#000000\"><g><path d=\"M556.869,30.41 C554.814,30.41 553.148,32.076 553.148,34.131 C553.148,36.186 554.814,37.852 556.869,37.852 C558.924,37.852 560.59,36.186 560.59,34.131 C560.59,32.076 558.924,30.41 556.869,30.41 M541,60.657 C535.114,60.657 530.342,55.887 530.342,50 C530.342,44.114 535.114,39.342 541,39.342 C546.887,39.342 551.658,44.114 551.658,50 C551.658,55.887 546.887,60.657 541,60.657 M541,33.886 C532.1,33.886 524.886,41.1 524.886,50 C524.886,58.899 532.1,66.113 541,66.113 C549.9,66.113 557.115,58.899 557.115,50 C557.115,41.1 549.9,33.886 541,33.886 M565.378,62.101 C565.244,65.022 564.756,66.606 564.346,67.663 C563.803,69.06 563.154,70.057 562.106,71.106 C561.058,72.155 560.06,72.803 558.662,73.347 C557.607,73.757 556.021,74.244 553.102,74.378 C549.944,74.521 548.997,74.552 541,74.552 C533.003,74.552 532.056,74.521 528.898,74.378 C525.979,74.244 524.393,73.757 523.338,73.347 C521.94,72.803 520.942,72.155 519.894,71.106 C518.846,70.057 518.197,69.06 517.654,67.663 C517.244,66.606 516.755,65.022 516.623,62.101 C516.479,58.943 516.448,57.996 516.448,50 C516.448,42.003 516.479,41.056 516.623,37.899 C516.755,34.978 517.244,33.391 517.654,32.338 C518.197,30.938 518.846,29.942 519.894,28.894 C520.942,27.846 521.94,27.196 523.338,26.654 C524.393,26.244 525.979,25.756 528.898,25.623 C532.057,25.479 533.004,25.448 541,25.448 C548.997,25.448 549.943,25.479 553.102,25.623 C556.021,25.756 557.607,26.244 558.662,26.654 C560.06,27.196 561.058,27.846 562.106,28.894 C563.154,29.942 563.803,30.938 564.346,32.338 C564.756,33.391 565.244,34.978 565.378,37.899 C565.522,41.056 565.552,42.003 565.552,50 C565.552,57.996 565.522,58.943 565.378,62.101 M570.82,37.631 C570.674,34.438 570.167,32.258 569.425,30.349 C568.659,28.377 567.633,26.702 565.965,25.035 C564.297,23.368 562.623,22.342 560.652,21.575 C558.743,20.834 556.562,20.326 553.369,20.18 C550.169,20.033 549.148,20 541,20 C532.853,20 531.831,20.033 528.631,20.18 C525.438,20.326 523.257,20.834 521.349,21.575 C519.376,22.342 517.703,23.368 516.035,25.035 C514.368,26.702 513.342,28.377 512.574,30.349 C511.834,32.258 511.326,34.438 511.181,37.631 C511.035,40.831 511,41.851 511,50 C511,58.147 511.035,59.17 511.181,62.369 C511.326,65.562 511.834,67.743 512.574,69.651 C513.342,71.625 514.368,73.296 516.035,74.965 C517.703,76.634 519.376,77.658 521.349,78.425 C523.257,79.167 525.438,79.673 528.631,79.82 C531.831,79.965 532.853,80.001 541,80.001 C549.148,80.001 550.169,79.965 553.369,79.82 C556.562,79.673 558.743,79.167 560.652,78.425 C562.623,77.658 564.297,76.634 565.965,74.965 C567.633,73.296 568.659,71.625 569.425,69.651 C570.167,67.743 570.674,65.562 570.82,62.369 C570.966,59.17 571,58.147 571,50 C571,41.851 570.966,40.831 570.82,37.631\"><\/path><\/g><\/g><\/g><\/svg><\/div><div style=\"padding-top: 8px;\"> <div style=\" color:#3897f0; font-family:Arial,sans-serif; font-size:14px; font-style:normal; font-weight:550; line-height:18px;\">Ver esta publicaci\u00f3n en Instagram<\/div><\/div><div style=\"padding: 12.5% 0;\"><\/div> <div style=\"display: flex; flex-direction: row; margin-bottom: 14px; align-items: center;\"><div> <div style=\"background-color: #F4F4F4; border-radius: 50%; height: 12.5px; width: 12.5px; transform: translateX(0px) translateY(7px);\"><\/div> <div style=\"background-color: #F4F4F4; height: 12.5px; transform: rotate(-45deg) translateX(3px) translateY(1px); width: 12.5px; flex-grow: 0; margin-right: 14px; margin-left: 2px;\"><\/div> <div style=\"background-color: #F4F4F4; border-radius: 50%; height: 12.5px; width: 12.5px; transform: translateX(9px) translateY(-18px);\"><\/div><\/div><div style=\"margin-left: 8px;\"> <div style=\" background-color: #F4F4F4; border-radius: 50%; flex-grow: 0; height: 20px; width: 20px;\"><\/div> <div style=\" width: 0; height: 0; border-top: 2px solid transparent; border-left: 6px solid #f4f4f4; border-bottom: 2px solid transparent; transform: translateX(16px) translateY(-4px) rotate(30deg)\"><\/div><\/div><div style=\"margin-left: auto;\"> <div style=\" width: 0px; border-top: 8px solid #F4F4F4; border-right: 8px solid transparent; transform: translateY(16px);\"><\/div> <div style=\" background-color: #F4F4F4; flex-grow: 0; height: 12px; width: 16px; transform: translateY(-4px);\"><\/div> <div style=\" width: 0; height: 0; border-top: 8px solid #F4F4F4; border-left: 8px solid transparent; transform: translateY(-4px) translateX(8px);\"><\/div><\/div><\/div> <div style=\"display: flex; flex-direction: column; flex-grow: 1; justify-content: center; margin-bottom: 24px;\"> <div style=\" background-color: #F4F4F4; border-radius: 4px; flex-grow: 0; height: 14px; margin-bottom: 6px; width: 224px;\"><\/div> <div style=\" background-color: #F4F4F4; border-radius: 4px; flex-grow: 0; height: 14px; width: 144px;\"><\/div><\/div><\/a><p style=\" color:#c9c8cd; font-family:Arial,sans-serif; font-size:14px; line-height:17px; margin-bottom:0; margin-top:8px; overflow:hidden; padding:8px 0 7px; text-align:center; text-overflow:ellipsis; white-space:nowrap;\"><a href=\"https:\/\/www.instagram.com\/reel\/DAxU_nmN9j5\/?utm_source=ig_embed&amp;utm_campaign=loading\" style=\" color:#c9c8cd; font-family:Arial,sans-serif; font-size:14px; font-style:normal; font-weight:normal; line-height:17px; text-decoration:none;\" target=\"_blank\" rel=\"noopener\">Una publicaci\u00f3n compartida de Esquerra Deportes (@esquerradeportes)<\/a><\/p><\/div><\/blockquote>\n<script async src=\"\/\/www.instagram.com\/embed.js\"><\/script>\n\n\n\n<blockquote class=\"wp-block-quote is-layout-flow wp-block-quote-is-layout-flow\">\n<p>\u201cEn nuestra ciudad y nuestro pa\u00eds la expectativa por la participaci\u00f3n de las ni\u00f1as es muy importante. Los ojos de nuestro pa\u00eds est\u00e1n enfocados en la participaci\u00f3n de nuestras peque\u00f1as\u201d, dice F\u00e1tima.&nbsp;<\/p>\n<\/blockquote>\n\n\n\n<figure class=\"wp-block-image size-large\"><img loading=\"lazy\" decoding=\"async\" width=\"1024\" height=\"682\" src=\"https:\/\/esquerra.com.ar\/basquet\/wp-content\/uploads\/2024\/10\/El-Dorado-2-1024x682.jpg\" alt=\"\" class=\"wp-image-2283\" srcset=\"https:\/\/esquerra.com.ar\/basquet\/wp-content\/uploads\/2024\/10\/El-Dorado-2-1024x682.jpg 1024w, https:\/\/esquerra.com.ar\/basquet\/wp-content\/uploads\/2024\/10\/El-Dorado-2-300x200.jpg 300w, https:\/\/esquerra.com.ar\/basquet\/wp-content\/uploads\/2024\/10\/El-Dorado-2-768x512.jpg 768w, https:\/\/esquerra.com.ar\/basquet\/wp-content\/uploads\/2024\/10\/El-Dorado-2-1536x1023.jpg 1536w, https:\/\/esquerra.com.ar\/basquet\/wp-content\/uploads\/2024\/10\/El-Dorado-2-128x85.jpg 128w, https:\/\/esquerra.com.ar\/basquet\/wp-content\/uploads\/2024\/10\/El-Dorado-2-32x21.jpg 32w, https:\/\/esquerra.com.ar\/basquet\/wp-content\/uploads\/2024\/10\/El-Dorado-2-930x620.jpg 930w, https:\/\/esquerra.com.ar\/basquet\/wp-content\/uploads\/2024\/10\/El-Dorado-2.jpg 1600w\" sizes=\"(max-width: 1024px) 100vw, 1024px\" \/><\/figure>\n\n\n\n<blockquote class=\"wp-block-quote is-layout-flow wp-block-quote-is-layout-flow\">\n<p>\u201cEstamos seguras que hemos abierto un camino para que se unan muchos m\u00e1s a esta experiencia, y sobre todo hemos demostrado que el b\u00e1squetbol une fronteras, nacionalidades, credos, pol\u00edticas y dem\u00e1s en una espacio como \u00e9ste. El deporte nos une en un solo coraz\u00f3n y en un solo sentir\u201d, agrega con emoci\u00f3n.<\/p>\n<\/blockquote>\n\n\n\n<p>El club El Dorado lleg\u00f3 al Mundialito y no solo compiti\u00f3, sino que gan\u00f3 la zona B de la categor\u00eda U16 femenina. En ese recorrido hacia la final vencieron a Hind\u00fa de C\u00f3rdoba (70-28), Deportivo Famach de Chile (105-31) y Asociaci\u00f3n Cordobesa de B\u00e1squetbol (72-60).&nbsp;<\/p>\n\n\n\n<figure class=\"wp-block-image size-large\"><img loading=\"lazy\" decoding=\"async\" width=\"1024\" height=\"684\" src=\"https:\/\/esquerra.com.ar\/basquet\/wp-content\/uploads\/2024\/10\/El-Dorado-11-1024x684.jpeg\" alt=\"\" class=\"wp-image-2284\" srcset=\"https:\/\/esquerra.com.ar\/basquet\/wp-content\/uploads\/2024\/10\/El-Dorado-11-1024x684.jpeg 1024w, https:\/\/esquerra.com.ar\/basquet\/wp-content\/uploads\/2024\/10\/El-Dorado-11-300x201.jpeg 300w, https:\/\/esquerra.com.ar\/basquet\/wp-content\/uploads\/2024\/10\/El-Dorado-11-768x513.jpeg 768w, https:\/\/esquerra.com.ar\/basquet\/wp-content\/uploads\/2024\/10\/El-Dorado-11-1536x1027.jpeg 1536w, https:\/\/esquerra.com.ar\/basquet\/wp-content\/uploads\/2024\/10\/El-Dorado-11-2048x1369.jpeg 2048w, https:\/\/esquerra.com.ar\/basquet\/wp-content\/uploads\/2024\/10\/El-Dorado-11-128x86.jpeg 128w, https:\/\/esquerra.com.ar\/basquet\/wp-content\/uploads\/2024\/10\/El-Dorado-11-32x21.jpeg 32w, https:\/\/esquerra.com.ar\/basquet\/wp-content\/uploads\/2024\/10\/El-Dorado-11-930x620.jpeg 930w\" sizes=\"(max-width: 1024px) 100vw, 1024px\" \/><\/figure>\n\n\n\n<p>Los 247 puntos a favor fueron la segunda cifra m\u00e1s alta de la fase regular de todo el Mundialito: solo quedaron detr\u00e1s del equipo \u201cA\u201d la Asociaci\u00f3n Cordobesa de B\u00e1squetbol (ACBB) de la categor\u00eda U14 masculina, que anot\u00f3 259 tantos.<\/p>\n\n\n\n<p>La alegr\u00eda de ese logro no solo fue celebrada en la cancha, sino tambi\u00e9n en cada uno de los 3.200 kil\u00f3metros que hicieron durante cinco d\u00edas de viaje y que, sin duda, quedar\u00e1n como una de las mayores haza\u00f1as del club.<\/p>\n\n\n\n<figure class=\"wp-block-image size-large\"><img loading=\"lazy\" decoding=\"async\" width=\"1024\" height=\"682\" src=\"https:\/\/esquerra.com.ar\/basquet\/wp-content\/uploads\/2024\/10\/El-Dorado-1-1024x682.jpg\" alt=\"\" class=\"wp-image-2285\" srcset=\"https:\/\/esquerra.com.ar\/basquet\/wp-content\/uploads\/2024\/10\/El-Dorado-1-1024x682.jpg 1024w, https:\/\/esquerra.com.ar\/basquet\/wp-content\/uploads\/2024\/10\/El-Dorado-1-300x200.jpg 300w, https:\/\/esquerra.com.ar\/basquet\/wp-content\/uploads\/2024\/10\/El-Dorado-1-768x512.jpg 768w, https:\/\/esquerra.com.ar\/basquet\/wp-content\/uploads\/2024\/10\/El-Dorado-1-1536x1023.jpg 1536w, https:\/\/esquerra.com.ar\/basquet\/wp-content\/uploads\/2024\/10\/El-Dorado-1-128x85.jpg 128w, https:\/\/esquerra.com.ar\/basquet\/wp-content\/uploads\/2024\/10\/El-Dorado-1-32x21.jpg 32w, https:\/\/esquerra.com.ar\/basquet\/wp-content\/uploads\/2024\/10\/El-Dorado-1-930x620.jpg 930w, https:\/\/esquerra.com.ar\/basquet\/wp-content\/uploads\/2024\/10\/El-Dorado-1.jpg 1600w\" sizes=\"(max-width: 1024px) 100vw, 1024px\" \/><\/figure>\n\n\n\n<blockquote class=\"wp-block-quote is-layout-flow wp-block-quote-is-layout-flow\">\n<p><em>Los res\u00famenes period\u00edsticos de cada jornada son realizados por Constanza Lucero, Luc\u00eda Mill\u00e1n, Santiago Baz\u00e1n y Cristian Belbruno, bajo supervisi\u00f3n de Gabriel Rosenbaun<\/em><\/p>\n<\/blockquote>\n\n\n\n<p><\/p>\n","protected":false},"excerpt":{"rendered":"<p>El Dorado, un humilde club municipal de la ciudad de Trinidad, en el departamento de Beni, Bolivia, se embarc\u00f3 en una verdadera traves\u00eda para llegar a C\u00f3rdoba, Argentina, y participar en el prestigioso Mundialito de b\u00e1squetbol de mini y categor\u00edas formativas. Lo que parec\u00eda ser solo un sue\u00f1o lejano para sus jugadoras, se convirti\u00f3 en&hellip;&nbsp;<a href=\"https:\/\/esquerra.com.ar\/basquet\/el-dorado-de-bolivia-una-travesia-de-cinco-dias-para-hacer-historia-en-el-mundialito-de-cordoba\/\" rel=\"bookmark\">Leer m\u00e1s &raquo;<span class=\"screen-reader-text\">El Dorado de Bolivia: una traves\u00eda de cinco d\u00edas para hacer historia en el Mundialito de C\u00f3rdoba<\/span><\/a><\/p>\n","protected":false},"author":5,"featured_media":2287,"comment_status":"closed","ping_status":"closed","sticky":false,"template":"","format":"standard","meta":{"_coblocks_attr":"","_coblocks_dimensions":"","_coblocks_responsive_height":"","_coblocks_accordion_ie_support":"","neve_meta_sidebar":"","neve_meta_container":"","neve_meta_enable_content_width":"","neve_meta_content_width":0,"neve_meta_title_alignment":"","neve_meta_author_avatar":"","neve_post_elements_order":"","neve_meta_disable_header":"","neve_meta_disable_footer":"","neve_meta_disable_title":"","footnotes":""},"categories":[229],"tags":[],"class_list":["post-2277","post","type-post","status-publish","format-standard","has-post-thumbnail","hentry","category-basquet2024"],"_links":{"self":[{"href":"https:\/\/esquerra.com.ar\/basquet\/wp-json\/wp\/v2\/posts\/2277","targetHints":{"allow":["GET"]}}],"collection":[{"href":"https:\/\/esquerra.com.ar\/basquet\/wp-json\/wp\/v2\/posts"}],"about":[{"href":"https:\/\/esquerra.com.ar\/basquet\/wp-json\/wp\/v2\/types\/post"}],"author":[{"embeddable":true,"href":"https:\/\/esquerra.com.ar\/basquet\/wp-json\/wp\/v2\/users\/5"}],"replies":[{"embeddable":true,"href":"https:\/\/esquerra.com.ar\/basquet\/wp-json\/wp\/v2\/comments?post=2277"}],"version-history":[{"count":4,"href":"https:\/\/esquerra.com.ar\/basquet\/wp-json\/wp\/v2\/posts\/2277\/revisions"}],"predecessor-version":[{"id":2292,"href":"https:\/\/esquerra.com.ar\/basquet\/wp-json\/wp\/v2\/posts\/2277\/revisions\/2292"}],"wp:featuredmedia":[{"embeddable":true,"href":"https:\/\/esquerra.com.ar\/basquet\/wp-json\/wp\/v2\/media\/2287"}],"wp:attachment":[{"href":"https:\/\/esquerra.com.ar\/basquet\/wp-json\/wp\/v2\/media?parent=2277"}],"wp:term":[{"taxonomy":"category","embeddable":true,"href":"https:\/\/esquerra.com.ar\/basquet\/wp-json\/wp\/v2\/categories?post=2277"},{"taxonomy":"post_tag","embeddable":true,"href":"https:\/\/esquerra.com.ar\/basquet\/wp-json\/wp\/v2\/tags?post=2277"}],"curies":[{"name":"wp","href":"https:\/\/api.w.org\/{rel}","templated":true}]}}