{"id":2241,"date":"2024-10-05T18:19:05","date_gmt":"2024-10-05T21:19:05","guid":{"rendered":"https:\/\/esquerra.com.ar\/basquet\/?p=2241"},"modified":"2024-10-06T09:08:16","modified_gmt":"2024-10-06T12:08:16","slug":"emanuel-nanco-y-yoppen-de-tierra-del-fuego-del-fin-del-mundo-al-corazon-del-basquetbol-sudamericano","status":"publish","type":"post","link":"https:\/\/esquerra.com.ar\/basquet\/emanuel-nanco-y-yoppen-de-tierra-del-fuego-del-fin-del-mundo-al-corazon-del-basquetbol-sudamericano\/","title":{"rendered":"Emanuel Nanco y Yoppen de Tierra del Fuego: del fin del mundo al coraz\u00f3n del b\u00e1squetbol sudamericano"},"content":{"rendered":"\n<p>Desde R\u00edo Grande, en el extremo sur de Argentina, Emanuel Nanco no quiso quedarse con el molde del t\u00edpico entrenador. Nada de caminos ya transitados. A su modo, con sus herramientas y su forma de encarar el mundo, supo construir un camino. Ese sendero lo llev\u00f3 mucho m\u00e1s all\u00e1 de las fr\u00edas tierras fueguinas.&nbsp;<\/p>\n\n\n\n<p>Hoy, con su equipo Yoppen y una comunidad masiva en redes sociales, Nanco no solo entrena, sino que tambi\u00e9n inspira a miles a perfeccionar su juego desde cualquier rinc\u00f3n del mundo.&nbsp;<\/p>\n\n\n\n<p>De hecho, \u00a1tiene 330 mil seguidores en Tik Tok!<\/p>\n\n\n\n<figure class=\"wp-block-image size-large\"><img fetchpriority=\"high\" decoding=\"async\" width=\"1024\" height=\"682\" src=\"https:\/\/esquerra.com.ar\/basquet\/wp-content\/uploads\/2024\/10\/Yoppen-principal-1024x682.jpg\" alt=\"\" class=\"wp-image-2243\" srcset=\"https:\/\/esquerra.com.ar\/basquet\/wp-content\/uploads\/2024\/10\/Yoppen-principal-1024x682.jpg 1024w, https:\/\/esquerra.com.ar\/basquet\/wp-content\/uploads\/2024\/10\/Yoppen-principal-300x200.jpg 300w, https:\/\/esquerra.com.ar\/basquet\/wp-content\/uploads\/2024\/10\/Yoppen-principal-768x512.jpg 768w, https:\/\/esquerra.com.ar\/basquet\/wp-content\/uploads\/2024\/10\/Yoppen-principal-1536x1023.jpg 1536w, https:\/\/esquerra.com.ar\/basquet\/wp-content\/uploads\/2024\/10\/Yoppen-principal-128x85.jpg 128w, https:\/\/esquerra.com.ar\/basquet\/wp-content\/uploads\/2024\/10\/Yoppen-principal-32x21.jpg 32w, https:\/\/esquerra.com.ar\/basquet\/wp-content\/uploads\/2024\/10\/Yoppen-principal-930x620.jpg 930w, https:\/\/esquerra.com.ar\/basquet\/wp-content\/uploads\/2024\/10\/Yoppen-principal.jpg 1600w\" sizes=\"(max-width: 1024px) 100vw, 1024px\" \/><\/figure>\n\n\n\n<p>Su pasi\u00f3n por el b\u00e1squet no naci\u00f3 de la noche a la ma\u00f1ana, pero lo que comenz\u00f3 como un amor por el deporte lo llev\u00f3 a lugares impensados. Desde lo acad\u00e9mico, Nanco tiene un curr\u00edculum que lo respalda: es entrenador con diplomas de la FIBA, la Escuela Nacional de Entrenadores de B\u00e1squetbol de Argentina (ENEBA) y del programa Junior de la NBA.&nbsp;<\/p>\n\n\n\n<blockquote class=\"instagram-media\" data-instgrm-captioned data-instgrm-permalink=\"https:\/\/www.instagram.com\/reel\/DAucbGJx6W-\/?utm_source=ig_embed&amp;utm_campaign=loading\" data-instgrm-version=\"14\" style=\" background:#FFF; border:0; border-radius:3px; box-shadow:0 0 1px 0 rgba(0,0,0,0.5),0 1px 10px 0 rgba(0,0,0,0.15); margin: 1px; max-width:540px; min-width:326px; padding:0; width:99.375%; width:-webkit-calc(100% - 2px); width:calc(100% - 2px);\"><div style=\"padding:16px;\"> <a href=\"https:\/\/www.instagram.com\/reel\/DAucbGJx6W-\/?utm_source=ig_embed&amp;utm_campaign=loading\" style=\" background:#FFFFFF; line-height:0; padding:0 0; text-align:center; text-decoration:none; width:100%;\" target=\"_blank\" rel=\"noopener\"> <div style=\" display: flex; flex-direction: row; align-items: center;\"> <div style=\"background-color: #F4F4F4; border-radius: 50%; flex-grow: 0; height: 40px; margin-right: 14px; width: 40px;\"><\/div> <div style=\"display: flex; flex-direction: column; flex-grow: 1; justify-content: center;\"> <div style=\" background-color: #F4F4F4; border-radius: 4px; flex-grow: 0; height: 14px; margin-bottom: 6px; width: 100px;\"><\/div> <div style=\" background-color: #F4F4F4; border-radius: 4px; flex-grow: 0; height: 14px; width: 60px;\"><\/div><\/div><\/div><div style=\"padding: 19% 0;\"><\/div> <div style=\"display:block; height:50px; margin:0 auto 12px; width:50px;\"><svg width=\"50px\" height=\"50px\" viewBox=\"0 0 60 60\" version=\"1.1\" xmlns=\"https:\/\/www.w3.org\/2000\/svg\" xmlns:xlink=\"https:\/\/www.w3.org\/1999\/xlink\"><g stroke=\"none\" stroke-width=\"1\" fill=\"none\" fill-rule=\"evenodd\"><g transform=\"translate(-511.000000, -20.000000)\" fill=\"#000000\"><g><path d=\"M556.869,30.41 C554.814,30.41 553.148,32.076 553.148,34.131 C553.148,36.186 554.814,37.852 556.869,37.852 C558.924,37.852 560.59,36.186 560.59,34.131 C560.59,32.076 558.924,30.41 556.869,30.41 M541,60.657 C535.114,60.657 530.342,55.887 530.342,50 C530.342,44.114 535.114,39.342 541,39.342 C546.887,39.342 551.658,44.114 551.658,50 C551.658,55.887 546.887,60.657 541,60.657 M541,33.886 C532.1,33.886 524.886,41.1 524.886,50 C524.886,58.899 532.1,66.113 541,66.113 C549.9,66.113 557.115,58.899 557.115,50 C557.115,41.1 549.9,33.886 541,33.886 M565.378,62.101 C565.244,65.022 564.756,66.606 564.346,67.663 C563.803,69.06 563.154,70.057 562.106,71.106 C561.058,72.155 560.06,72.803 558.662,73.347 C557.607,73.757 556.021,74.244 553.102,74.378 C549.944,74.521 548.997,74.552 541,74.552 C533.003,74.552 532.056,74.521 528.898,74.378 C525.979,74.244 524.393,73.757 523.338,73.347 C521.94,72.803 520.942,72.155 519.894,71.106 C518.846,70.057 518.197,69.06 517.654,67.663 C517.244,66.606 516.755,65.022 516.623,62.101 C516.479,58.943 516.448,57.996 516.448,50 C516.448,42.003 516.479,41.056 516.623,37.899 C516.755,34.978 517.244,33.391 517.654,32.338 C518.197,30.938 518.846,29.942 519.894,28.894 C520.942,27.846 521.94,27.196 523.338,26.654 C524.393,26.244 525.979,25.756 528.898,25.623 C532.057,25.479 533.004,25.448 541,25.448 C548.997,25.448 549.943,25.479 553.102,25.623 C556.021,25.756 557.607,26.244 558.662,26.654 C560.06,27.196 561.058,27.846 562.106,28.894 C563.154,29.942 563.803,30.938 564.346,32.338 C564.756,33.391 565.244,34.978 565.378,37.899 C565.522,41.056 565.552,42.003 565.552,50 C565.552,57.996 565.522,58.943 565.378,62.101 M570.82,37.631 C570.674,34.438 570.167,32.258 569.425,30.349 C568.659,28.377 567.633,26.702 565.965,25.035 C564.297,23.368 562.623,22.342 560.652,21.575 C558.743,20.834 556.562,20.326 553.369,20.18 C550.169,20.033 549.148,20 541,20 C532.853,20 531.831,20.033 528.631,20.18 C525.438,20.326 523.257,20.834 521.349,21.575 C519.376,22.342 517.703,23.368 516.035,25.035 C514.368,26.702 513.342,28.377 512.574,30.349 C511.834,32.258 511.326,34.438 511.181,37.631 C511.035,40.831 511,41.851 511,50 C511,58.147 511.035,59.17 511.181,62.369 C511.326,65.562 511.834,67.743 512.574,69.651 C513.342,71.625 514.368,73.296 516.035,74.965 C517.703,76.634 519.376,77.658 521.349,78.425 C523.257,79.167 525.438,79.673 528.631,79.82 C531.831,79.965 532.853,80.001 541,80.001 C549.148,80.001 550.169,79.965 553.369,79.82 C556.562,79.673 558.743,79.167 560.652,78.425 C562.623,77.658 564.297,76.634 565.965,74.965 C567.633,73.296 568.659,71.625 569.425,69.651 C570.167,67.743 570.674,65.562 570.82,62.369 C570.966,59.17 571,58.147 571,50 C571,41.851 570.966,40.831 570.82,37.631\"><\/path><\/g><\/g><\/g><\/svg><\/div><div style=\"padding-top: 8px;\"> <div style=\" color:#3897f0; font-family:Arial,sans-serif; font-size:14px; font-style:normal; font-weight:550; line-height:18px;\">Ver esta publicaci\u00f3n en Instagram<\/div><\/div><div style=\"padding: 12.5% 0;\"><\/div> <div style=\"display: flex; flex-direction: row; margin-bottom: 14px; align-items: center;\"><div> <div style=\"background-color: #F4F4F4; border-radius: 50%; height: 12.5px; width: 12.5px; transform: translateX(0px) translateY(7px);\"><\/div> <div style=\"background-color: #F4F4F4; height: 12.5px; transform: rotate(-45deg) translateX(3px) translateY(1px); width: 12.5px; flex-grow: 0; margin-right: 14px; margin-left: 2px;\"><\/div> <div style=\"background-color: #F4F4F4; border-radius: 50%; height: 12.5px; width: 12.5px; transform: translateX(9px) translateY(-18px);\"><\/div><\/div><div style=\"margin-left: 8px;\"> <div style=\" background-color: #F4F4F4; border-radius: 50%; flex-grow: 0; height: 20px; width: 20px;\"><\/div> <div style=\" width: 0; height: 0; border-top: 2px solid transparent; border-left: 6px solid #f4f4f4; border-bottom: 2px solid transparent; transform: translateX(16px) translateY(-4px) rotate(30deg)\"><\/div><\/div><div style=\"margin-left: auto;\"> <div style=\" width: 0px; border-top: 8px solid #F4F4F4; border-right: 8px solid transparent; transform: translateY(16px);\"><\/div> <div style=\" background-color: #F4F4F4; flex-grow: 0; height: 12px; width: 16px; transform: translateY(-4px);\"><\/div> <div style=\" width: 0; height: 0; border-top: 8px solid #F4F4F4; border-left: 8px solid transparent; transform: translateY(-4px) translateX(8px);\"><\/div><\/div><\/div> <div style=\"display: flex; flex-direction: column; flex-grow: 1; justify-content: center; margin-bottom: 24px;\"> <div style=\" background-color: #F4F4F4; border-radius: 4px; flex-grow: 0; height: 14px; margin-bottom: 6px; width: 224px;\"><\/div> <div style=\" background-color: #F4F4F4; border-radius: 4px; flex-grow: 0; height: 14px; width: 144px;\"><\/div><\/div><\/a><p style=\" color:#c9c8cd; font-family:Arial,sans-serif; font-size:14px; line-height:17px; margin-bottom:0; margin-top:8px; overflow:hidden; padding:8px 0 7px; text-align:center; text-overflow:ellipsis; white-space:nowrap;\"><a href=\"https:\/\/www.instagram.com\/reel\/DAucbGJx6W-\/?utm_source=ig_embed&amp;utm_campaign=loading\" style=\" color:#c9c8cd; font-family:Arial,sans-serif; font-size:14px; font-style:normal; font-weight:normal; line-height:17px; text-decoration:none;\" target=\"_blank\" rel=\"noopener\">Una publicaci\u00f3n compartida de Esquerra Deportes (@esquerradeportes)<\/a><\/p><\/div><\/blockquote>\n<script async src=\"\/\/www.instagram.com\/embed.js\"><\/script>\n\n\n\n<p>Su enfoque, de todos modos, expande la llegada y derriba las cl\u00e1sicas fronteras de aquellos t\u00edtulos. Est\u00e1 claro: ense\u00f1ar con un detalle obsesivo sobre t\u00e9cnica individual y habilidades lo llevaron al siguiente nivel. Ese sello distintivo que lo distingue como entrenador no es solo su conocimiento, sino c\u00f3mo logr\u00f3 compartirlo con el mundo.<\/p>\n\n\n\n<figure class=\"wp-block-image size-large\"><img decoding=\"async\" width=\"1024\" height=\"682\" src=\"https:\/\/esquerra.com.ar\/basquet\/wp-content\/uploads\/2024\/10\/Yoppen-5-1024x682.jpg\" alt=\"\" class=\"wp-image-2244\" srcset=\"https:\/\/esquerra.com.ar\/basquet\/wp-content\/uploads\/2024\/10\/Yoppen-5-1024x682.jpg 1024w, https:\/\/esquerra.com.ar\/basquet\/wp-content\/uploads\/2024\/10\/Yoppen-5-300x200.jpg 300w, https:\/\/esquerra.com.ar\/basquet\/wp-content\/uploads\/2024\/10\/Yoppen-5-768x512.jpg 768w, https:\/\/esquerra.com.ar\/basquet\/wp-content\/uploads\/2024\/10\/Yoppen-5-128x85.jpg 128w, https:\/\/esquerra.com.ar\/basquet\/wp-content\/uploads\/2024\/10\/Yoppen-5-32x21.jpg 32w, https:\/\/esquerra.com.ar\/basquet\/wp-content\/uploads\/2024\/10\/Yoppen-5-930x620.jpg 930w, https:\/\/esquerra.com.ar\/basquet\/wp-content\/uploads\/2024\/10\/Yoppen-5.jpg 1280w\" sizes=\"(max-width: 1024px) 100vw, 1024px\" \/><\/figure>\n\n\n\n<p>En 2016, mientras muchos ve\u00edan en las redes sociales solo un pasatiempo, Nanco vio all\u00ed una oportunidad. Comenz\u00f3 a subir videos que mezclaban pedagog\u00eda, pasi\u00f3n y pura t\u00e9cnica.&nbsp;<\/p>\n\n\n\n<p>Lo que al principio era un simple experimento se transform\u00f3 en una aut\u00e9ntica revoluci\u00f3n. En la actualidad, su contenido llega a miles de personas: desde jugadores que reci\u00e9n empiezan hasta entrenadores que buscan nuevas estrategias.&nbsp;<\/p>\n\n\n\n<figure class=\"wp-block-image size-large\"><img decoding=\"async\" width=\"1024\" height=\"682\" src=\"https:\/\/esquerra.com.ar\/basquet\/wp-content\/uploads\/2024\/10\/Yoppen-4-1024x682.jpg\" alt=\"\" class=\"wp-image-2245\" srcset=\"https:\/\/esquerra.com.ar\/basquet\/wp-content\/uploads\/2024\/10\/Yoppen-4-1024x682.jpg 1024w, https:\/\/esquerra.com.ar\/basquet\/wp-content\/uploads\/2024\/10\/Yoppen-4-300x200.jpg 300w, https:\/\/esquerra.com.ar\/basquet\/wp-content\/uploads\/2024\/10\/Yoppen-4-768x512.jpg 768w, https:\/\/esquerra.com.ar\/basquet\/wp-content\/uploads\/2024\/10\/Yoppen-4-128x85.jpg 128w, https:\/\/esquerra.com.ar\/basquet\/wp-content\/uploads\/2024\/10\/Yoppen-4-32x21.jpg 32w, https:\/\/esquerra.com.ar\/basquet\/wp-content\/uploads\/2024\/10\/Yoppen-4-930x620.jpg 930w, https:\/\/esquerra.com.ar\/basquet\/wp-content\/uploads\/2024\/10\/Yoppen-4.jpg 1280w\" sizes=\"(max-width: 1024px) 100vw, 1024px\" \/><\/figure>\n\n\n\n<p>\u201cEs incre\u00edble cuando llego a una cancha y los rivales me reconocen y me piden fotos\u201d. Para \u00e9l, las redes sociales no solo son una ventana, sino una herramienta que le permite cruzar fronteras sin salir de la cancha. En la primera jornada, en Uni\u00f3n El\u00e9ctrica, se arremolinaron ni\u00f1as y ni\u00f1os pidi\u00e9ndole aut\u00f3grafos o alguna selfie, pero tambi\u00e9n se lo observ\u00f3 charlando animadamente con entrenadores de largu\u00edsima trayectoria, como Daniel \u201cPirincho\u201d Beltramo.<\/p>\n\n\n\n<blockquote class=\"tiktok-embed\" cite=\"https:\/\/www.tiktok.com\/@coachnanco\/video\/7409466098753490182\" data-video-id=\"7409466098753490182\" style=\"max-width: 605px;min-width: 325px;\" > <section> <a target=\"_blank\" title=\"@coachnanco\" href=\"https:\/\/www.tiktok.com\/@coachnanco?refer=embed\" rel=\"noopener\">@coachnanco<\/a> \u00a13 Tips, para mejorar el lanzamiento!\ud83e\udee2 Correcciones en la mano gu\u00eda o mano de apoyo \ud83c\udfaf Melipilla \ud83c\udde8\ud83c\uddf1 14-15 y 16 de Septiembre, no te pierdas el @nyfcamp nos vemos pronto \ud83e\udee1 INSPIRACI\u00d3NES POR DM \ud83d\udcf2 Se vienen cositas @Cabrera\u2019s Basketball  <a title=\"basket\" target=\"_blank\" href=\"https:\/\/www.tiktok.com\/tag\/basket?refer=embed\" rel=\"noopener\">#basket<\/a> <a title=\"nba\" target=\"_blank\" href=\"https:\/\/www.tiktok.com\/tag\/nba?refer=embed\" rel=\"noopener\">#nba<\/a> <a title=\"baloncesto\" target=\"_blank\" href=\"https:\/\/www.tiktok.com\/tag\/baloncesto?refer=embed\" rel=\"noopener\">#baloncesto<\/a> <a title=\"basketball\" target=\"_blank\" href=\"https:\/\/www.tiktok.com\/tag\/basketball?refer=embed\" rel=\"noopener\">#basketball<\/a> <a title=\"sports\" target=\"_blank\" href=\"https:\/\/www.tiktok.com\/tag\/sports?refer=embed\" rel=\"noopener\">#sports<\/a> <a title=\"coach\" target=\"_blank\" href=\"https:\/\/www.tiktok.com\/tag\/coach?refer=embed\" rel=\"noopener\">#coach<\/a> <a title=\"basquetbol\" target=\"_blank\" href=\"https:\/\/www.tiktok.com\/tag\/basquetbol?refer=embed\" rel=\"noopener\">#basquetbol<\/a> <a target=\"_blank\" title=\"\u266c sonido original - Coach Nanco\" href=\"https:\/\/www.tiktok.com\/music\/sonido-original-7409466120845675270?refer=embed\" rel=\"noopener\">\u266c sonido original &#8211; Coach Nanco<\/a> <\/section> <\/blockquote> <script async src=\"https:\/\/www.tiktok.com\/embed.js\"><\/script>\n\n\n\n<p>M\u00e1s all\u00e1 de su experiencia internacional y sus certificaciones de renombre, lo que lo define es su capacidad de conectar. Conectar, sobre todas las cosas. No importa si est\u00e1s viendo uno de sus videos desde un celular o si lo ten\u00e9s enfrente, gritando indicaciones en la cancha, Emanuel Nanco tiene esa habilidad especial para hacerte sentir que pod\u00e9s dar m\u00e1s, que pod\u00e9s ser mejor.<\/p>\n\n\n\n<p>Desde el fin del mundo, en el territorio m\u00e1s austral del planeta, cre\u00f3 una comunidad global que lo sigue en cada paso, en cada viaje y en cada entrenamiento.&nbsp;<\/p>\n\n\n\n<p>Nanco es mucho m\u00e1s que un entrenador: es un innovador que encontr\u00f3 en el b\u00e1squet su forma de ense\u00f1ar, inspirar y dejar una huella en cada jugador que cruza su camino.<\/p>\n\n\n\n<blockquote class=\"tiktok-embed\" cite=\"https:\/\/www.tiktok.com\/@coachnanco\/video\/7412011837367094533\" data-video-id=\"7412011837367094533\" style=\"max-width: 605px;min-width: 325px;\" > <section> <a target=\"_blank\" title=\"@coachnanco\" href=\"https:\/\/www.tiktok.com\/@coachnanco?refer=embed\" rel=\"noopener\">@coachnanco<\/a> Prime Curry o prime Kobe? \ud83d\udc68\ud83c\udffd\u200d\ud83c\udf73\ud83d\udc0d <a title=\"basket\" target=\"_blank\" href=\"https:\/\/www.tiktok.com\/tag\/basket?refer=embed\" rel=\"noopener\">#basket<\/a> <a title=\"nba\" target=\"_blank\" href=\"https:\/\/www.tiktok.com\/tag\/nba?refer=embed\" rel=\"noopener\">#nba<\/a> <a title=\"baloncesto\" target=\"_blank\" href=\"https:\/\/www.tiktok.com\/tag\/baloncesto?refer=embed\" rel=\"noopener\">#baloncesto<\/a> <a title=\"sports\" target=\"_blank\" href=\"https:\/\/www.tiktok.com\/tag\/sports?refer=embed\" rel=\"noopener\">#sports<\/a> <a title=\"basketball\" target=\"_blank\" href=\"https:\/\/www.tiktok.com\/tag\/basketball?refer=embed\" rel=\"noopener\">#basketball<\/a> <a title=\"basquetbol\" target=\"_blank\" href=\"https:\/\/www.tiktok.com\/tag\/basquetbol?refer=embed\" rel=\"noopener\">#basquetbol<\/a> <a title=\"coach\" target=\"_blank\" href=\"https:\/\/www.tiktok.com\/tag\/coach?refer=embed\" rel=\"noopener\">#coach<\/a> <a target=\"_blank\" title=\"\u266c sonido original - Coach Nanco\" href=\"https:\/\/www.tiktok.com\/music\/sonido-original-7412011890867456773?refer=embed\" rel=\"noopener\">\u266c sonido original &#8211; Coach Nanco<\/a> <\/section> <\/blockquote> <script async src=\"https:\/\/www.tiktok.com\/embed.js\"><\/script>\n\n\n\n<p><\/p>\n\n\n\n<p><strong>EL SUE\u00d1O DE YOPPEN: EL CAMINO DESDE TIERRA DEL FUEGO HASTA C\u00d3RDOBA<\/strong><\/p>\n\n\n\n<p>Emanuel Nanco tambi\u00e9n es el alma detr\u00e1s del equipo Yoppen, un grupo de chicos fueguinos que, con esfuerzo y pasi\u00f3n, lograron estar presentes en los torneos m\u00e1s importantes de la regi\u00f3n.&nbsp;<\/p>\n\n\n\n<p>Este fin de semana de octubre, despu\u00e9s de mucho trabajo y sacrificio, Yoppen pisa fuerte en C\u00f3rdoba, representando a su provincia en un Mundialito de mini y formativas que promete ser inolvidable.<\/p>\n\n\n\n<figure class=\"wp-block-image size-large\"><img loading=\"lazy\" decoding=\"async\" width=\"1024\" height=\"682\" src=\"https:\/\/esquerra.com.ar\/basquet\/wp-content\/uploads\/2024\/10\/Yoppen-10-1024x682.jpg\" alt=\"\" class=\"wp-image-2246\" srcset=\"https:\/\/esquerra.com.ar\/basquet\/wp-content\/uploads\/2024\/10\/Yoppen-10-1024x682.jpg 1024w, https:\/\/esquerra.com.ar\/basquet\/wp-content\/uploads\/2024\/10\/Yoppen-10-300x200.jpg 300w, https:\/\/esquerra.com.ar\/basquet\/wp-content\/uploads\/2024\/10\/Yoppen-10-768x512.jpg 768w, https:\/\/esquerra.com.ar\/basquet\/wp-content\/uploads\/2024\/10\/Yoppen-10-1536x1023.jpg 1536w, https:\/\/esquerra.com.ar\/basquet\/wp-content\/uploads\/2024\/10\/Yoppen-10-128x85.jpg 128w, https:\/\/esquerra.com.ar\/basquet\/wp-content\/uploads\/2024\/10\/Yoppen-10-32x21.jpg 32w, https:\/\/esquerra.com.ar\/basquet\/wp-content\/uploads\/2024\/10\/Yoppen-10-930x620.jpg 930w, https:\/\/esquerra.com.ar\/basquet\/wp-content\/uploads\/2024\/10\/Yoppen-10.jpg 1600w\" sizes=\"(max-width: 1024px) 100vw, 1024px\" \/><\/figure>\n\n\n\n<p>El camino hasta ac\u00e1 no fue f\u00e1cil. Acompa\u00f1ando a Nanco est\u00e1 la fuerza de las familias, como lo expres\u00f3 Amanda Mansilla, madre de uno de los chicos del equipo, en una entrevista con Minuto Fueguino: \u201cEl costo del viaje es significativo, y gracias al esfuerzo de las familias y el apoyo de la comunidad, pudimos hacerlo posible\u201d.&nbsp;<\/p>\n\n\n\n<p>La dedicaci\u00f3n de los padres y la colaboraci\u00f3n de la comunidad fueron clave para superar los obst\u00e1culos econ\u00f3micos. \u201cHemos realizado actividades para recaudar fondos, como ventas de pollos y otras iniciativas, para cubrir los gastos de inscripci\u00f3n y traslado\u201d, agreg\u00f3 Amanda.<\/p>\n\n\n\n<p>En este tipo de viajes, la fuerza colectiva viene de la pasi\u00f3n por el deporte y de la unidad que moviliza a una comunidad entera. La colaboraci\u00f3n del municipio fue tambi\u00e9n fundamental, ya que aport\u00f3 su granito de arena para que el equipo pudiera viajar y competir a nivel nacional.<\/p>\n\n\n\n<figure class=\"wp-block-image size-large\"><img loading=\"lazy\" decoding=\"async\" width=\"1024\" height=\"682\" src=\"https:\/\/esquerra.com.ar\/basquet\/wp-content\/uploads\/2024\/10\/Yoppen-3-1024x682.jpg\" alt=\"\" class=\"wp-image-2248\" srcset=\"https:\/\/esquerra.com.ar\/basquet\/wp-content\/uploads\/2024\/10\/Yoppen-3-1024x682.jpg 1024w, https:\/\/esquerra.com.ar\/basquet\/wp-content\/uploads\/2024\/10\/Yoppen-3-300x200.jpg 300w, https:\/\/esquerra.com.ar\/basquet\/wp-content\/uploads\/2024\/10\/Yoppen-3-768x512.jpg 768w, https:\/\/esquerra.com.ar\/basquet\/wp-content\/uploads\/2024\/10\/Yoppen-3-128x85.jpg 128w, https:\/\/esquerra.com.ar\/basquet\/wp-content\/uploads\/2024\/10\/Yoppen-3-32x21.jpg 32w, https:\/\/esquerra.com.ar\/basquet\/wp-content\/uploads\/2024\/10\/Yoppen-3-930x620.jpg 930w, https:\/\/esquerra.com.ar\/basquet\/wp-content\/uploads\/2024\/10\/Yoppen-3.jpg 1280w\" sizes=\"(max-width: 1024px) 100vw, 1024px\" \/><\/figure>\n\n\n\n<p>Yoppen, bajo la conducci\u00f3n de Nanco, es un equipo y, a la vez, un s\u00edmbolo de perseverancia del deporte fueguino. Estos chicos, que vienen desde uno de los puntos m\u00e1s australes del planeta, est\u00e1n demostrando que, con dedicaci\u00f3n, esfuerzo y el apoyo de sus seres queridos, los sue\u00f1os se pueden hacer realidad.&nbsp;<\/p>\n\n\n\n<p>Nanco lo sabe mejor que nadie, y su compromiso de formar grandes jugadores se conjuga con el hecho de darles sustento a personas con valores. Eso es lo que define su manera de entrenar y vivir el b\u00e1squet.<\/p>\n\n\n\n<p>Ahora, mientras transpiran sobre el parqu\u00e9 de distintas canchas de C\u00f3rdoba, los chicos de Yoppen llevan consigo algo m\u00e1s que una pelota: tienen el respaldo de toda una comunidad fueguina, las ense\u00f1anzas de su entrenador, y el deseo de dejarlo todo en cada partido.<\/p>\n\n\n\n<blockquote class=\"tiktok-embed\" cite=\"https:\/\/www.tiktok.com\/@coachnanco\/video\/7278429114959138053\" data-video-id=\"7278429114959138053\" style=\"max-width: 605px;min-width: 325px;\" > <section> <a target=\"_blank\" title=\"@coachnanco\" href=\"https:\/\/www.tiktok.com\/@coachnanco?refer=embed\" rel=\"noopener\">@coachnanco<\/a> Paso ZERO desde CERO! <a title=\"basket\" target=\"_blank\" href=\"https:\/\/www.tiktok.com\/tag\/basket?refer=embed\" rel=\"noopener\">#basket<\/a> <a title=\"nba\" target=\"_blank\" href=\"https:\/\/www.tiktok.com\/tag\/nba?refer=embed\" rel=\"noopener\">#nba<\/a> <a title=\"baloncesto\" target=\"_blank\" href=\"https:\/\/www.tiktok.com\/tag\/baloncesto?refer=embed\" rel=\"noopener\">#baloncesto<\/a> <a title=\"sports\" target=\"_blank\" href=\"https:\/\/www.tiktok.com\/tag\/sports?refer=embed\" rel=\"noopener\">#sports<\/a> <a title=\"coach\" target=\"_blank\" href=\"https:\/\/www.tiktok.com\/tag\/coach?refer=embed\" rel=\"noopener\">#coach<\/a> <a target=\"_blank\" title=\"\u266c sonido original - Coach Nanco\" href=\"https:\/\/www.tiktok.com\/music\/sonido-original-7278429156295396102?refer=embed\" rel=\"noopener\">\u266c sonido original &#8211; Coach Nanco<\/a> <\/section> <\/blockquote> <script async src=\"https:\/\/www.tiktok.com\/embed.js\"><\/script>\n\n\n\n<p><\/p>\n\n\n\n<blockquote class=\"wp-block-quote is-layout-flow wp-block-quote-is-layout-flow\">\n<p><em>Los res\u00famenes period\u00edsticos de cada jornada son realizados por Constanza Lucero, Luc\u00eda Mill\u00e1n, Santiago Baz\u00e1n y Cristian Belbruno, bajo supervisi\u00f3n de Gabriel Rosenbaun<\/em><\/p>\n<\/blockquote>\n\n\n\n<ul class=\"wp-block-list\">\n<li><a href=\"https:\/\/www.youtube.com\/@esquerradeportes\/streams\" target=\"_blank\" rel=\"noopener\"><\/a><\/li>\n<\/ul>\n","protected":false},"excerpt":{"rendered":"<p>Desde R\u00edo Grande, en el extremo sur de Argentina, Emanuel Nanco no quiso quedarse con el molde del t\u00edpico entrenador. Nada de caminos ya transitados. A su modo, con sus herramientas y su forma de encarar el mundo, supo construir un camino. Ese sendero lo llev\u00f3 mucho m\u00e1s all\u00e1 de las fr\u00edas tierras fueguinas.&nbsp; Hoy,&hellip;&nbsp;<a href=\"https:\/\/esquerra.com.ar\/basquet\/emanuel-nanco-y-yoppen-de-tierra-del-fuego-del-fin-del-mundo-al-corazon-del-basquetbol-sudamericano\/\" rel=\"bookmark\">Leer m\u00e1s &raquo;<span class=\"screen-reader-text\">Emanuel Nanco y Yoppen de Tierra del Fuego: del fin del mundo al coraz\u00f3n del b\u00e1squetbol sudamericano<\/span><\/a><\/p>\n","protected":false},"author":5,"featured_media":2242,"comment_status":"closed","ping_status":"closed","sticky":false,"template":"","format":"standard","meta":{"_coblocks_attr":"","_coblocks_dimensions":"","_coblocks_responsive_height":"","_coblocks_accordion_ie_support":"","neve_meta_sidebar":"","neve_meta_container":"","neve_meta_enable_content_width":"","neve_meta_content_width":0,"neve_meta_title_alignment":"","neve_meta_author_avatar":"","neve_post_elements_order":"","neve_meta_disable_header":"","neve_meta_disable_footer":"","neve_meta_disable_title":"","footnotes":""},"categories":[229],"tags":[],"class_list":["post-2241","post","type-post","status-publish","format-standard","has-post-thumbnail","hentry","category-basquet2024"],"_links":{"self":[{"href":"https:\/\/esquerra.com.ar\/basquet\/wp-json\/wp\/v2\/posts\/2241","targetHints":{"allow":["GET"]}}],"collection":[{"href":"https:\/\/esquerra.com.ar\/basquet\/wp-json\/wp\/v2\/posts"}],"about":[{"href":"https:\/\/esquerra.com.ar\/basquet\/wp-json\/wp\/v2\/types\/post"}],"author":[{"embeddable":true,"href":"https:\/\/esquerra.com.ar\/basquet\/wp-json\/wp\/v2\/users\/5"}],"replies":[{"embeddable":true,"href":"https:\/\/esquerra.com.ar\/basquet\/wp-json\/wp\/v2\/comments?post=2241"}],"version-history":[{"count":5,"href":"https:\/\/esquerra.com.ar\/basquet\/wp-json\/wp\/v2\/posts\/2241\/revisions"}],"predecessor-version":[{"id":2253,"href":"https:\/\/esquerra.com.ar\/basquet\/wp-json\/wp\/v2\/posts\/2241\/revisions\/2253"}],"wp:featuredmedia":[{"embeddable":true,"href":"https:\/\/esquerra.com.ar\/basquet\/wp-json\/wp\/v2\/media\/2242"}],"wp:attachment":[{"href":"https:\/\/esquerra.com.ar\/basquet\/wp-json\/wp\/v2\/media?parent=2241"}],"wp:term":[{"taxonomy":"category","embeddable":true,"href":"https:\/\/esquerra.com.ar\/basquet\/wp-json\/wp\/v2\/categories?post=2241"},{"taxonomy":"post_tag","embeddable":true,"href":"https:\/\/esquerra.com.ar\/basquet\/wp-json\/wp\/v2\/tags?post=2241"}],"curies":[{"name":"wp","href":"https:\/\/api.w.org\/{rel}","templated":true}]}}