{"id":2216,"date":"2024-10-05T01:15:23","date_gmt":"2024-10-05T04:15:23","guid":{"rendered":"https:\/\/esquerra.com.ar\/basquet\/?p=2216"},"modified":"2024-10-05T18:10:05","modified_gmt":"2024-10-05T21:10:05","slug":"el-mundialito-de-basquet-de-mini-y-formativas-se-puso-en-marcha-con-una-primera-jornada-cargada-de-entusiasmo","status":"publish","type":"post","link":"https:\/\/esquerra.com.ar\/basquet\/el-mundialito-de-basquet-de-mini-y-formativas-se-puso-en-marcha-con-una-primera-jornada-cargada-de-entusiasmo\/","title":{"rendered":"El Mundialito de b\u00e1squet de mini y formativas se puso en marcha con una primera jornada cargada de entusiasmo"},"content":{"rendered":"\n<p><\/p>\n\n\n\n<p>Con 46 partidos en 13 canchas de la ciudad de C\u00f3rdoba, Argentina, este viernes 4 de octubre se puso en marcha el Mundialito de b\u00e1squetbol de mini y categor\u00edas formativas. El torneo, organizado por la agencia Esquerra, continuar\u00e1 este s\u00e1bado 5 con una intensa doble jornada de 96 partidos que le dar\u00e1n cierre a la fase regular y definir\u00e1n los cruces para la jornada decisiva.<\/p>\n\n\n\n<figure class=\"wp-block-image size-large\"><img fetchpriority=\"high\" decoding=\"async\" width=\"900\" height=\"900\" src=\"https:\/\/esquerra.com.ar\/basquet\/wp-content\/uploads\/2024\/10\/Mundialito-J1-2.jpeg\" alt=\"\" class=\"wp-image-2226\" srcset=\"https:\/\/esquerra.com.ar\/basquet\/wp-content\/uploads\/2024\/10\/Mundialito-J1-2.jpeg 900w, https:\/\/esquerra.com.ar\/basquet\/wp-content\/uploads\/2024\/10\/Mundialito-J1-2-300x300.jpeg 300w, https:\/\/esquerra.com.ar\/basquet\/wp-content\/uploads\/2024\/10\/Mundialito-J1-2-150x150.jpeg 150w, https:\/\/esquerra.com.ar\/basquet\/wp-content\/uploads\/2024\/10\/Mundialito-J1-2-768x768.jpeg 768w, https:\/\/esquerra.com.ar\/basquet\/wp-content\/uploads\/2024\/10\/Mundialito-J1-2-128x128.jpeg 128w, https:\/\/esquerra.com.ar\/basquet\/wp-content\/uploads\/2024\/10\/Mundialito-J1-2-32x32.jpeg 32w\" sizes=\"(max-width: 900px) 100vw, 900px\" \/><\/figure>\n\n\n\n<p>El mega torneo cuenta con 1.500 participantes de cinco pa\u00edses de Sudam\u00e9rica: siete de Uruguay, cinco de Chile, una de Bolivia y una de Paraguay y equipos argentinos de Mendoza, San Luis. Tierra del Fuego. San Mart\u00edn de los Andes, Catamarca y, por supuesto, C\u00f3rdoba.<\/p>\n\n\n\n<figure class=\"wp-block-image size-large\"><img decoding=\"async\" width=\"1024\" height=\"685\" src=\"https:\/\/esquerra.com.ar\/basquet\/wp-content\/uploads\/2024\/10\/CBA-URU-1024x685.jpg\" alt=\"\" class=\"wp-image-2217\" srcset=\"https:\/\/esquerra.com.ar\/basquet\/wp-content\/uploads\/2024\/10\/CBA-URU-1024x685.jpg 1024w, https:\/\/esquerra.com.ar\/basquet\/wp-content\/uploads\/2024\/10\/CBA-URU-300x201.jpg 300w, https:\/\/esquerra.com.ar\/basquet\/wp-content\/uploads\/2024\/10\/CBA-URU-768x513.jpg 768w, https:\/\/esquerra.com.ar\/basquet\/wp-content\/uploads\/2024\/10\/CBA-URU-1536x1027.jpg 1536w, https:\/\/esquerra.com.ar\/basquet\/wp-content\/uploads\/2024\/10\/CBA-URU-128x86.jpg 128w, https:\/\/esquerra.com.ar\/basquet\/wp-content\/uploads\/2024\/10\/CBA-URU-32x21.jpg 32w, https:\/\/esquerra.com.ar\/basquet\/wp-content\/uploads\/2024\/10\/CBA-URU.jpg 2048w\" sizes=\"(max-width: 1024px) 100vw, 1024px\" \/><\/figure>\n\n\n\n<p><\/p>\n\n\n\n<p>Entre los partidos destacados de la primera jornada, Social Larra\u00f1aga le gan\u00f3 a Tabar\u00e9 el \u00fanico cruce de equipos uruguayos de la fecha: el vencedor hab\u00eda perdido la primera parte 25-27, pero pudo dar vuelta el juego, por lo que dej\u00f3 el tablero electr\u00f3nico en 47-32 y se qued\u00f3 con un triunfo clave en U14 femenino.&nbsp;<\/p>\n\n\n\n<p>En otro mano a mano de equipos charr\u00faas, Santo venci\u00f3 a Sarand\u00ed 1 46-32 en U13 masculino.<\/p>\n\n\n\n<p><\/p>\n\n\n\n<figure class=\"wp-block-image size-large\"><img decoding=\"async\" width=\"1024\" height=\"682\" src=\"https:\/\/esquerra.com.ar\/basquet\/wp-content\/uploads\/2024\/10\/Mundialito-02-1024x682.jpeg\" alt=\"\" class=\"wp-image-2231\" srcset=\"https:\/\/esquerra.com.ar\/basquet\/wp-content\/uploads\/2024\/10\/Mundialito-02-1024x682.jpeg 1024w, https:\/\/esquerra.com.ar\/basquet\/wp-content\/uploads\/2024\/10\/Mundialito-02-300x200.jpeg 300w, https:\/\/esquerra.com.ar\/basquet\/wp-content\/uploads\/2024\/10\/Mundialito-02-768x512.jpeg 768w, https:\/\/esquerra.com.ar\/basquet\/wp-content\/uploads\/2024\/10\/Mundialito-02-1536x1023.jpeg 1536w, https:\/\/esquerra.com.ar\/basquet\/wp-content\/uploads\/2024\/10\/Mundialito-02-128x85.jpeg 128w, https:\/\/esquerra.com.ar\/basquet\/wp-content\/uploads\/2024\/10\/Mundialito-02-32x21.jpeg 32w, https:\/\/esquerra.com.ar\/basquet\/wp-content\/uploads\/2024\/10\/Mundialito-02-930x620.jpeg 930w, https:\/\/esquerra.com.ar\/basquet\/wp-content\/uploads\/2024\/10\/Mundialito-02.jpeg 1600w\" sizes=\"(max-width: 1024px) 100vw, 1024px\" \/><\/figure>\n\n\n\n<p><\/p>\n\n\n\n<hr class=\"wp-block-separator has-alpha-channel-opacity\"\/>\n\n\n\n<p class=\"has-text-align-center\"><strong>TODOS LOS RESULTADOS <br>Y LAS POSICIONES<\/strong><\/p>\n\n\n<div class=\"wp-block-image\">\n<figure class=\"aligncenter size-full has-lightbox\"><a href=\"https:\/\/esquerra.com.ar\/basquet\/mundialito-formativas\/\" target=\"_blank\" rel=\"noreferrer noopener\"><img loading=\"lazy\" decoding=\"async\" width=\"400\" height=\"400\" src=\"https:\/\/esquerra.com.ar\/basquet\/wp-content\/uploads\/2024\/10\/Mundialito-Web.jpg\" alt=\"\" class=\"wp-image-2182\" srcset=\"https:\/\/esquerra.com.ar\/basquet\/wp-content\/uploads\/2024\/10\/Mundialito-Web.jpg 400w, https:\/\/esquerra.com.ar\/basquet\/wp-content\/uploads\/2024\/10\/Mundialito-Web-300x300.jpg 300w, https:\/\/esquerra.com.ar\/basquet\/wp-content\/uploads\/2024\/10\/Mundialito-Web-150x150.jpg 150w, https:\/\/esquerra.com.ar\/basquet\/wp-content\/uploads\/2024\/10\/Mundialito-Web-128x128.jpg 128w, https:\/\/esquerra.com.ar\/basquet\/wp-content\/uploads\/2024\/10\/Mundialito-Web-32x32.jpg 32w\" sizes=\"(max-width: 400px) 100vw, 400px\" \/><\/a><\/figure>\n<\/div>\n\n\n<hr class=\"wp-block-separator has-alpha-channel-opacity\"\/>\n\n\n\n<p><\/p>\n\n\n\n<p>Hubo, adem\u00e1s, juegos de marcador apretad\u00edsimo. Hind\u00fa BBC de Catamarca, Argentina, super\u00f3 a Florida de Uruguay 42-41 en U17 masculino y San Telmo de Uruguay venci\u00f3 a San Felipe de Chile 62-58 en 20 masculino. Por su parte, New Crusaders de Chile derrot\u00f3 a Banco de Mendoza 33-29 y Tabar\u00e9 de Uruguay se impuso 63-60 sobre San Felipe de Chile en U16 Masculino, mientras que Fenixrancur de Chile festej\u00f3 sobre Florida de Uruguay con un ajustado 49-44 en U15 masculino.<\/p>\n\n\n\n<figure class=\"wp-block-gallery has-nested-images columns-default is-cropped wp-block-gallery-1 is-layout-flex wp-block-gallery-is-layout-flex\">\n<figure class=\"wp-block-image size-large\"><img loading=\"lazy\" decoding=\"async\" width=\"900\" height=\"900\" data-id=\"2218\" src=\"https:\/\/esquerra.com.ar\/basquet\/wp-content\/uploads\/2024\/10\/Mundialito-M4.jpg\" alt=\"\" class=\"wp-image-2218\" srcset=\"https:\/\/esquerra.com.ar\/basquet\/wp-content\/uploads\/2024\/10\/Mundialito-M4.jpg 900w, https:\/\/esquerra.com.ar\/basquet\/wp-content\/uploads\/2024\/10\/Mundialito-M4-300x300.jpg 300w, https:\/\/esquerra.com.ar\/basquet\/wp-content\/uploads\/2024\/10\/Mundialito-M4-150x150.jpg 150w, https:\/\/esquerra.com.ar\/basquet\/wp-content\/uploads\/2024\/10\/Mundialito-M4-768x768.jpg 768w, https:\/\/esquerra.com.ar\/basquet\/wp-content\/uploads\/2024\/10\/Mundialito-M4-128x128.jpg 128w, https:\/\/esquerra.com.ar\/basquet\/wp-content\/uploads\/2024\/10\/Mundialito-M4-32x32.jpg 32w\" sizes=\"(max-width: 900px) 100vw, 900px\" \/><\/figure>\n\n\n\n<figure class=\"wp-block-image size-large\"><img loading=\"lazy\" decoding=\"async\" width=\"900\" height=\"900\" data-id=\"2219\" src=\"https:\/\/esquerra.com.ar\/basquet\/wp-content\/uploads\/2024\/10\/Mundialito-M3.jpg\" alt=\"\" class=\"wp-image-2219\" srcset=\"https:\/\/esquerra.com.ar\/basquet\/wp-content\/uploads\/2024\/10\/Mundialito-M3.jpg 900w, https:\/\/esquerra.com.ar\/basquet\/wp-content\/uploads\/2024\/10\/Mundialito-M3-300x300.jpg 300w, https:\/\/esquerra.com.ar\/basquet\/wp-content\/uploads\/2024\/10\/Mundialito-M3-150x150.jpg 150w, https:\/\/esquerra.com.ar\/basquet\/wp-content\/uploads\/2024\/10\/Mundialito-M3-768x768.jpg 768w, https:\/\/esquerra.com.ar\/basquet\/wp-content\/uploads\/2024\/10\/Mundialito-M3-128x128.jpg 128w, https:\/\/esquerra.com.ar\/basquet\/wp-content\/uploads\/2024\/10\/Mundialito-M3-32x32.jpg 32w\" sizes=\"(max-width: 900px) 100vw, 900px\" \/><\/figure>\n\n\n\n<figure class=\"wp-block-image size-large\"><img loading=\"lazy\" decoding=\"async\" width=\"900\" height=\"900\" data-id=\"2220\" src=\"https:\/\/esquerra.com.ar\/basquet\/wp-content\/uploads\/2024\/10\/Mundialito-M2.jpg\" alt=\"\" class=\"wp-image-2220\" srcset=\"https:\/\/esquerra.com.ar\/basquet\/wp-content\/uploads\/2024\/10\/Mundialito-M2.jpg 900w, https:\/\/esquerra.com.ar\/basquet\/wp-content\/uploads\/2024\/10\/Mundialito-M2-300x300.jpg 300w, https:\/\/esquerra.com.ar\/basquet\/wp-content\/uploads\/2024\/10\/Mundialito-M2-150x150.jpg 150w, https:\/\/esquerra.com.ar\/basquet\/wp-content\/uploads\/2024\/10\/Mundialito-M2-768x768.jpg 768w, https:\/\/esquerra.com.ar\/basquet\/wp-content\/uploads\/2024\/10\/Mundialito-M2-128x128.jpg 128w, https:\/\/esquerra.com.ar\/basquet\/wp-content\/uploads\/2024\/10\/Mundialito-M2-32x32.jpg 32w\" sizes=\"(max-width: 900px) 100vw, 900px\" \/><\/figure>\n\n\n\n<figure class=\"wp-block-image size-large\"><img loading=\"lazy\" decoding=\"async\" width=\"900\" height=\"900\" data-id=\"2221\" src=\"https:\/\/esquerra.com.ar\/basquet\/wp-content\/uploads\/2024\/10\/Mundialito-M1.jpg\" alt=\"\" class=\"wp-image-2221\" srcset=\"https:\/\/esquerra.com.ar\/basquet\/wp-content\/uploads\/2024\/10\/Mundialito-M1.jpg 900w, https:\/\/esquerra.com.ar\/basquet\/wp-content\/uploads\/2024\/10\/Mundialito-M1-300x300.jpg 300w, https:\/\/esquerra.com.ar\/basquet\/wp-content\/uploads\/2024\/10\/Mundialito-M1-150x150.jpg 150w, https:\/\/esquerra.com.ar\/basquet\/wp-content\/uploads\/2024\/10\/Mundialito-M1-768x768.jpg 768w, https:\/\/esquerra.com.ar\/basquet\/wp-content\/uploads\/2024\/10\/Mundialito-M1-128x128.jpg 128w, https:\/\/esquerra.com.ar\/basquet\/wp-content\/uploads\/2024\/10\/Mundialito-M1-32x32.jpg 32w\" sizes=\"(max-width: 900px) 100vw, 900px\" \/><\/figure>\n<\/figure>\n\n\n\n<p><\/p>\n\n\n\n<p>El Dorado de Bolivia, que viaj\u00f3 cinco d\u00edas en micro para llegar a C\u00f3rdoba, tuvo un gran debut en U16 femenino, al imponerse 70-28 sobre Hind\u00fa de C\u00f3rdoba. Mientras tanto, Pumas 9 de Paraguay, que participa con varios planteles en distintas categor\u00edas, venci\u00f3 a Santo de Uruguay 51-30 en U15 masculina.<\/p>\n\n\n\n<p><\/p>\n\n\n\n<figure class=\"wp-block-image size-large\"><img loading=\"lazy\" decoding=\"async\" width=\"1024\" height=\"682\" src=\"https:\/\/esquerra.com.ar\/basquet\/wp-content\/uploads\/2024\/10\/Mundialito-01-1024x682.jpeg\" alt=\"\" class=\"wp-image-2232\" srcset=\"https:\/\/esquerra.com.ar\/basquet\/wp-content\/uploads\/2024\/10\/Mundialito-01-1024x682.jpeg 1024w, https:\/\/esquerra.com.ar\/basquet\/wp-content\/uploads\/2024\/10\/Mundialito-01-300x200.jpeg 300w, https:\/\/esquerra.com.ar\/basquet\/wp-content\/uploads\/2024\/10\/Mundialito-01-768x512.jpeg 768w, https:\/\/esquerra.com.ar\/basquet\/wp-content\/uploads\/2024\/10\/Mundialito-01-1536x1023.jpeg 1536w, https:\/\/esquerra.com.ar\/basquet\/wp-content\/uploads\/2024\/10\/Mundialito-01-128x85.jpeg 128w, https:\/\/esquerra.com.ar\/basquet\/wp-content\/uploads\/2024\/10\/Mundialito-01-32x21.jpeg 32w, https:\/\/esquerra.com.ar\/basquet\/wp-content\/uploads\/2024\/10\/Mundialito-01-930x620.jpeg 930w, https:\/\/esquerra.com.ar\/basquet\/wp-content\/uploads\/2024\/10\/Mundialito-01.jpeg 1600w\" sizes=\"(max-width: 1024px) 100vw, 1024px\" \/><\/figure>\n\n\n\n<p><\/p>\n\n\n\n<p>De los otros partidos entre uruguayos y chilenos, los trasandinos celebraron dos triunfos: San Felipe le gan\u00f3 57-36 a San Telmo en U14 masculina y Deportivo Famach super\u00f3 57-17 a Tabar\u00e9 B en la misma categor\u00eda. Los orientales, en tanto, tuvieron otras tres victorias: San Telmo super\u00f3 a Famach 41-34 en U14 femenina, Santo derrot\u00f3 70-46 a Linares en U13 masculina y Salto se impuso sobre Linares 55-31 en U18 masculino.<\/p>\n\n\n\n<p><\/p>\n\n\n\n<figure class=\"wp-block-gallery has-nested-images columns-default is-cropped wp-block-gallery-2 is-layout-flex wp-block-gallery-is-layout-flex\">\n<figure class=\"wp-block-image size-large\"><img loading=\"lazy\" decoding=\"async\" width=\"900\" height=\"900\" data-id=\"2227\" src=\"https:\/\/esquerra.com.ar\/basquet\/wp-content\/uploads\/2024\/10\/Mundialito-J1-3.jpeg\" alt=\"\" class=\"wp-image-2227\" srcset=\"https:\/\/esquerra.com.ar\/basquet\/wp-content\/uploads\/2024\/10\/Mundialito-J1-3.jpeg 900w, https:\/\/esquerra.com.ar\/basquet\/wp-content\/uploads\/2024\/10\/Mundialito-J1-3-300x300.jpeg 300w, https:\/\/esquerra.com.ar\/basquet\/wp-content\/uploads\/2024\/10\/Mundialito-J1-3-150x150.jpeg 150w, https:\/\/esquerra.com.ar\/basquet\/wp-content\/uploads\/2024\/10\/Mundialito-J1-3-768x768.jpeg 768w, https:\/\/esquerra.com.ar\/basquet\/wp-content\/uploads\/2024\/10\/Mundialito-J1-3-128x128.jpeg 128w, https:\/\/esquerra.com.ar\/basquet\/wp-content\/uploads\/2024\/10\/Mundialito-J1-3-32x32.jpeg 32w\" sizes=\"(max-width: 900px) 100vw, 900px\" \/><\/figure>\n\n\n\n<figure class=\"wp-block-image size-large\"><img loading=\"lazy\" decoding=\"async\" width=\"900\" height=\"900\" data-id=\"2228\" src=\"https:\/\/esquerra.com.ar\/basquet\/wp-content\/uploads\/2024\/10\/Mundialito-J1-4.jpeg\" alt=\"\" class=\"wp-image-2228\" srcset=\"https:\/\/esquerra.com.ar\/basquet\/wp-content\/uploads\/2024\/10\/Mundialito-J1-4.jpeg 900w, https:\/\/esquerra.com.ar\/basquet\/wp-content\/uploads\/2024\/10\/Mundialito-J1-4-300x300.jpeg 300w, https:\/\/esquerra.com.ar\/basquet\/wp-content\/uploads\/2024\/10\/Mundialito-J1-4-150x150.jpeg 150w, https:\/\/esquerra.com.ar\/basquet\/wp-content\/uploads\/2024\/10\/Mundialito-J1-4-768x768.jpeg 768w, https:\/\/esquerra.com.ar\/basquet\/wp-content\/uploads\/2024\/10\/Mundialito-J1-4-128x128.jpeg 128w, https:\/\/esquerra.com.ar\/basquet\/wp-content\/uploads\/2024\/10\/Mundialito-J1-4-32x32.jpeg 32w\" sizes=\"(max-width: 900px) 100vw, 900px\" \/><\/figure>\n<\/figure>\n\n\n\n<p><\/p>\n\n\n\n<p>En U10 se disputaron los primeros tres partidos de un fixture que se compone de cuatro fechas y en el cual no se contempla la tabla de posiciones. Aqu\u00ed participan Pumas Campo 9 de Paraguay, Instituto Sta. Catalina de San Luis y Banco de Mendoza y otros cuatro equipos de la provincia de C\u00f3rdoba: Racing, Talleres y Juniors, de la capital, e Ingeniero Lucas V\u00e1zquez de Monte Cristo.<\/p>\n\n\n\n<p><\/p>\n\n\n\n<figure class=\"wp-block-image size-large\"><img loading=\"lazy\" decoding=\"async\" width=\"1024\" height=\"518\" src=\"https:\/\/esquerra.com.ar\/basquet\/wp-content\/uploads\/2024\/10\/Mundialito-J1-1024x518.jpeg\" alt=\"\" class=\"wp-image-2224\" srcset=\"https:\/\/esquerra.com.ar\/basquet\/wp-content\/uploads\/2024\/10\/Mundialito-J1-1024x518.jpeg 1024w, https:\/\/esquerra.com.ar\/basquet\/wp-content\/uploads\/2024\/10\/Mundialito-J1-300x152.jpeg 300w, https:\/\/esquerra.com.ar\/basquet\/wp-content\/uploads\/2024\/10\/Mundialito-J1-768x389.jpeg 768w, https:\/\/esquerra.com.ar\/basquet\/wp-content\/uploads\/2024\/10\/Mundialito-J1-1536x778.jpeg 1536w, https:\/\/esquerra.com.ar\/basquet\/wp-content\/uploads\/2024\/10\/Mundialito-J1-128x65.jpeg 128w, https:\/\/esquerra.com.ar\/basquet\/wp-content\/uploads\/2024\/10\/Mundialito-J1-32x16.jpeg 32w, https:\/\/esquerra.com.ar\/basquet\/wp-content\/uploads\/2024\/10\/Mundialito-J1.jpeg 1600w\" sizes=\"(max-width: 1024px) 100vw, 1024px\" \/><\/figure>\n\n\n\n<p><\/p>\n\n\n\n<blockquote class=\"wp-block-quote is-layout-flow wp-block-quote-is-layout-flow\">\n<p>El Mundialito de b\u00e1squetbol cuenta con resultados y posiciones actualizados de manera inmediata (<a href=\"https:\/\/esquerra.com.ar\/basquet\/mundialito-formativas\/\">https:\/\/esquerra.com.ar\/basquet\/mundialito-formativas\/<\/a>), coberturas en redes sociales de Esquerra (Instagram, Tik Tok y Facebook), streaming en vivo de todos los partidos en su canal de YouTube, fot\u00f3grafos en cada cancha y res\u00famenes de cada jornada en su sitio web.<\/p>\n<\/blockquote>\n\n\n\n<p><\/p>\n\n\n\n<hr class=\"wp-block-separator has-alpha-channel-opacity\"\/>\n\n\n\n<p class=\"has-text-align-center\"><strong>TODOS LOS RESULTADOS <br>Y LAS POSICIONES<\/strong><\/p>\n\n\n<div class=\"wp-block-image\">\n<figure class=\"aligncenter size-full has-lightbox\"><a href=\"https:\/\/esquerra.com.ar\/basquet\/mundialito-formativas\/\" target=\"_blank\" rel=\"noreferrer noopener\"><img loading=\"lazy\" decoding=\"async\" width=\"400\" height=\"400\" src=\"https:\/\/esquerra.com.ar\/basquet\/wp-content\/uploads\/2024\/10\/Mundialito-Web.jpg\" alt=\"\" class=\"wp-image-2182\" srcset=\"https:\/\/esquerra.com.ar\/basquet\/wp-content\/uploads\/2024\/10\/Mundialito-Web.jpg 400w, https:\/\/esquerra.com.ar\/basquet\/wp-content\/uploads\/2024\/10\/Mundialito-Web-300x300.jpg 300w, https:\/\/esquerra.com.ar\/basquet\/wp-content\/uploads\/2024\/10\/Mundialito-Web-150x150.jpg 150w, https:\/\/esquerra.com.ar\/basquet\/wp-content\/uploads\/2024\/10\/Mundialito-Web-128x128.jpg 128w, https:\/\/esquerra.com.ar\/basquet\/wp-content\/uploads\/2024\/10\/Mundialito-Web-32x32.jpg 32w\" sizes=\"(max-width: 400px) 100vw, 400px\" \/><\/a><\/figure>\n<\/div>\n\n\n<hr class=\"wp-block-separator has-alpha-channel-opacity\"\/>\n\n\n\n<p><\/p>\n\n\n\n<p style=\"font-size:20px\"><strong>Larra\u00f1aga, ganador del cruce de orientales<\/strong><\/p>\n\n\n\n<figure class=\"wp-block-image size-large\"><img loading=\"lazy\" decoding=\"async\" width=\"1024\" height=\"682\" src=\"https:\/\/esquerra.com.ar\/basquet\/wp-content\/uploads\/2024\/10\/Laranaga-1024x682.jpg\" alt=\"\" class=\"wp-image-2222\" srcset=\"https:\/\/esquerra.com.ar\/basquet\/wp-content\/uploads\/2024\/10\/Laranaga-1024x682.jpg 1024w, https:\/\/esquerra.com.ar\/basquet\/wp-content\/uploads\/2024\/10\/Laranaga-300x200.jpg 300w, https:\/\/esquerra.com.ar\/basquet\/wp-content\/uploads\/2024\/10\/Laranaga-768x512.jpg 768w, https:\/\/esquerra.com.ar\/basquet\/wp-content\/uploads\/2024\/10\/Laranaga-1536x1023.jpg 1536w, https:\/\/esquerra.com.ar\/basquet\/wp-content\/uploads\/2024\/10\/Laranaga-128x85.jpg 128w, https:\/\/esquerra.com.ar\/basquet\/wp-content\/uploads\/2024\/10\/Laranaga-32x21.jpg 32w, https:\/\/esquerra.com.ar\/basquet\/wp-content\/uploads\/2024\/10\/Laranaga-930x620.jpg 930w, https:\/\/esquerra.com.ar\/basquet\/wp-content\/uploads\/2024\/10\/Laranaga.jpg 1600w\" sizes=\"(max-width: 1024px) 100vw, 1024px\" \/><\/figure>\n\n\n\n<p>En U14 femenino, la Sociedad Uni\u00f3n El\u00e9ctrica (SUE) fue el escenario del cruce de equipos uruguayos de la jornada de apertura del Mundialito. En ese mano a mano, Social Larra\u00f1aga pudo dar vuelta el marcador y se impuso sobre Tabar\u00e9 47 a 32, despu\u00e9s de haber llegado al entretiempo con desventaja de dos puntos (25-27).<\/p>\n\n\n\n<p>Las rojiblancas tuvieron un notable desempe\u00f1o en la segunda mitad. En ofensiva sobresalieron Julia Lupinacci (camiseta N\u00b0 10) y Sof\u00eda Pressa (N\u00b07), en tanto que la defensa fue sobresaliente, ya que permiti\u00f3 apenas cinco puntos de su rival. Este s\u00e1bado, Larra\u00f1aga enfrentar\u00e1 a la Asociaci\u00f3n Cordobesa de B\u00e1squetbol (ACBB), con el objetivo de seguir demostrando su excelente nivel, mientras que Tabar\u00e9 buscar\u00e1 levantarse de la derrota enfrentando a Hind\u00fa Club de C\u00f3rdoba a las 12:45.<\/p>\n\n\n\n<p><\/p>\n\n\n\n<blockquote class=\"wp-block-quote is-layout-flow wp-block-quote-is-layout-flow\">\n<p><em>Los res\u00famenes period\u00edsticos de cada jornada son realizados por Constanza Lucero, Luc\u00eda Mill\u00e1n, Santiago Baz\u00e1n y Cristian Belbruno, bajo supervisi\u00f3n de Gabriel Rosenbaun<\/em><\/p>\n<\/blockquote>\n\n\n\n<p><\/p>\n","protected":false},"excerpt":{"rendered":"<p>Con 46 partidos en 13 canchas de la ciudad de C\u00f3rdoba, Argentina, este viernes 4 de octubre se puso en marcha el Mundialito de b\u00e1squetbol de mini y categor\u00edas formativas. El torneo, organizado por la agencia Esquerra, continuar\u00e1 este s\u00e1bado 5 con una intensa doble jornada de 96 partidos que le dar\u00e1n cierre a la&hellip;&nbsp;<a href=\"https:\/\/esquerra.com.ar\/basquet\/el-mundialito-de-basquet-de-mini-y-formativas-se-puso-en-marcha-con-una-primera-jornada-cargada-de-entusiasmo\/\" rel=\"bookmark\">Leer m\u00e1s &raquo;<span class=\"screen-reader-text\">El Mundialito de b\u00e1squet de mini y formativas se puso en marcha con una primera jornada cargada de entusiasmo<\/span><\/a><\/p>\n","protected":false},"author":5,"featured_media":2237,"comment_status":"closed","ping_status":"closed","sticky":false,"template":"","format":"standard","meta":{"_coblocks_attr":"","_coblocks_dimensions":"","_coblocks_responsive_height":"","_coblocks_accordion_ie_support":"","neve_meta_sidebar":"","neve_meta_container":"","neve_meta_enable_content_width":"","neve_meta_content_width":0,"neve_meta_title_alignment":"","neve_meta_author_avatar":"","neve_post_elements_order":"","neve_meta_disable_header":"","neve_meta_disable_footer":"","neve_meta_disable_title":"","footnotes":""},"categories":[229],"tags":[],"class_list":["post-2216","post","type-post","status-publish","format-standard","has-post-thumbnail","hentry","category-basquet2024"],"_links":{"self":[{"href":"https:\/\/esquerra.com.ar\/basquet\/wp-json\/wp\/v2\/posts\/2216","targetHints":{"allow":["GET"]}}],"collection":[{"href":"https:\/\/esquerra.com.ar\/basquet\/wp-json\/wp\/v2\/posts"}],"about":[{"href":"https:\/\/esquerra.com.ar\/basquet\/wp-json\/wp\/v2\/types\/post"}],"author":[{"embeddable":true,"href":"https:\/\/esquerra.com.ar\/basquet\/wp-json\/wp\/v2\/users\/5"}],"replies":[{"embeddable":true,"href":"https:\/\/esquerra.com.ar\/basquet\/wp-json\/wp\/v2\/comments?post=2216"}],"version-history":[{"count":7,"href":"https:\/\/esquerra.com.ar\/basquet\/wp-json\/wp\/v2\/posts\/2216\/revisions"}],"predecessor-version":[{"id":2240,"href":"https:\/\/esquerra.com.ar\/basquet\/wp-json\/wp\/v2\/posts\/2216\/revisions\/2240"}],"wp:featuredmedia":[{"embeddable":true,"href":"https:\/\/esquerra.com.ar\/basquet\/wp-json\/wp\/v2\/media\/2237"}],"wp:attachment":[{"href":"https:\/\/esquerra.com.ar\/basquet\/wp-json\/wp\/v2\/media?parent=2216"}],"wp:term":[{"taxonomy":"category","embeddable":true,"href":"https:\/\/esquerra.com.ar\/basquet\/wp-json\/wp\/v2\/categories?post=2216"},{"taxonomy":"post_tag","embeddable":true,"href":"https:\/\/esquerra.com.ar\/basquet\/wp-json\/wp\/v2\/tags?post=2216"}],"curies":[{"name":"wp","href":"https:\/\/api.w.org\/{rel}","templated":true}]}}