{"id":2178,"date":"2024-10-04T10:17:45","date_gmt":"2024-10-04T13:17:45","guid":{"rendered":"https:\/\/esquerra.com.ar\/basquet\/?p=2178"},"modified":"2024-10-04T14:24:21","modified_gmt":"2024-10-04T17:24:21","slug":"con-siete-delegaciones-uruguay-copara-cordoba-en-el-mundialito-de-basquetbol-de-mini-y-categorias-formativas","status":"publish","type":"post","link":"https:\/\/esquerra.com.ar\/basquet\/con-siete-delegaciones-uruguay-copara-cordoba-en-el-mundialito-de-basquetbol-de-mini-y-categorias-formativas\/","title":{"rendered":"Con siete delegaciones, Uruguay copar\u00e1 C\u00f3rdoba en el Mundialito de mini y categor\u00edas formativas"},"content":{"rendered":"\n<p>Con siete delegaciones, Uruguay ser\u00e1 el pa\u00eds con mayor presencia en el Mundialito de b\u00e1squetbol de mini y categor\u00edas formativas que comenzar\u00e1 este s\u00e1bado 4 de octubre de 2024 en la ciudad de C\u00f3rdoba, Argentina.&nbsp;&nbsp;<\/p>\n\n\n\n<p>El mega evento, que es organizado por Esquerra, contar\u00e1 con 1.500 participantes de cinco pa\u00edses de Sudam\u00e9rica: durante tres d\u00edas se disputar\u00e1n 201 partidos en 13 canchas de 10 clubes.<\/p>\n\n\n\n<blockquote class=\"wp-block-quote is-layout-flow wp-block-quote-is-layout-flow\">\n<p>El Mundialito de b\u00e1squetbol tendr\u00e1 resultados y posiciones actualizados de manera inmediata (<a href=\"https:\/\/esquerra.com.ar\/basquet\/mundialito-formativas\/\">https:\/\/esquerra.com.ar\/basquet\/mundialito-formativas\/<\/a>), coberturas en redes sociales de Esquerra (Instagram, Tik Tok y Facebook), streaming en vivo de todos los partidos en su canal de YouTube, fot\u00f3grafos en cada cancha y res\u00famenes de cada jornada en su sitio web.<\/p>\n<\/blockquote>\n\n\n\n<p><\/p>\n\n\n<div class=\"wp-block-image\">\n<figure class=\"aligncenter size-full has-lightbox\"><a href=\"https:\/\/esquerra.com.ar\/basquet\/mundialito-formativas\/\" target=\"_blank\" rel=\"noreferrer noopener\"><img fetchpriority=\"high\" decoding=\"async\" width=\"400\" height=\"400\" src=\"https:\/\/esquerra.com.ar\/basquet\/wp-content\/uploads\/2024\/10\/Mundialito-Web.jpg\" alt=\"\" class=\"wp-image-2182\" srcset=\"https:\/\/esquerra.com.ar\/basquet\/wp-content\/uploads\/2024\/10\/Mundialito-Web.jpg 400w, https:\/\/esquerra.com.ar\/basquet\/wp-content\/uploads\/2024\/10\/Mundialito-Web-300x300.jpg 300w, https:\/\/esquerra.com.ar\/basquet\/wp-content\/uploads\/2024\/10\/Mundialito-Web-150x150.jpg 150w, https:\/\/esquerra.com.ar\/basquet\/wp-content\/uploads\/2024\/10\/Mundialito-Web-128x128.jpg 128w, https:\/\/esquerra.com.ar\/basquet\/wp-content\/uploads\/2024\/10\/Mundialito-Web-32x32.jpg 32w\" sizes=\"(max-width: 400px) 100vw, 400px\" \/><\/a><\/figure>\n<\/div>\n\n\n<p><em>A continuaci\u00f3n, el detalle de los equipos \u201ccharr\u00faas\u201d y las categor\u00edas en las que participar\u00e1n cada uno de ellos:<\/em><\/p>\n\n\n\n<p style=\"font-size:18px\">\ud83c\uddfa\ud83c\uddfe <strong>San Telmo (Montevideo, Uruguay) *<\/strong><\/p>\n\n\n\n<ul class=\"wp-block-list\">\n<li>U14 Femenino (Zona A)<\/li>\n\n\n\n<li>U13 Masculino (Zona A) *<\/li>\n\n\n\n<li>U14 Masculino (Zona A)<\/li>\n\n\n\n<li>U15 Masculino (Zona A) *<\/li>\n\n\n\n<li>U16 Masculino (Zona A) *<\/li>\n\n\n\n<li>U16 Masculino (Zona B)<\/li>\n\n\n\n<li>U17 Masculino (Zona A) *<\/li>\n\n\n\n<li>U18 Masculino (Zona A)<\/li>\n\n\n\n<li>U20 Masculino (Zona A)\u00a0<\/li>\n\n\n\n<li>U20 Masculino (Zona B) *<\/li>\n<\/ul>\n\n\n\n<p><em>* En estas categor\u00edas inscribi\u00f3 sus planteles como Santo.<\/em><\/p>\n\n\n\n<p style=\"font-size:18px\">\ud83c\uddfa\ud83c\uddfe <strong>Olivol Mundial (Montevideo, Uruguay)<\/strong><\/p>\n\n\n\n<ul class=\"wp-block-list\">\n<li>U14 Femenino (Zona A)<\/li>\n\n\n\n<li>U14 Masculino (Zona A)<\/li>\n<\/ul>\n\n\n\n<p style=\"font-size:18px\">\ud83c\uddfa\ud83c\uddfe <strong>Social Larra\u00f1aga (Montevideo, Uruguay)<\/strong><\/p>\n\n\n\n<ul class=\"wp-block-list\">\n<li>U14 Femenino (Zona B)<\/li>\n\n\n\n<li>U14 Masculino (Zona C)<\/li>\n\n\n\n<li>U16 Masculino (Zona B)<\/li>\n<\/ul>\n\n\n\n<p style=\"font-size:18px\">\ud83c\uddfa\ud83c\uddfe <strong>Tabar\u00e9 (Montevideo, Uruguay)<\/strong><\/p>\n\n\n\n<ul class=\"wp-block-list\">\n<li>U14 Femenino (Zona B)<\/li>\n\n\n\n<li>U14 Masculino (Zona B)<\/li>\n\n\n\n<li>U14 Masculino (Zona C)<\/li>\n\n\n\n<li>U16 Femenino (Zona A)<\/li>\n\n\n\n<li>U16 Masculino (Zona A)<\/li>\n<\/ul>\n\n\n\n<p style=\"font-size:18px\">\ud83c\uddfa\ud83c\uddfe <strong>Sarand\u00ed Universitario (Rivera, Uruguay)<\/strong><\/p>\n\n\n\n<ul class=\"wp-block-list\">\n<li>U12 Masculino (Zona A)<\/li>\n\n\n\n<li>U12 Masculino (Zona C)<\/li>\n\n\n\n<li>U13 Masculino (Zona B)<\/li>\n\n\n\n<li>U15 Masculino (Zona C)<\/li>\n<\/ul>\n\n\n\n<p style=\"font-size:18px\">\ud83c\uddfa\ud83c\uddfe <strong>Florida (Florida, Uruguay)<\/strong><\/p>\n\n\n\n<ul class=\"wp-block-list\">\n<li>U14 Masculino (Zona B)<\/li>\n\n\n\n<li>U15 Masculino (Zona B)<\/li>\n\n\n\n<li>U17 Masculino (Zona A)<\/li>\n<\/ul>\n\n\n\n<p style=\"font-size:18px\">\ud83c\uddfa\ud83c\uddfe <strong>Salto Uruguay (Salto, Uruguay)<\/strong><\/p>\n\n\n\n<ul class=\"wp-block-list\">\n<li>U18 Masculino (Zona B)<\/li>\n\n\n\n<li>U20 Masculino (Zona B)<\/li>\n<\/ul>\n\n\n\n<figure class=\"wp-block-image size-large\"><img decoding=\"async\" width=\"1024\" height=\"1024\" src=\"https:\/\/esquerra.com.ar\/basquet\/wp-content\/uploads\/2024\/10\/Mundialito-1-1024x1024.jpg\" alt=\"\" class=\"wp-image-2164\" srcset=\"https:\/\/esquerra.com.ar\/basquet\/wp-content\/uploads\/2024\/10\/Mundialito-1-1024x1024.jpg 1024w, https:\/\/esquerra.com.ar\/basquet\/wp-content\/uploads\/2024\/10\/Mundialito-1-300x300.jpg 300w, https:\/\/esquerra.com.ar\/basquet\/wp-content\/uploads\/2024\/10\/Mundialito-1-150x150.jpg 150w, https:\/\/esquerra.com.ar\/basquet\/wp-content\/uploads\/2024\/10\/Mundialito-1-768x768.jpg 768w, https:\/\/esquerra.com.ar\/basquet\/wp-content\/uploads\/2024\/10\/Mundialito-1-128x128.jpg 128w, https:\/\/esquerra.com.ar\/basquet\/wp-content\/uploads\/2024\/10\/Mundialito-1-32x32.jpg 32w, https:\/\/esquerra.com.ar\/basquet\/wp-content\/uploads\/2024\/10\/Mundialito-1.jpg 1080w\" sizes=\"(max-width: 1024px) 100vw, 1024px\" \/><\/figure>\n\n\n\n<p style=\"font-size:18px\"><strong>DEBUTS, RIVALES, CANCHAS Y HORARIOS<\/strong><\/p>\n\n\n\n<p><strong>Santo (Montevideo, Uruguay)<\/strong>:<\/p>\n\n\n\n<ul class=\"wp-block-list\">\n<li>U13 Masc. Zona A: Provincial Linares (Linares, Chile) vs Santo \u2013 <strong>4 de octubre, 17:15 en Hind\u00fa Club Cancha 1<\/strong><\/li>\n\n\n\n<li>U17 Masc. Zona A: Santo vs Banco (Mendoza, Argentina) \u2013 <strong>4 de octubre, 16:00 en Hind\u00fa Club Cancha 1<\/strong><\/li>\n<\/ul>\n\n\n\n<p><strong>San Telmo (Montevideo, Uruguay)<\/strong>:<\/p>\n\n\n\n<ul class=\"wp-block-list\">\n<li>U16 Masc. Zona B: San Telmo vs A.C.B.B. (B) (C\u00f3rdoba, Argentina) \u2013 <strong>4 de octubre, 21:00 en Hind\u00fa Club Cancha 1<\/strong><\/li>\n\n\n\n<li>U20 Masc. Zona A: San Telmo vs Club San Felipe (San Felipe, Chile) \u2013 <strong>4 de octubre, 16:00 en Club Juniors<\/strong><\/li>\n<\/ul>\n\n\n\n<p><strong>Tabar\u00e9 (Montevideo, Uruguay)<\/strong>:<\/p>\n\n\n\n<ul class=\"wp-block-list\">\n<li>U14 Femen. Zona B: Tabar\u00e9 vs Social Larra\u00f1aga (Montevideo, Uruguay) \u2013 <strong>4 de octubre, 16:00 en Club SUE<\/strong><\/li>\n\n\n\n<li>U14 Masc. Zona C: Tabar\u00e9 vs A.C.B.B. (C) (C\u00f3rdoba, Argentina) \u2013 <strong>4 de octubre, 19:45 en Club SUE<\/strong><\/li>\n<\/ul>\n\n\n\n<p><strong>Florida (Florida, Uruguay)<\/strong>:<\/p>\n\n\n\n<ul class=\"wp-block-list\">\n<li>U14 Masc. Zona B: Florida vs A.C.B.B. (B) (C\u00f3rdoba, Argentina) \u2013 <strong>4 de octubre, 19:45 en Club Racing<\/strong><\/li>\n\n\n\n<li>U17 Masc. Zona A: Florida vs Hind\u00fa BBC 1 (Catamarca, Argentina) \u2013 <strong>4 de octubre, 18:30 en Club Racing<\/strong><\/li>\n<\/ul>\n\n\n\n<p><strong>Salto Uruguay (Salto, Uruguay)<\/strong>:<\/p>\n\n\n\n<ul class=\"wp-block-list\">\n<li>U18 Masc. Zona B: Provincial Linares (Linares, Chile) vs Salto Uruguay \u2013 <strong>4 de octubre, 17:15 en Hind\u00fa Club Cancha 2<\/strong><\/li>\n\n\n\n<li>U20 Masc. Interzonal: Salto Uruguay vs A.C.B.B. (B) (C\u00f3rdoba, Argentina) \u2013 <strong>4 de octubre, 20:30 en Club Empalme<\/strong><\/li>\n<\/ul>\n\n\n<div class=\"wp-block-image\">\n<figure class=\"aligncenter size-full has-lightbox\"><a href=\"https:\/\/esquerra.com.ar\/basquet\/mundialito-formativas\/\" target=\"_blank\" rel=\"noreferrer noopener\"><img fetchpriority=\"high\" decoding=\"async\" width=\"400\" height=\"400\" src=\"https:\/\/esquerra.com.ar\/basquet\/wp-content\/uploads\/2024\/10\/Mundialito-Web.jpg\" alt=\"\" class=\"wp-image-2182\" srcset=\"https:\/\/esquerra.com.ar\/basquet\/wp-content\/uploads\/2024\/10\/Mundialito-Web.jpg 400w, https:\/\/esquerra.com.ar\/basquet\/wp-content\/uploads\/2024\/10\/Mundialito-Web-300x300.jpg 300w, https:\/\/esquerra.com.ar\/basquet\/wp-content\/uploads\/2024\/10\/Mundialito-Web-150x150.jpg 150w, https:\/\/esquerra.com.ar\/basquet\/wp-content\/uploads\/2024\/10\/Mundialito-Web-128x128.jpg 128w, https:\/\/esquerra.com.ar\/basquet\/wp-content\/uploads\/2024\/10\/Mundialito-Web-32x32.jpg 32w\" sizes=\"(max-width: 400px) 100vw, 400px\" \/><\/a><\/figure>\n<\/div>","protected":false},"excerpt":{"rendered":"<p>Con siete delegaciones, Uruguay ser\u00e1 el pa\u00eds con mayor presencia en el Mundialito de b\u00e1squetbol de mini y categor\u00edas formativas que comenzar\u00e1 este s\u00e1bado 4 de octubre de 2024 en la ciudad de C\u00f3rdoba, Argentina.&nbsp;&nbsp; El mega evento, que es organizado por Esquerra, contar\u00e1 con 1.500 participantes de cinco pa\u00edses de Sudam\u00e9rica: durante tres d\u00edas&hellip;&nbsp;<a href=\"https:\/\/esquerra.com.ar\/basquet\/con-siete-delegaciones-uruguay-copara-cordoba-en-el-mundialito-de-basquetbol-de-mini-y-categorias-formativas\/\" rel=\"bookmark\">Leer m\u00e1s &raquo;<span class=\"screen-reader-text\">Con siete delegaciones, Uruguay copar\u00e1 C\u00f3rdoba en el Mundialito de mini y categor\u00edas formativas<\/span><\/a><\/p>\n","protected":false},"author":5,"featured_media":2179,"comment_status":"closed","ping_status":"closed","sticky":false,"template":"","format":"standard","meta":{"_coblocks_attr":"","_coblocks_dimensions":"","_coblocks_responsive_height":"","_coblocks_accordion_ie_support":"","neve_meta_sidebar":"","neve_meta_container":"","neve_meta_enable_content_width":"","neve_meta_content_width":0,"neve_meta_title_alignment":"","neve_meta_author_avatar":"","neve_post_elements_order":"","neve_meta_disable_header":"","neve_meta_disable_footer":"","neve_meta_disable_title":"","footnotes":""},"categories":[229],"tags":[234,232,233,231,236],"class_list":["post-2178","post","type-post","status-publish","format-standard","has-post-thumbnail","hentry","category-basquet2024","tag-234","tag-basquet","tag-formativas","tag-mundialito","tag-prensa"],"_links":{"self":[{"href":"https:\/\/esquerra.com.ar\/basquet\/wp-json\/wp\/v2\/posts\/2178","targetHints":{"allow":["GET"]}}],"collection":[{"href":"https:\/\/esquerra.com.ar\/basquet\/wp-json\/wp\/v2\/posts"}],"about":[{"href":"https:\/\/esquerra.com.ar\/basquet\/wp-json\/wp\/v2\/types\/post"}],"author":[{"embeddable":true,"href":"https:\/\/esquerra.com.ar\/basquet\/wp-json\/wp\/v2\/users\/5"}],"replies":[{"embeddable":true,"href":"https:\/\/esquerra.com.ar\/basquet\/wp-json\/wp\/v2\/comments?post=2178"}],"version-history":[{"count":7,"href":"https:\/\/esquerra.com.ar\/basquet\/wp-json\/wp\/v2\/posts\/2178\/revisions"}],"predecessor-version":[{"id":2215,"href":"https:\/\/esquerra.com.ar\/basquet\/wp-json\/wp\/v2\/posts\/2178\/revisions\/2215"}],"wp:featuredmedia":[{"embeddable":true,"href":"https:\/\/esquerra.com.ar\/basquet\/wp-json\/wp\/v2\/media\/2179"}],"wp:attachment":[{"href":"https:\/\/esquerra.com.ar\/basquet\/wp-json\/wp\/v2\/media?parent=2178"}],"wp:term":[{"taxonomy":"category","embeddable":true,"href":"https:\/\/esquerra.com.ar\/basquet\/wp-json\/wp\/v2\/categories?post=2178"},{"taxonomy":"post_tag","embeddable":true,"href":"https:\/\/esquerra.com.ar\/basquet\/wp-json\/wp\/v2\/tags?post=2178"}],"curies":[{"name":"wp","href":"https:\/\/api.w.org\/{rel}","templated":true}]}}