{"id":2172,"date":"2024-10-04T10:18:27","date_gmt":"2024-10-04T13:18:27","guid":{"rendered":"https:\/\/esquerra.com.ar\/basquet\/?p=2172"},"modified":"2024-10-04T14:24:14","modified_gmt":"2024-10-04T17:24:14","slug":"cinco-delegaciones-chilenas-cruzan-la-cordillera-para-disputar-el-mundialito-en-cordoba","status":"publish","type":"post","link":"https:\/\/esquerra.com.ar\/basquet\/cinco-delegaciones-chilenas-cruzan-la-cordillera-para-disputar-el-mundialito-en-cordoba\/","title":{"rendered":"Cinco delegaciones chilenas cruzan la Cordillera para disputar el Mundialito en C\u00f3rdoba"},"content":{"rendered":"\n<p>Cinco equipos chilenos completar\u00e1n el cruce de la Cordillera de los Andes y arribar\u00e1n a la ciudad de C\u00f3rdoba, Argentina, para disputar el Mundialito de b\u00e1squetbol de mini y categor\u00edas formativas en el cual participar\u00e1n equipos de cinco pa\u00edses sudamericanos.&nbsp;<\/p>\n\n\n\n<p>El mega torneo, organizado por Esquerra, contar\u00e1 con 1.500 participantes que animar\u00e1n 201 partidos en 13 canchas de 10 clubes de la ciudad de C\u00f3rdoba.<\/p>\n\n\n\n<p>Los representantes chilenos partieron desde las ciudades de Valpara\u00edso, Copiap\u00f3, Linares, San Felipe y Curic\u00f3 con un objetivo compartido: disfrutar de tres d\u00edas inolvidables, en los que jugar\u00e1n con equipos de Argentina, Uruguay, Paraguay y Bolivia.&nbsp;<\/p>\n\n\n\n<blockquote class=\"wp-block-quote is-layout-flow wp-block-quote-is-layout-flow\">\n<p>El Mundialito de b\u00e1squetbol tendr\u00e1 resultados y posiciones actualizados de manera inmediata (<a href=\"https:\/\/esquerra.com.ar\/basquet\/mundialito-formativas\/\">https:\/\/esquerra.com.ar\/basquet\/mundialito-formativas\/<\/a>), coberturas en redes sociales de Esquerra (Instagram, Tik Tok y Facebook), streaming en vivo de todos los partidos en su canal de YouTube, fot\u00f3grafos en cada cancha y res\u00famenes de cada jornada en su sitio web.<\/p>\n\n\n\n<p><\/p>\n<\/blockquote>\n\n\n<div class=\"wp-block-image\">\n<figure class=\"aligncenter size-full has-lightbox\"><a href=\"https:\/\/esquerra.com.ar\/basquet\/mundialito-formativas\/\" target=\"_blank\" rel=\"noreferrer noopener\"><img fetchpriority=\"high\" decoding=\"async\" width=\"400\" height=\"400\" src=\"https:\/\/esquerra.com.ar\/basquet\/wp-content\/uploads\/2024\/10\/Mundialito-Web.jpg\" alt=\"\" class=\"wp-image-2182\" srcset=\"https:\/\/esquerra.com.ar\/basquet\/wp-content\/uploads\/2024\/10\/Mundialito-Web.jpg 400w, https:\/\/esquerra.com.ar\/basquet\/wp-content\/uploads\/2024\/10\/Mundialito-Web-300x300.jpg 300w, https:\/\/esquerra.com.ar\/basquet\/wp-content\/uploads\/2024\/10\/Mundialito-Web-150x150.jpg 150w, https:\/\/esquerra.com.ar\/basquet\/wp-content\/uploads\/2024\/10\/Mundialito-Web-128x128.jpg 128w, https:\/\/esquerra.com.ar\/basquet\/wp-content\/uploads\/2024\/10\/Mundialito-Web-32x32.jpg 32w\" sizes=\"(max-width: 400px) 100vw, 400px\" \/><\/a><\/figure>\n<\/div>\n\n\n<p><em>A continuaci\u00f3n se compartir\u00e1, un desglose de los equipos trasandinos y las categor\u00edas en las que participar\u00e1n:<\/em><\/p>\n\n\n\n<p style=\"font-size:18px\">\ud83c\udde8\ud83c\uddf1 <strong>Deportivo Famach (Copiap\u00f3, Chile)<\/strong><\/p>\n\n\n\n<ul class=\"wp-block-list\">\n<li>U14 Femenino (Zona A)<\/li>\n\n\n\n<li>U16 Femenino (Zona A)<\/li>\n\n\n\n<li>U14 Masculino (Zona B)<\/li>\n\n\n\n<li>U17 Masculino (Zona A)<\/li>\n<\/ul>\n\n\n\n<p style=\"font-size:18px\">\ud83c\udde8\ud83c\uddf1 <strong>New Crusaders (Valpara\u00edso, Chile)<\/strong><\/p>\n\n\n\n<ul class=\"wp-block-list\">\n<li>U13 Masculino (Zona A)<\/li>\n\n\n\n<li>U15 Masculino (Zona A)<\/li>\n<\/ul>\n\n\n\n<p style=\"font-size:18px\">\ud83c\udde8\ud83c\uddf1 <strong>Provincial Linares (Linares, Chile)<\/strong><\/p>\n\n\n\n<ul class=\"wp-block-list\">\n<li>U12 (Zona A)<\/li>\n\n\n\n<li>U13 Masculino (Zona A)<\/li>\n\n\n\n<li>U15 Masculino (Zona C)<\/li>\n\n\n\n<li>U18 Masculino (Zona B)<\/li>\n<\/ul>\n\n\n\n<p style=\"font-size:18px\">\ud83c\udde8\ud83c\uddf1 <strong>Club San Felipe (San Felipe, Chile)<\/strong><\/p>\n\n\n\n<ul class=\"wp-block-list\">\n<li>U12 (Zona B)<\/li>\n\n\n\n<li>U13 Masculino (Zona B)<\/li>\n\n\n\n<li>U14 Masculino (Zona A)<\/li>\n\n\n\n<li>U15 Masculino (Zona B)<\/li>\n\n\n\n<li>U16 Masculino (Zona A)<\/li>\n\n\n\n<li>U20 Masculino (Zona A)<\/li>\n<\/ul>\n\n\n\n<p style=\"font-size:18px\">\ud83c\udde8\ud83c\uddf1 <strong>Fenixrancur (Curic\u00f3, Chile)<\/strong><\/p>\n\n\n\n<ul class=\"wp-block-list\">\n<li>U15 Masculino (Zona B)<\/li>\n\n\n\n<li>U18 Masculino (Zona A)<\/li>\n<\/ul>\n\n\n\n<ol start=\"2\" class=\"wp-block-list\"><\/ol>\n\n\n\n<figure class=\"wp-block-image size-large\"><img decoding=\"async\" width=\"1024\" height=\"1024\" src=\"https:\/\/esquerra.com.ar\/basquet\/wp-content\/uploads\/2024\/10\/Mundialito-1024x1024.jpg\" alt=\"\" class=\"wp-image-2141\" srcset=\"https:\/\/esquerra.com.ar\/basquet\/wp-content\/uploads\/2024\/10\/Mundialito-1024x1024.jpg 1024w, https:\/\/esquerra.com.ar\/basquet\/wp-content\/uploads\/2024\/10\/Mundialito-300x300.jpg 300w, https:\/\/esquerra.com.ar\/basquet\/wp-content\/uploads\/2024\/10\/Mundialito-150x150.jpg 150w, https:\/\/esquerra.com.ar\/basquet\/wp-content\/uploads\/2024\/10\/Mundialito-768x768.jpg 768w, https:\/\/esquerra.com.ar\/basquet\/wp-content\/uploads\/2024\/10\/Mundialito-128x128.jpg 128w, https:\/\/esquerra.com.ar\/basquet\/wp-content\/uploads\/2024\/10\/Mundialito-32x32.jpg 32w, https:\/\/esquerra.com.ar\/basquet\/wp-content\/uploads\/2024\/10\/Mundialito.jpg 1080w\" sizes=\"(max-width: 1024px) 100vw, 1024px\" \/><\/figure>\n\n\n\n<p style=\"font-size:18px\">\ud83c\udde8\ud83c\uddf1 <strong>DEBUTS, RIVALES, CANCHAS Y HORARIOS<\/strong> \ud83c\udde8\ud83c\uddf1<\/p>\n\n\n\n<p><strong>Provincial Linares (Linares, Chile)<\/strong><\/p>\n\n\n\n<ul class=\"wp-block-list\">\n<li>U12. Zona A: Provincial Linares vs Pumas (Campo 9, Paraguay) \u2013 <strong>4 de octubre, 18:30 en Hind\u00fa Club Cancha 2<\/strong><\/li>\n\n\n\n<li>U13 Masc. Zona A: Provincial Linares vs Santo (Montevideo, Uruguay) \u2013 <strong>4 de octubre, 17:15 en Hind\u00fa Club Cancha 1<\/strong><\/li>\n\n\n\n<li>U15 Masc. Zona C: Provincial Linares vs SUE (C\u00f3rdoba, Argentina) \u2013 <strong>4 de octubre, 16:00 en Hind\u00fa Club Cancha 2<\/strong><\/li>\n\n\n\n<li>U18 Masc. Zona B: Provincial Linares vs Salto Uruguay (Salto, Uruguay) \u2013 <strong>4 de octubre, 17:15 en Hind\u00fa Club Cancha 2<\/strong><\/li>\n<\/ul>\n\n\n\n<p>\u00a0<strong>New Crusaders (Valpara\u00edso, Chile)<\/strong><\/p>\n\n\n\n<ul class=\"wp-block-list\">\n<li>U13 Masc. Zona A: New Crusaders vs Banco (Mendoza, Argentina) \u2013 <strong>4 de octubre, 18:30 en Hind\u00fa Club Cancha 1<\/strong><\/li>\n\n\n\n<li>U15 Masc. Zona A: New Crusaders vs Banco (Mendoza, Argentina) \u2013 <strong>4 de octubre, 19:45 en Hind\u00fa Club Cancha 1<\/strong><\/li>\n<\/ul>\n\n\n\n<p><strong>Fenixrancur (Curic\u00f3, Chile)<\/strong><\/p>\n\n\n\n<ul class=\"wp-block-list\">\n<li>U15 Masc. Zona B: Florida (Florida, Uruguay) vs Fenixrancur \u2013 <strong>4 de octubre, 17:15 en Club Racing<\/strong><\/li>\n\n\n\n<li>U18 Masc. Zona A: A.C.B.B. (A) (C\u00f3rdoba, Argentina) vs Fenixrancur \u2013 <strong>4 de octubre, 16:00 en Club Racing<\/strong><\/li>\n<\/ul>\n\n\n\n<p><strong>Deportivo Famach (Copiap\u00f3, Chile)<\/strong><\/p>\n\n\n\n<ul class=\"wp-block-list\">\n<li>U14 Masc. Zona B: Tabar\u00e9 (Montevideo, Uruguay) (B) vs Deportivo Famach \u2013 <strong>4 de octubre, 18:30 en Club SUE<\/strong><\/li>\n\n\n\n<li>U17 Masc. Zona B: Yoppen (R\u00edo Grande TdF, Argentina) vs Deportivo Famach \u2013 <strong>4 de octubre, 17:15 en Club SUE<\/strong><\/li>\n<\/ul>\n\n\n\n<p><strong>Club San Felipe (San Felipe, Chile)<\/strong>:<\/p>\n\n\n\n<ul class=\"wp-block-list\">\n<li>U13 Masc. Zona B: CEF 9 (San Mart\u00edn de Los Andes, Argentina) vs Club San Felipe \u2013 <strong>4 de octubre, 17:15 en Club Maip\u00fa<\/strong><\/li>\n\n\n\n<li>U20 Masc. Zona A: San Telmo (Montevideo, Uruguay) vs Club San Felipe \u2013 <strong>4 de octubre, 16:00 en Club Juniors<\/strong><\/li>\n<\/ul>\n\n\n\n<p><\/p>\n\n\n<div class=\"wp-block-image\">\n<figure class=\"aligncenter size-full has-lightbox\"><a href=\"https:\/\/esquerra.com.ar\/basquet\/mundialito-formativas\/\" target=\"_blank\" rel=\"noreferrer noopener\"><img fetchpriority=\"high\" decoding=\"async\" width=\"400\" height=\"400\" src=\"https:\/\/esquerra.com.ar\/basquet\/wp-content\/uploads\/2024\/10\/Mundialito-Web.jpg\" alt=\"\" class=\"wp-image-2182\" srcset=\"https:\/\/esquerra.com.ar\/basquet\/wp-content\/uploads\/2024\/10\/Mundialito-Web.jpg 400w, https:\/\/esquerra.com.ar\/basquet\/wp-content\/uploads\/2024\/10\/Mundialito-Web-300x300.jpg 300w, https:\/\/esquerra.com.ar\/basquet\/wp-content\/uploads\/2024\/10\/Mundialito-Web-150x150.jpg 150w, https:\/\/esquerra.com.ar\/basquet\/wp-content\/uploads\/2024\/10\/Mundialito-Web-128x128.jpg 128w, https:\/\/esquerra.com.ar\/basquet\/wp-content\/uploads\/2024\/10\/Mundialito-Web-32x32.jpg 32w\" sizes=\"(max-width: 400px) 100vw, 400px\" \/><\/a><\/figure>\n<\/div>","protected":false},"excerpt":{"rendered":"<p>Cinco equipos chilenos completar\u00e1n el cruce de la Cordillera de los Andes y arribar\u00e1n a la ciudad de C\u00f3rdoba, Argentina, para disputar el Mundialito de b\u00e1squetbol de mini y categor\u00edas formativas en el cual participar\u00e1n equipos de cinco pa\u00edses sudamericanos.&nbsp; El mega torneo, organizado por Esquerra, contar\u00e1 con 1.500 participantes que animar\u00e1n 201 partidos en&hellip;&nbsp;<a href=\"https:\/\/esquerra.com.ar\/basquet\/cinco-delegaciones-chilenas-cruzan-la-cordillera-para-disputar-el-mundialito-en-cordoba\/\" rel=\"bookmark\">Leer m\u00e1s &raquo;<span class=\"screen-reader-text\">Cinco delegaciones chilenas cruzan la Cordillera para disputar el Mundialito en C\u00f3rdoba<\/span><\/a><\/p>\n","protected":false},"author":5,"featured_media":2173,"comment_status":"closed","ping_status":"closed","sticky":false,"template":"","format":"standard","meta":{"_coblocks_attr":"","_coblocks_dimensions":"","_coblocks_responsive_height":"","_coblocks_accordion_ie_support":"","neve_meta_sidebar":"","neve_meta_container":"","neve_meta_enable_content_width":"","neve_meta_content_width":0,"neve_meta_title_alignment":"","neve_meta_author_avatar":"","neve_post_elements_order":"","neve_meta_disable_header":"","neve_meta_disable_footer":"","neve_meta_disable_title":"","footnotes":""},"categories":[229],"tags":[234,232,233,231,236],"class_list":["post-2172","post","type-post","status-publish","format-standard","has-post-thumbnail","hentry","category-basquet2024","tag-234","tag-basquet","tag-formativas","tag-mundialito","tag-prensa"],"_links":{"self":[{"href":"https:\/\/esquerra.com.ar\/basquet\/wp-json\/wp\/v2\/posts\/2172","targetHints":{"allow":["GET"]}}],"collection":[{"href":"https:\/\/esquerra.com.ar\/basquet\/wp-json\/wp\/v2\/posts"}],"about":[{"href":"https:\/\/esquerra.com.ar\/basquet\/wp-json\/wp\/v2\/types\/post"}],"author":[{"embeddable":true,"href":"https:\/\/esquerra.com.ar\/basquet\/wp-json\/wp\/v2\/users\/5"}],"replies":[{"embeddable":true,"href":"https:\/\/esquerra.com.ar\/basquet\/wp-json\/wp\/v2\/comments?post=2172"}],"version-history":[{"count":9,"href":"https:\/\/esquerra.com.ar\/basquet\/wp-json\/wp\/v2\/posts\/2172\/revisions"}],"predecessor-version":[{"id":2213,"href":"https:\/\/esquerra.com.ar\/basquet\/wp-json\/wp\/v2\/posts\/2172\/revisions\/2213"}],"wp:featuredmedia":[{"embeddable":true,"href":"https:\/\/esquerra.com.ar\/basquet\/wp-json\/wp\/v2\/media\/2173"}],"wp:attachment":[{"href":"https:\/\/esquerra.com.ar\/basquet\/wp-json\/wp\/v2\/media?parent=2172"}],"wp:term":[{"taxonomy":"category","embeddable":true,"href":"https:\/\/esquerra.com.ar\/basquet\/wp-json\/wp\/v2\/categories?post=2172"},{"taxonomy":"post_tag","embeddable":true,"href":"https:\/\/esquerra.com.ar\/basquet\/wp-json\/wp\/v2\/tags?post=2172"}],"curies":[{"name":"wp","href":"https:\/\/api.w.org\/{rel}","templated":true}]}}