{"id":2126,"date":"2024-10-03T12:28:52","date_gmt":"2024-10-03T15:28:52","guid":{"rendered":"https:\/\/esquerra.com.ar\/basquet\/?p=2126"},"modified":"2024-10-04T14:24:29","modified_gmt":"2024-10-04T17:24:29","slug":"cordoba-recibe-el-mundialito-de-basquetbol-de-categorias-formativas-un-mega-torneo-con-1-500-participantes-de-cinco-paises-de-sudamerica","status":"publish","type":"post","link":"https:\/\/esquerra.com.ar\/basquet\/cordoba-recibe-el-mundialito-de-basquetbol-de-categorias-formativas-un-mega-torneo-con-1-500-participantes-de-cinco-paises-de-sudamerica\/","title":{"rendered":"C\u00f3rdoba recibe el Mundialito de b\u00e1squetbol de categor\u00edas formativas, un mega torneo con 1.500 participantes de cinco pa\u00edses de Sudam\u00e9rica"},"content":{"rendered":"\n<p>Desde el viernes 4 al domingo 6 de octubre de 2024, la ciudad de C\u00f3rdoba, Argentina, ser\u00e1 sede del <strong>Mundialito de b\u00e1squetbol de mini y categor\u00edas formativas<\/strong>. El mega torneo que organiza la agencia <strong>Esquerra <\/strong>contar\u00e1 con la participaci\u00f3n de <strong>equipos de Argentina, Chile, Uruguay, Paraguay y Bolivia<\/strong>, y tendr\u00e1 algunas cifras impactantes: ser\u00e1n alrededor de <strong>1.500 participantes<\/strong> (entre jugadores de ambos sexos, entrenadores y delegados) que disputar\u00e1n <strong>201 partidos<\/strong> de <strong>11 categor\u00edas<\/strong> en 13 canchas de <strong>10 clubes<\/strong>.<\/p>\n\n\n\n<p>\u00c9ste ser\u00e1 el <strong>evento m\u00e1s grande de Esquerra<\/strong> <strong>en 2024<\/strong>, que tambi\u00e9n organiza cert\u00e1menes de v\u00f3leibol, hockey sobre c\u00e9sped y f\u00fatbol. <\/p>\n\n\n\n<figure class=\"wp-block-image size-large\"><img fetchpriority=\"high\" decoding=\"async\" width=\"1024\" height=\"1024\" src=\"https:\/\/esquerra.com.ar\/basquet\/wp-content\/uploads\/2024\/10\/Mundialito-1-1024x1024.jpg\" alt=\"\" class=\"wp-image-2164\" srcset=\"https:\/\/esquerra.com.ar\/basquet\/wp-content\/uploads\/2024\/10\/Mundialito-1-1024x1024.jpg 1024w, https:\/\/esquerra.com.ar\/basquet\/wp-content\/uploads\/2024\/10\/Mundialito-1-300x300.jpg 300w, https:\/\/esquerra.com.ar\/basquet\/wp-content\/uploads\/2024\/10\/Mundialito-1-150x150.jpg 150w, https:\/\/esquerra.com.ar\/basquet\/wp-content\/uploads\/2024\/10\/Mundialito-1-768x768.jpg 768w, https:\/\/esquerra.com.ar\/basquet\/wp-content\/uploads\/2024\/10\/Mundialito-1-128x128.jpg 128w, https:\/\/esquerra.com.ar\/basquet\/wp-content\/uploads\/2024\/10\/Mundialito-1-32x32.jpg 32w, https:\/\/esquerra.com.ar\/basquet\/wp-content\/uploads\/2024\/10\/Mundialito-1.jpg 1080w\" sizes=\"(max-width: 1024px) 100vw, 1024px\" \/><\/figure>\n\n\n\n<p>La agencia es liderada por <strong>Gustavo \u00abZurdo\u00bb Miravet<\/strong>, entrenador cordob\u00e9s que dirigi\u00f3 clubes de Liga Nacional y TNA (hoy Liga Argentina), y <strong>Mariano \u00abGarra\u00bb Garc\u00eda<\/strong>, exbasquetbolista de equipos de Liga Nacional y TNA.<\/p>\n\n\n\n<p>La organizaci\u00f3n del Mundialito de categor\u00edas formativas incluye el <strong>trabajo articulado de 120 personas involucradas de manera directa<\/strong>: miembros del staff central de Esquerra, coordinadores de cancha, \u00e1rbitros oficiales, planilleros, m\u00e9dicos, param\u00e9dicos, fot\u00f3grafos profesionales y encargados de prensa, redes sociales y streaming, entre otras \u00e1reas. <\/p>\n\n\n\n<p>Asimismo, <strong>otras 50 personas brindan servicios de manera indirecta<\/strong>, para darle forma a un evento que seguramente ser\u00e1 inolvidable para sus participantes.<\/p>\n\n\n\n<blockquote class=\"wp-block-quote is-layout-flow wp-block-quote-is-layout-flow\">\n<p>El mega torneo tendr\u00e1 11 categor\u00edas: U10 mixto, U12 mixto, U14 masculino y U14 femenino, U16 masculino y U16 femenino, y U13, U15, U17, U18 y U20 masculino.<\/p>\n<\/blockquote>\n\n\n\n<p>Los 201 partidos tendr\u00e1n como escenarios los siguientes clubes: <\/p>\n\n\n\n<ul class=\"wp-block-list\">\n<li>Hind\u00fa (dos canchas)<\/li>\n\n\n\n<li>Barrio Maip\u00fa<\/li>\n\n\n\n<li>Racing<\/li>\n\n\n\n<li>Uni\u00f3n El\u00e9ctrica<\/li>\n\n\n\n<li>Juniors<\/li>\n\n\n\n<li>Empalme<\/li>\n\n\n\n<li>Poeta Lugones<\/li>\n\n\n\n<li>Talleres (dos canchas)<\/li>\n\n\n\n<li>Matienzo <\/li>\n\n\n\n<li>Rieles Argentinos (dos canchas)<\/li>\n<\/ul>\n\n\n\n<figure class=\"wp-block-image size-large\"><img decoding=\"async\" width=\"1024\" height=\"683\" src=\"https:\/\/esquerra.com.ar\/basquet\/wp-content\/uploads\/2024\/10\/Mundialito-2023-1-1024x683.jpg\" alt=\"\" class=\"wp-image-2150\" srcset=\"https:\/\/esquerra.com.ar\/basquet\/wp-content\/uploads\/2024\/10\/Mundialito-2023-1-1024x683.jpg 1024w, https:\/\/esquerra.com.ar\/basquet\/wp-content\/uploads\/2024\/10\/Mundialito-2023-1-300x200.jpg 300w, https:\/\/esquerra.com.ar\/basquet\/wp-content\/uploads\/2024\/10\/Mundialito-2023-1-768x512.jpg 768w, https:\/\/esquerra.com.ar\/basquet\/wp-content\/uploads\/2024\/10\/Mundialito-2023-1-1536x1024.jpg 1536w, https:\/\/esquerra.com.ar\/basquet\/wp-content\/uploads\/2024\/10\/Mundialito-2023-1-128x85.jpg 128w, https:\/\/esquerra.com.ar\/basquet\/wp-content\/uploads\/2024\/10\/Mundialito-2023-1-32x21.jpg 32w, https:\/\/esquerra.com.ar\/basquet\/wp-content\/uploads\/2024\/10\/Mundialito-2023-1-930x620.jpg 930w, https:\/\/esquerra.com.ar\/basquet\/wp-content\/uploads\/2024\/10\/Mundialito-2023-1.jpg 2048w\" sizes=\"(max-width: 1024px) 100vw, 1024px\" \/><\/figure>\n\n\n\n<p>Entre los 1.500 visitantes, que le dar\u00e1n impulso al deporte, el turismo y la gastronom\u00eda cordobesas, habr\u00e1 <strong>siete clubes uruguayos, cinco chilenos, un equipo paraguayo y otro boliviano<\/strong>. <\/p>\n\n\n\n<p>De Argentina, en tanto, llegar\u00e1n delegaciones de cinco provincias: <strong>Mendoza, Neuqu\u00e9n, Catamarca, San Luis y Tierra del Fuego<\/strong>. Por \u00faltimo, C\u00f3rdoba tendr\u00e1 representantes de la ciudad capital y de Monte Cristo.<\/p>\n\n\n\n<blockquote class=\"wp-block-quote is-layout-flow wp-block-quote-is-layout-flow\">\n<p>Como todos los eventos deportivos que lleva adelante Esquerra, el Mundialito de b\u00e1squetbol de categor\u00edas formativas tendr\u00e1 resultados y posiciones actualizados de manera inmediata (<a href=\"https:\/\/linkea.ar\/esquerradeportes\" target=\"_blank\" rel=\"noopener\">https:\/\/linkea.ar\/esquerradeportes<\/a>), coberturas en redes sociales (Instagram, Tik Tok y Facebook), streaming en vivo de todos los partidos en su canal de YouTube, fot\u00f3grafos en cada cancha y res\u00famenes de cada jornada en su sitio web.<\/p>\n<\/blockquote>\n\n\n\n<figure class=\"wp-block-image size-large\"><img decoding=\"async\" width=\"1024\" height=\"683\" src=\"https:\/\/esquerra.com.ar\/basquet\/wp-content\/uploads\/2024\/10\/Mundialito-2023-3-1024x683.jpg\" alt=\"\" class=\"wp-image-2151\" srcset=\"https:\/\/esquerra.com.ar\/basquet\/wp-content\/uploads\/2024\/10\/Mundialito-2023-3-1024x683.jpg 1024w, https:\/\/esquerra.com.ar\/basquet\/wp-content\/uploads\/2024\/10\/Mundialito-2023-3-300x200.jpg 300w, https:\/\/esquerra.com.ar\/basquet\/wp-content\/uploads\/2024\/10\/Mundialito-2023-3-768x512.jpg 768w, https:\/\/esquerra.com.ar\/basquet\/wp-content\/uploads\/2024\/10\/Mundialito-2023-3-1536x1024.jpg 1536w, https:\/\/esquerra.com.ar\/basquet\/wp-content\/uploads\/2024\/10\/Mundialito-2023-3-128x85.jpg 128w, https:\/\/esquerra.com.ar\/basquet\/wp-content\/uploads\/2024\/10\/Mundialito-2023-3-32x21.jpg 32w, https:\/\/esquerra.com.ar\/basquet\/wp-content\/uploads\/2024\/10\/Mundialito-2023-3-930x620.jpg 930w, https:\/\/esquerra.com.ar\/basquet\/wp-content\/uploads\/2024\/10\/Mundialito-2023-3.jpg 1620w\" sizes=\"(max-width: 1024px) 100vw, 1024px\" \/><\/figure>\n\n\n\n<p>\ud83d\ude32\ud83d\udca5 <strong>CIFRAS SORPRENDENTES<\/strong> \ud83d\udca5\ud83d\ude32<\/p>\n\n\n\n<ul class=\"wp-block-list\">\n<li>1.500 participantes<\/li>\n\n\n\n<li>201 partidos<\/li>\n\n\n\n<li>11 categor\u00edas&nbsp;<\/li>\n\n\n\n<li>13 canchas en 10 clubes<\/li>\n\n\n\n<li>14 delegaciones extranjeras: Uruguay, Chile, Paraguay y Bolivia<\/li>\n\n\n\n<li>5 equipos de otras provincias de Argentina<\/li>\n\n\n\n<li>7 equipos de C\u00f3rdoba <\/li>\n\n\n\n<li>93 planteles<\/li>\n<\/ul>\n\n\n\n<figure class=\"wp-block-gallery has-nested-images columns-default is-cropped wp-block-gallery-1 is-layout-flex wp-block-gallery-is-layout-flex\">\n<figure class=\"wp-block-image size-large\"><img loading=\"lazy\" decoding=\"async\" width=\"1024\" height=\"1024\" data-id=\"2140\" src=\"https:\/\/esquerra.com.ar\/basquet\/wp-content\/uploads\/2024\/10\/Mundialitos-Estadios-0-1024x1024.jpg\" alt=\"\" class=\"wp-image-2140\" srcset=\"https:\/\/esquerra.com.ar\/basquet\/wp-content\/uploads\/2024\/10\/Mundialitos-Estadios-0-1024x1024.jpg 1024w, https:\/\/esquerra.com.ar\/basquet\/wp-content\/uploads\/2024\/10\/Mundialitos-Estadios-0-300x300.jpg 300w, https:\/\/esquerra.com.ar\/basquet\/wp-content\/uploads\/2024\/10\/Mundialitos-Estadios-0-150x150.jpg 150w, https:\/\/esquerra.com.ar\/basquet\/wp-content\/uploads\/2024\/10\/Mundialitos-Estadios-0-768x768.jpg 768w, https:\/\/esquerra.com.ar\/basquet\/wp-content\/uploads\/2024\/10\/Mundialitos-Estadios-0-128x128.jpg 128w, https:\/\/esquerra.com.ar\/basquet\/wp-content\/uploads\/2024\/10\/Mundialitos-Estadios-0-32x32.jpg 32w, https:\/\/esquerra.com.ar\/basquet\/wp-content\/uploads\/2024\/10\/Mundialitos-Estadios-0.jpg 1080w\" sizes=\"(max-width: 1024px) 100vw, 1024px\" \/><\/figure>\n\n\n\n<figure class=\"wp-block-image size-large\"><img loading=\"lazy\" decoding=\"async\" width=\"1024\" height=\"1024\" data-id=\"2135\" src=\"https:\/\/esquerra.com.ar\/basquet\/wp-content\/uploads\/2024\/10\/Mundialitos-Estadios-1-1024x1024.jpg\" alt=\"\" class=\"wp-image-2135\" srcset=\"https:\/\/esquerra.com.ar\/basquet\/wp-content\/uploads\/2024\/10\/Mundialitos-Estadios-1-1024x1024.jpg 1024w, https:\/\/esquerra.com.ar\/basquet\/wp-content\/uploads\/2024\/10\/Mundialitos-Estadios-1-300x300.jpg 300w, https:\/\/esquerra.com.ar\/basquet\/wp-content\/uploads\/2024\/10\/Mundialitos-Estadios-1-150x150.jpg 150w, https:\/\/esquerra.com.ar\/basquet\/wp-content\/uploads\/2024\/10\/Mundialitos-Estadios-1-768x768.jpg 768w, https:\/\/esquerra.com.ar\/basquet\/wp-content\/uploads\/2024\/10\/Mundialitos-Estadios-1-128x128.jpg 128w, https:\/\/esquerra.com.ar\/basquet\/wp-content\/uploads\/2024\/10\/Mundialitos-Estadios-1-32x32.jpg 32w, https:\/\/esquerra.com.ar\/basquet\/wp-content\/uploads\/2024\/10\/Mundialitos-Estadios-1.jpg 1080w\" sizes=\"(max-width: 1024px) 100vw, 1024px\" \/><\/figure>\n\n\n\n<figure class=\"wp-block-image size-large\"><img loading=\"lazy\" decoding=\"async\" width=\"1024\" height=\"1024\" data-id=\"2130\" src=\"https:\/\/esquerra.com.ar\/basquet\/wp-content\/uploads\/2024\/10\/Mundialitos-Estadios-2-1024x1024.jpg\" alt=\"\" class=\"wp-image-2130\" srcset=\"https:\/\/esquerra.com.ar\/basquet\/wp-content\/uploads\/2024\/10\/Mundialitos-Estadios-2-1024x1024.jpg 1024w, https:\/\/esquerra.com.ar\/basquet\/wp-content\/uploads\/2024\/10\/Mundialitos-Estadios-2-300x300.jpg 300w, https:\/\/esquerra.com.ar\/basquet\/wp-content\/uploads\/2024\/10\/Mundialitos-Estadios-2-150x150.jpg 150w, https:\/\/esquerra.com.ar\/basquet\/wp-content\/uploads\/2024\/10\/Mundialitos-Estadios-2-768x768.jpg 768w, https:\/\/esquerra.com.ar\/basquet\/wp-content\/uploads\/2024\/10\/Mundialitos-Estadios-2-128x128.jpg 128w, https:\/\/esquerra.com.ar\/basquet\/wp-content\/uploads\/2024\/10\/Mundialitos-Estadios-2-32x32.jpg 32w, https:\/\/esquerra.com.ar\/basquet\/wp-content\/uploads\/2024\/10\/Mundialitos-Estadios-2.jpg 1080w\" sizes=\"(max-width: 1024px) 100vw, 1024px\" \/><\/figure>\n\n\n\n<figure class=\"wp-block-image size-large\"><img loading=\"lazy\" decoding=\"async\" width=\"1024\" height=\"1024\" data-id=\"2137\" src=\"https:\/\/esquerra.com.ar\/basquet\/wp-content\/uploads\/2024\/10\/Mundialitos-Estadios-3-1024x1024.jpg\" alt=\"\" class=\"wp-image-2137\" srcset=\"https:\/\/esquerra.com.ar\/basquet\/wp-content\/uploads\/2024\/10\/Mundialitos-Estadios-3-1024x1024.jpg 1024w, https:\/\/esquerra.com.ar\/basquet\/wp-content\/uploads\/2024\/10\/Mundialitos-Estadios-3-300x300.jpg 300w, https:\/\/esquerra.com.ar\/basquet\/wp-content\/uploads\/2024\/10\/Mundialitos-Estadios-3-150x150.jpg 150w, https:\/\/esquerra.com.ar\/basquet\/wp-content\/uploads\/2024\/10\/Mundialitos-Estadios-3-768x768.jpg 768w, https:\/\/esquerra.com.ar\/basquet\/wp-content\/uploads\/2024\/10\/Mundialitos-Estadios-3-128x128.jpg 128w, https:\/\/esquerra.com.ar\/basquet\/wp-content\/uploads\/2024\/10\/Mundialitos-Estadios-3-32x32.jpg 32w, https:\/\/esquerra.com.ar\/basquet\/wp-content\/uploads\/2024\/10\/Mundialitos-Estadios-3.jpg 1080w\" sizes=\"(max-width: 1024px) 100vw, 1024px\" \/><\/figure>\n\n\n\n<figure class=\"wp-block-image size-large\"><img loading=\"lazy\" decoding=\"async\" width=\"1024\" height=\"1024\" data-id=\"2134\" src=\"https:\/\/esquerra.com.ar\/basquet\/wp-content\/uploads\/2024\/10\/Mundialitos-Estadios-4-1024x1024.jpg\" alt=\"\" class=\"wp-image-2134\" srcset=\"https:\/\/esquerra.com.ar\/basquet\/wp-content\/uploads\/2024\/10\/Mundialitos-Estadios-4-1024x1024.jpg 1024w, https:\/\/esquerra.com.ar\/basquet\/wp-content\/uploads\/2024\/10\/Mundialitos-Estadios-4-300x300.jpg 300w, https:\/\/esquerra.com.ar\/basquet\/wp-content\/uploads\/2024\/10\/Mundialitos-Estadios-4-150x150.jpg 150w, https:\/\/esquerra.com.ar\/basquet\/wp-content\/uploads\/2024\/10\/Mundialitos-Estadios-4-768x768.jpg 768w, https:\/\/esquerra.com.ar\/basquet\/wp-content\/uploads\/2024\/10\/Mundialitos-Estadios-4-128x128.jpg 128w, https:\/\/esquerra.com.ar\/basquet\/wp-content\/uploads\/2024\/10\/Mundialitos-Estadios-4-32x32.jpg 32w, https:\/\/esquerra.com.ar\/basquet\/wp-content\/uploads\/2024\/10\/Mundialitos-Estadios-4.jpg 1080w\" sizes=\"(max-width: 1024px) 100vw, 1024px\" \/><\/figure>\n\n\n\n<figure class=\"wp-block-image size-large\"><img loading=\"lazy\" decoding=\"async\" width=\"1024\" height=\"1024\" data-id=\"2138\" src=\"https:\/\/esquerra.com.ar\/basquet\/wp-content\/uploads\/2024\/10\/Mundialitos-Estadios-5-1024x1024.jpg\" alt=\"\" class=\"wp-image-2138\" srcset=\"https:\/\/esquerra.com.ar\/basquet\/wp-content\/uploads\/2024\/10\/Mundialitos-Estadios-5-1024x1024.jpg 1024w, https:\/\/esquerra.com.ar\/basquet\/wp-content\/uploads\/2024\/10\/Mundialitos-Estadios-5-300x300.jpg 300w, https:\/\/esquerra.com.ar\/basquet\/wp-content\/uploads\/2024\/10\/Mundialitos-Estadios-5-150x150.jpg 150w, https:\/\/esquerra.com.ar\/basquet\/wp-content\/uploads\/2024\/10\/Mundialitos-Estadios-5-768x768.jpg 768w, https:\/\/esquerra.com.ar\/basquet\/wp-content\/uploads\/2024\/10\/Mundialitos-Estadios-5-128x128.jpg 128w, https:\/\/esquerra.com.ar\/basquet\/wp-content\/uploads\/2024\/10\/Mundialitos-Estadios-5-32x32.jpg 32w, https:\/\/esquerra.com.ar\/basquet\/wp-content\/uploads\/2024\/10\/Mundialitos-Estadios-5.jpg 1080w\" sizes=\"(max-width: 1024px) 100vw, 1024px\" \/><\/figure>\n\n\n\n<figure class=\"wp-block-image size-large\"><img loading=\"lazy\" decoding=\"async\" width=\"1024\" height=\"1024\" data-id=\"2136\" src=\"https:\/\/esquerra.com.ar\/basquet\/wp-content\/uploads\/2024\/10\/Mundialitos-Estadios-6-1024x1024.jpg\" alt=\"\" class=\"wp-image-2136\" srcset=\"https:\/\/esquerra.com.ar\/basquet\/wp-content\/uploads\/2024\/10\/Mundialitos-Estadios-6-1024x1024.jpg 1024w, https:\/\/esquerra.com.ar\/basquet\/wp-content\/uploads\/2024\/10\/Mundialitos-Estadios-6-300x300.jpg 300w, https:\/\/esquerra.com.ar\/basquet\/wp-content\/uploads\/2024\/10\/Mundialitos-Estadios-6-150x150.jpg 150w, https:\/\/esquerra.com.ar\/basquet\/wp-content\/uploads\/2024\/10\/Mundialitos-Estadios-6-768x768.jpg 768w, https:\/\/esquerra.com.ar\/basquet\/wp-content\/uploads\/2024\/10\/Mundialitos-Estadios-6-128x128.jpg 128w, https:\/\/esquerra.com.ar\/basquet\/wp-content\/uploads\/2024\/10\/Mundialitos-Estadios-6-32x32.jpg 32w, https:\/\/esquerra.com.ar\/basquet\/wp-content\/uploads\/2024\/10\/Mundialitos-Estadios-6.jpg 1080w\" sizes=\"(max-width: 1024px) 100vw, 1024px\" \/><\/figure>\n\n\n\n<figure class=\"wp-block-image size-large\"><img loading=\"lazy\" decoding=\"async\" width=\"1024\" height=\"1024\" data-id=\"2133\" src=\"https:\/\/esquerra.com.ar\/basquet\/wp-content\/uploads\/2024\/10\/Mundialitos-Estadios-7-1024x1024.jpg\" alt=\"\" class=\"wp-image-2133\" srcset=\"https:\/\/esquerra.com.ar\/basquet\/wp-content\/uploads\/2024\/10\/Mundialitos-Estadios-7-1024x1024.jpg 1024w, https:\/\/esquerra.com.ar\/basquet\/wp-content\/uploads\/2024\/10\/Mundialitos-Estadios-7-300x300.jpg 300w, https:\/\/esquerra.com.ar\/basquet\/wp-content\/uploads\/2024\/10\/Mundialitos-Estadios-7-150x150.jpg 150w, https:\/\/esquerra.com.ar\/basquet\/wp-content\/uploads\/2024\/10\/Mundialitos-Estadios-7-768x768.jpg 768w, https:\/\/esquerra.com.ar\/basquet\/wp-content\/uploads\/2024\/10\/Mundialitos-Estadios-7-128x128.jpg 128w, https:\/\/esquerra.com.ar\/basquet\/wp-content\/uploads\/2024\/10\/Mundialitos-Estadios-7-32x32.jpg 32w, https:\/\/esquerra.com.ar\/basquet\/wp-content\/uploads\/2024\/10\/Mundialitos-Estadios-7.jpg 1080w\" sizes=\"(max-width: 1024px) 100vw, 1024px\" \/><\/figure>\n\n\n\n<figure class=\"wp-block-image size-large\"><img loading=\"lazy\" decoding=\"async\" width=\"1024\" height=\"1024\" data-id=\"2131\" src=\"https:\/\/esquerra.com.ar\/basquet\/wp-content\/uploads\/2024\/10\/Mundialitos-Estadios-8-1024x1024.jpg\" alt=\"\" class=\"wp-image-2131\" srcset=\"https:\/\/esquerra.com.ar\/basquet\/wp-content\/uploads\/2024\/10\/Mundialitos-Estadios-8-1024x1024.jpg 1024w, https:\/\/esquerra.com.ar\/basquet\/wp-content\/uploads\/2024\/10\/Mundialitos-Estadios-8-300x300.jpg 300w, https:\/\/esquerra.com.ar\/basquet\/wp-content\/uploads\/2024\/10\/Mundialitos-Estadios-8-150x150.jpg 150w, https:\/\/esquerra.com.ar\/basquet\/wp-content\/uploads\/2024\/10\/Mundialitos-Estadios-8-768x768.jpg 768w, https:\/\/esquerra.com.ar\/basquet\/wp-content\/uploads\/2024\/10\/Mundialitos-Estadios-8-128x128.jpg 128w, https:\/\/esquerra.com.ar\/basquet\/wp-content\/uploads\/2024\/10\/Mundialitos-Estadios-8-32x32.jpg 32w, https:\/\/esquerra.com.ar\/basquet\/wp-content\/uploads\/2024\/10\/Mundialitos-Estadios-8.jpg 1080w\" sizes=\"(max-width: 1024px) 100vw, 1024px\" \/><\/figure>\n\n\n\n<figure class=\"wp-block-image size-large\"><img loading=\"lazy\" decoding=\"async\" width=\"1024\" height=\"1024\" data-id=\"2132\" src=\"https:\/\/esquerra.com.ar\/basquet\/wp-content\/uploads\/2024\/10\/Mundialitos-Estadios-9-1024x1024.jpg\" alt=\"\" class=\"wp-image-2132\" srcset=\"https:\/\/esquerra.com.ar\/basquet\/wp-content\/uploads\/2024\/10\/Mundialitos-Estadios-9-1024x1024.jpg 1024w, https:\/\/esquerra.com.ar\/basquet\/wp-content\/uploads\/2024\/10\/Mundialitos-Estadios-9-300x300.jpg 300w, https:\/\/esquerra.com.ar\/basquet\/wp-content\/uploads\/2024\/10\/Mundialitos-Estadios-9-150x150.jpg 150w, https:\/\/esquerra.com.ar\/basquet\/wp-content\/uploads\/2024\/10\/Mundialitos-Estadios-9-768x768.jpg 768w, https:\/\/esquerra.com.ar\/basquet\/wp-content\/uploads\/2024\/10\/Mundialitos-Estadios-9-128x128.jpg 128w, https:\/\/esquerra.com.ar\/basquet\/wp-content\/uploads\/2024\/10\/Mundialitos-Estadios-9-32x32.jpg 32w, https:\/\/esquerra.com.ar\/basquet\/wp-content\/uploads\/2024\/10\/Mundialitos-Estadios-9.jpg 1080w\" sizes=\"(max-width: 1024px) 100vw, 1024px\" \/><\/figure>\n\n\n\n<figure class=\"wp-block-image size-large\"><img loading=\"lazy\" decoding=\"async\" width=\"1024\" height=\"1024\" data-id=\"2139\" src=\"https:\/\/esquerra.com.ar\/basquet\/wp-content\/uploads\/2024\/10\/Mundialitos-Estadios-10-1024x1024.jpg\" alt=\"\" class=\"wp-image-2139\" srcset=\"https:\/\/esquerra.com.ar\/basquet\/wp-content\/uploads\/2024\/10\/Mundialitos-Estadios-10-1024x1024.jpg 1024w, https:\/\/esquerra.com.ar\/basquet\/wp-content\/uploads\/2024\/10\/Mundialitos-Estadios-10-300x300.jpg 300w, https:\/\/esquerra.com.ar\/basquet\/wp-content\/uploads\/2024\/10\/Mundialitos-Estadios-10-150x150.jpg 150w, https:\/\/esquerra.com.ar\/basquet\/wp-content\/uploads\/2024\/10\/Mundialitos-Estadios-10-768x768.jpg 768w, https:\/\/esquerra.com.ar\/basquet\/wp-content\/uploads\/2024\/10\/Mundialitos-Estadios-10-128x128.jpg 128w, https:\/\/esquerra.com.ar\/basquet\/wp-content\/uploads\/2024\/10\/Mundialitos-Estadios-10-32x32.jpg 32w, https:\/\/esquerra.com.ar\/basquet\/wp-content\/uploads\/2024\/10\/Mundialitos-Estadios-10.jpg 1080w\" sizes=\"(max-width: 1024px) 100vw, 1024px\" \/><\/figure>\n\n\n\n<figure class=\"wp-block-image size-large\"><img loading=\"lazy\" decoding=\"async\" width=\"1024\" height=\"1024\" data-id=\"2141\" src=\"https:\/\/esquerra.com.ar\/basquet\/wp-content\/uploads\/2024\/10\/Mundialito-1024x1024.jpg\" alt=\"\" class=\"wp-image-2141\" srcset=\"https:\/\/esquerra.com.ar\/basquet\/wp-content\/uploads\/2024\/10\/Mundialito-1024x1024.jpg 1024w, https:\/\/esquerra.com.ar\/basquet\/wp-content\/uploads\/2024\/10\/Mundialito-300x300.jpg 300w, https:\/\/esquerra.com.ar\/basquet\/wp-content\/uploads\/2024\/10\/Mundialito-150x150.jpg 150w, https:\/\/esquerra.com.ar\/basquet\/wp-content\/uploads\/2024\/10\/Mundialito-768x768.jpg 768w, https:\/\/esquerra.com.ar\/basquet\/wp-content\/uploads\/2024\/10\/Mundialito-128x128.jpg 128w, https:\/\/esquerra.com.ar\/basquet\/wp-content\/uploads\/2024\/10\/Mundialito-32x32.jpg 32w, https:\/\/esquerra.com.ar\/basquet\/wp-content\/uploads\/2024\/10\/Mundialito.jpg 1080w\" sizes=\"(max-width: 1024px) 100vw, 1024px\" \/><\/figure>\n<\/figure>\n\n\n\n<p><\/p>\n\n\n\n<p style=\"font-size:20px\"><strong>EQUIPOS EXTRANJEROS<\/strong><\/p>\n\n\n\n<p>\ud83c\uddfa\ud83c\uddfe <strong>DE URUGUAY<\/strong> \ud83c\uddfa\ud83c\uddfe<\/p>\n\n\n\n<ul class=\"wp-block-list\">\n<li>San Telmo (Montevideo)<\/li>\n\n\n\n<li>Salto Uruguay (Salto)<\/li>\n\n\n\n<li>Social Larra\u00f1aga (Montevideo)<\/li>\n\n\n\n<li>Tabar\u00e9 (Montevideo)<\/li>\n\n\n\n<li>Olivol Mundial (Montevideo)<\/li>\n\n\n\n<li>Florida (Florida)<\/li>\n\n\n\n<li>Sarand\u00ed Universitario (Rivera)<\/li>\n<\/ul>\n\n\n\n<p>\ud83c\udde8\ud83c\uddf1 <strong>DE CHILE<\/strong> \ud83c\udde8\ud83c\uddf1<\/p>\n\n\n\n<ul class=\"wp-block-list\">\n<li>New Crusaders (Valpara\u00edso)<\/li>\n\n\n\n<li>Deportivo Famach (Copiap\u00f3)<\/li>\n\n\n\n<li>Fenixrancur (Curic\u00f3)<\/li>\n\n\n\n<li>San Felipe (San Felipe)<\/li>\n\n\n\n<li>Provincial Linares (Linares)<\/li>\n<\/ul>\n\n\n\n<p>\ud83c\udde7\ud83c\uddf4 <strong>DE BOLIVIA<\/strong> \ud83c\udde7\ud83c\uddf4<\/p>\n\n\n\n<ul class=\"wp-block-list\">\n<li>El Dorado (El Dorado)<\/li>\n<\/ul>\n\n\n\n<p>\ud83c\uddf5\ud83c\uddfe <strong>DE PARAGUAY<\/strong> \ud83c\uddf5\ud83c\uddfe<\/p>\n\n\n\n<ul class=\"wp-block-list\">\n<li>Pumas Campo 9 (Campo 9)<\/li>\n<\/ul>\n\n\n\n<figure class=\"wp-block-gallery has-nested-images columns-default is-cropped wp-block-gallery-2 is-layout-flex wp-block-gallery-is-layout-flex\">\n<figure class=\"wp-block-image size-large\"><img loading=\"lazy\" decoding=\"async\" width=\"1024\" height=\"1024\" data-id=\"2169\" src=\"https:\/\/esquerra.com.ar\/basquet\/wp-content\/uploads\/2024\/10\/01-1024x1024.png\" alt=\"\" class=\"wp-image-2169\" srcset=\"https:\/\/esquerra.com.ar\/basquet\/wp-content\/uploads\/2024\/10\/01-1024x1024.png 1024w, https:\/\/esquerra.com.ar\/basquet\/wp-content\/uploads\/2024\/10\/01-300x300.png 300w, https:\/\/esquerra.com.ar\/basquet\/wp-content\/uploads\/2024\/10\/01-150x150.png 150w, https:\/\/esquerra.com.ar\/basquet\/wp-content\/uploads\/2024\/10\/01-768x768.png 768w, https:\/\/esquerra.com.ar\/basquet\/wp-content\/uploads\/2024\/10\/01-128x128.png 128w, https:\/\/esquerra.com.ar\/basquet\/wp-content\/uploads\/2024\/10\/01-32x32.png 32w, https:\/\/esquerra.com.ar\/basquet\/wp-content\/uploads\/2024\/10\/01.png 1080w\" sizes=\"(max-width: 1024px) 100vw, 1024px\" \/><\/figure>\n\n\n\n<figure class=\"wp-block-image size-large\"><img loading=\"lazy\" decoding=\"async\" width=\"1024\" height=\"1024\" data-id=\"2143\" src=\"https:\/\/esquerra.com.ar\/basquet\/wp-content\/uploads\/2024\/10\/Participantes-2-1024x1024.jpg\" alt=\"\" class=\"wp-image-2143\" srcset=\"https:\/\/esquerra.com.ar\/basquet\/wp-content\/uploads\/2024\/10\/Participantes-2-1024x1024.jpg 1024w, https:\/\/esquerra.com.ar\/basquet\/wp-content\/uploads\/2024\/10\/Participantes-2-300x300.jpg 300w, https:\/\/esquerra.com.ar\/basquet\/wp-content\/uploads\/2024\/10\/Participantes-2-150x150.jpg 150w, https:\/\/esquerra.com.ar\/basquet\/wp-content\/uploads\/2024\/10\/Participantes-2-768x768.jpg 768w, https:\/\/esquerra.com.ar\/basquet\/wp-content\/uploads\/2024\/10\/Participantes-2-128x128.jpg 128w, https:\/\/esquerra.com.ar\/basquet\/wp-content\/uploads\/2024\/10\/Participantes-2-32x32.jpg 32w, https:\/\/esquerra.com.ar\/basquet\/wp-content\/uploads\/2024\/10\/Participantes-2.jpg 1080w\" sizes=\"(max-width: 1024px) 100vw, 1024px\" \/><\/figure>\n<\/figure>\n\n\n\n<p><\/p>\n\n\n\n<p style=\"font-size:20px\">\ud83c\udde6\ud83c\uddf7 <strong>DE ARGENTINA<\/strong> \ud83c\udde6\ud83c\uddf7<\/p>\n\n\n\n<p style=\"font-size:16px\"><strong>DEL RESTO DEL PA\u00cdS<\/strong><\/p>\n\n\n\n<ul class=\"wp-block-list\">\n<li>Banco Provincia de Mendoza (Mendoza)<\/li>\n\n\n\n<li>Instituto Santa Catalina (San Luis)<\/li>\n\n\n\n<li>Yoppen R\u00edo Grande (Tierra del Fuego)<\/li>\n\n\n\n<li>CEF 9 (San Mart\u00edn de los Andes, Neuqu\u00e9n)<\/li>\n\n\n\n<li>Hind\u00fa BBC (Catamarca)<\/li>\n<\/ul>\n\n\n\n<p><strong>DE C\u00d3RDOBA<\/strong><\/p>\n\n\n\n<ul class=\"wp-block-list\">\n<li>Asociaci\u00f3n Cordobesa de B\u00e1squetbol (C\u00f3rdoba)<\/li>\n\n\n\n<li>Hind\u00fa (C\u00f3rdoba)<\/li>\n\n\n\n<li>Juniors (C\u00f3rdoba)<\/li>\n\n\n\n<li>Uni\u00f3n El\u00e9ctrica (C\u00f3rdoba)<\/li>\n\n\n\n<li>Talleres (C\u00f3rdoba)<\/li>\n\n\n\n<li>Racing (C\u00f3rdoba)<\/li>\n\n\n\n<li>Ingeniero Lucas V\u00e1zquez (Monte Cristo)<\/li>\n<\/ul>\n","protected":false},"excerpt":{"rendered":"<p>Desde el viernes 4 al domingo 6 de octubre de 2024, la ciudad de C\u00f3rdoba, Argentina, ser\u00e1 sede del Mundialito de b\u00e1squetbol de mini y categor\u00edas formativas. El mega torneo que organiza la agencia Esquerra contar\u00e1 con la participaci\u00f3n de equipos de Argentina, Chile, Uruguay, Paraguay y Bolivia, y tendr\u00e1 algunas cifras impactantes: ser\u00e1n alrededor&hellip;&nbsp;<a href=\"https:\/\/esquerra.com.ar\/basquet\/cordoba-recibe-el-mundialito-de-basquetbol-de-categorias-formativas-un-mega-torneo-con-1-500-participantes-de-cinco-paises-de-sudamerica\/\" rel=\"bookmark\">Leer m\u00e1s &raquo;<span class=\"screen-reader-text\">C\u00f3rdoba recibe el Mundialito de b\u00e1squetbol de categor\u00edas formativas, un mega torneo con 1.500 participantes de cinco pa\u00edses de Sudam\u00e9rica<\/span><\/a><\/p>\n","protected":false},"author":3,"featured_media":2149,"comment_status":"closed","ping_status":"closed","sticky":false,"template":"","format":"standard","meta":{"_coblocks_attr":"","_coblocks_dimensions":"","_coblocks_responsive_height":"","_coblocks_accordion_ie_support":"","neve_meta_sidebar":"","neve_meta_container":"","neve_meta_enable_content_width":"","neve_meta_content_width":0,"neve_meta_title_alignment":"","neve_meta_author_avatar":"","neve_post_elements_order":"","neve_meta_disable_header":"","neve_meta_disable_footer":"","neve_meta_disable_title":"","footnotes":""},"categories":[229],"tags":[234,232,233,231,236],"class_list":["post-2126","post","type-post","status-publish","format-standard","has-post-thumbnail","hentry","category-basquet2024","tag-234","tag-basquet","tag-formativas","tag-mundialito","tag-prensa"],"_links":{"self":[{"href":"https:\/\/esquerra.com.ar\/basquet\/wp-json\/wp\/v2\/posts\/2126","targetHints":{"allow":["GET"]}}],"collection":[{"href":"https:\/\/esquerra.com.ar\/basquet\/wp-json\/wp\/v2\/posts"}],"about":[{"href":"https:\/\/esquerra.com.ar\/basquet\/wp-json\/wp\/v2\/types\/post"}],"author":[{"embeddable":true,"href":"https:\/\/esquerra.com.ar\/basquet\/wp-json\/wp\/v2\/users\/3"}],"replies":[{"embeddable":true,"href":"https:\/\/esquerra.com.ar\/basquet\/wp-json\/wp\/v2\/comments?post=2126"}],"version-history":[{"count":18,"href":"https:\/\/esquerra.com.ar\/basquet\/wp-json\/wp\/v2\/posts\/2126\/revisions"}],"predecessor-version":[{"id":2170,"href":"https:\/\/esquerra.com.ar\/basquet\/wp-json\/wp\/v2\/posts\/2126\/revisions\/2170"}],"wp:featuredmedia":[{"embeddable":true,"href":"https:\/\/esquerra.com.ar\/basquet\/wp-json\/wp\/v2\/media\/2149"}],"wp:attachment":[{"href":"https:\/\/esquerra.com.ar\/basquet\/wp-json\/wp\/v2\/media?parent=2126"}],"wp:term":[{"taxonomy":"category","embeddable":true,"href":"https:\/\/esquerra.com.ar\/basquet\/wp-json\/wp\/v2\/categories?post=2126"},{"taxonomy":"post_tag","embeddable":true,"href":"https:\/\/esquerra.com.ar\/basquet\/wp-json\/wp\/v2\/tags?post=2126"}],"curies":[{"name":"wp","href":"https:\/\/api.w.org\/{rel}","templated":true}]}}